{"id":194911,"date":"2014-10-13T15:38:31","date_gmt":"2014-10-13T12:38:31","guid":{"rendered":"https:\/\/analyse.optim.biz\/?p=194911"},"modified":"2014-10-13T15:38:31","modified_gmt":"2014-10-13T12:38:31","slug":"razvan-murgeanu-a-fost-eliberat-din-functia-de-consilier-de-stat-de-la-cotroceni","status":"publish","type":"post","link":"https:\/\/analyse.optim.biz\/?p=194911","title":{"rendered":"R\u0103zvan Murgeanu a fost eliberat din func\u021bia de consilier de stat de la Cotroceni"},"content":{"rendered":"<div class=\"entry data-app-meta data-app-meta-article\" data-embed-base-url-canonical=\"https:\/\/www.digi24.ro\/embed\/stiri\/actualitate\/politica\/razvan-murgeanu-a-fost-eliberat-din-functia-de-consilier-de-stat-de-la-cotroceni-306682\">\n<p data-index=\"1\">Contactat de Digi24, R\u0103zvan Murgeanu a spus c\u0103 p\u0103r\u0103se\u015fte Administra\u0163ia Preziden\u0163ial\u0103 din motive personale, deoarece dore\u015fte s\u0103 se angajeze \u00een domeniul privat, f\u0103r\u0103 nicio leg\u0103tur\u0103 cu mediul politic.<\/p>\n<p data-index=\"2\">R\u0103zvan Murgeanu a fost viceprimar general al Capitalei, iar, \u00een 2004, pentru o scurt\u0103 perioad\u0103, a fost primar general interimar, \u00een locul lui Traian B\u0103sescu, ales pre\u015fedinte al Rom\u00e2niei.<\/p>\n<p data-index=\"3\">Anterior func\u021biei de\u021binute la Cotroceni, R\u0103zvan Murgeanu a fost, \u00een perioada 2009-2013, secretar de stat la Ministerul Dezvolt\u0103rii Regionale \u0219i Turismului.<\/p>\n<\/div>\n<p> Source URL: https:\/\/www.digi24.ro\/stiri\/actualitate\/politica\/razvan-murgeanu-a-fost-eliberat-din-functia-de-consilier-de-stat-de-la-cotroceni-306682<\/p>\n","protected":false},"excerpt":{"rendered":"<p>Contactat de Digi24, R\u0103zvan Murgeanu a spus c\u0103 p\u0103r\u0103se\u015fte Administra\u0163ia Preziden\u0163ial\u0103 din motive personale, deoarece dore\u015fte s\u0103 se angajeze \u00een domeniul privat, f\u0103r\u0103 nicio leg\u0103tur\u0103 cu mediul politic. R\u0103zvan Murgeanu a fost viceprimar general al Capitalei, iar, \u00een 2004, pentru o scurt\u0103 perioad\u0103, a fost primar general interimar, \u00een locul lui Traian B\u0103sescu, ales pre\u015fedinte [&hellip;]<\/p>\n","protected":false},"author":1,"featured_media":194912,"comment_status":"open","ping_status":"","sticky":false,"template":"","format":"standard","meta":{"footnotes":""},"categories":[2],"tags":[11],"class_list":["post-194911","post","type-post","status-publish","format-standard","has-post-thumbnail","hentry","category-politics","tag-digi24"],"_links":{"self":[{"href":"https:\/\/analyse.optim.biz\/index.php?rest_route=\/wp\/v2\/posts\/194911","targetHints":{"allow":["GET"]}}],"collection":[{"href":"https:\/\/analyse.optim.biz\/index.php?rest_route=\/wp\/v2\/posts"}],"about":[{"href":"https:\/\/analyse.optim.biz\/index.php?rest_route=\/wp\/v2\/types\/post"}],"author":[{"embeddable":true,"href":"https:\/\/analyse.optim.biz\/index.php?rest_route=\/wp\/v2\/users\/1"}],"replies":[{"embeddable":true,"href":"https:\/\/analyse.optim.biz\/index.php?rest_route=%2Fwp%2Fv2%2Fcomments&post=194911"}],"version-history":[{"count":0,"href":"https:\/\/analyse.optim.biz\/index.php?rest_route=\/wp\/v2\/posts\/194911\/revisions"}],"wp:featuredmedia":[{"embeddable":true,"href":"https:\/\/analyse.optim.biz\/index.php?rest_route=\/wp\/v2\/media\/194912"}],"wp:attachment":[{"href":"https:\/\/analyse.optim.biz\/index.php?rest_route=%2Fwp%2Fv2%2Fmedia&parent=194911"}],"wp:term":[{"taxonomy":"category","embeddable":true,"href":"https:\/\/analyse.optim.biz\/index.php?rest_route=%2Fwp%2Fv2%2Fcategories&post=194911"},{"taxonomy":"post_tag","embeddable":true,"href":"https:\/\/analyse.optim.biz\/index.php?rest_route=%2Fwp%2Fv2%2Ftags&post=194911"}],"curies":[{"name":"wp","href":"https:\/\/api.w.org\/{rel}","templated":true}]}}