{"id":194908,"date":"2014-10-13T19:48:35","date_gmt":"2014-10-13T16:48:35","guid":{"rendered":"https:\/\/analyse.optim.biz\/?p=194908"},"modified":"2014-10-13T19:48:35","modified_gmt":"2014-10-13T16:48:35","slug":"purtatorul-de-cuvant-al-presedintelui-bogdan-oprea-eliberat-din-functie","status":"publish","type":"post","link":"https:\/\/analyse.optim.biz\/?p=194908","title":{"rendered":"Purt\u0103torul de cuv\u00e2nt al pre\u0219edintelui, Bogdan Oprea, eliberat din func\u021bie"},"content":{"rendered":"<div class=\"entry data-app-meta data-app-meta-article\" data-embed-base-url-canonical=\"https:\/\/www.digi24.ro\/embed\/stiri\/actualitate\/politica\/purtatorul-de-cuvant-al-presedintelui-bogdan-oprea-eliberat-din-functie-306958\">\n<p data-index=\"1\"><img decoding=\"async\" src=\"https:\/\/analyse.optim.biz\/wp-content\/uploads\/2024\/09\/nge3mta5zjazzmrimjc0mtuyztqynddhyq-thumb_.jpg\" data-skip-htmlfix=\"1\" title=\"nge3mta5zjazzmrimjc0mtuyztqynddhyq-thumb_\"><\/p>\n<p data-index=\"2\"><span>Foto: Presidency.ro<\/span><\/p>\n<p data-index=\"3\">Bogdan Oprea a preluat func\u0163ia de purt\u0103tor de cuv\u00e2nt al pre\u015fedintelui B\u0103sescu pe 15 mai 2012, dup\u0103 ce predecesorul s\u0103u, Valeriu Turcan, a demisionat, \u00een luna februarie.<\/p>\n<p data-index=\"4\">Pe 10 iulie 2012, odat\u0103 cu suspendarea din func\u0163ie a pre\u015fedintelui Traian B\u0103sescu, Bogdan Oprea \u015fi-a depus demisia din func\u0163ia de consilier de stat \u015fi coordonator al Departamentului de Comunicare Public\u0103 din Administra\u0163ia Preziden\u0163ial\u0103, aminte\u0219te Mediafax.<\/p>\n<p data-index=\"5\">Oprea a lucrat la campania lui B\u0103sescu pentru referendumul din 29 iulie \u015fi a revenit la Palatul Cotroceni, dup\u0103 ce referendumul de suspendare a \u015fefului statului a fost invalidat.<\/p>\n<p data-index=\"6\">Tot ast\u0103zi, Traian B\u0103sescu<a href=\"https:\/\/www.digi24.ro\/Stiri\/Digi24\/Actualitate\/Politica\/Razvan+Murgeanu+a+fost+eliberat+din+functia+de+consilier+de+stat\" target=\"_blank\" data-skip-linkfix=\"1\" rel=\"noopener\"> a semnat decizia privind eliberarea din func\u021bie a lui R\u0103zvan Murgeanu<\/a>, consilier de stat \u00een cadrul Cancelariei Pre\u015fedintelui.<\/p>\n<p data-index=\"7\">Contactat de Digi24, R\u0103zvan Murgeanu a spus c\u0103 p\u0103r\u0103se\u015fte Administra\u0163ia Preziden\u0163ial\u0103 din motive personale, deoarece dore\u015fte s\u0103 se angajeze \u00een domeniul privat, f\u0103r\u0103 nicio leg\u0103tur\u0103 cu mediul politic.<\/p>\n<\/div>\n<p> Source URL: https:\/\/www.digi24.ro\/stiri\/actualitate\/politica\/purtatorul-de-cuvant-al-presedintelui-bogdan-oprea-eliberat-din-functie-306958<\/p>\n","protected":false},"excerpt":{"rendered":"<p>Foto: Presidency.ro Bogdan Oprea a preluat func\u0163ia de purt\u0103tor de cuv\u00e2nt al pre\u015fedintelui B\u0103sescu pe 15 mai 2012, dup\u0103 ce predecesorul s\u0103u, Valeriu Turcan, a demisionat, \u00een luna februarie. Pe 10 iulie 2012, odat\u0103 cu suspendarea din func\u0163ie a pre\u015fedintelui Traian B\u0103sescu, Bogdan Oprea \u015fi-a depus demisia din func\u0163ia de consilier de stat \u015fi coordonator [&hellip;]<\/p>\n","protected":false},"author":1,"featured_media":194909,"comment_status":"open","ping_status":"","sticky":false,"template":"","format":"standard","meta":{"footnotes":""},"categories":[2],"tags":[11],"class_list":["post-194908","post","type-post","status-publish","format-standard","has-post-thumbnail","hentry","category-politics","tag-digi24"],"_links":{"self":[{"href":"https:\/\/analyse.optim.biz\/index.php?rest_route=\/wp\/v2\/posts\/194908","targetHints":{"allow":["GET"]}}],"collection":[{"href":"https:\/\/analyse.optim.biz\/index.php?rest_route=\/wp\/v2\/posts"}],"about":[{"href":"https:\/\/analyse.optim.biz\/index.php?rest_route=\/wp\/v2\/types\/post"}],"author":[{"embeddable":true,"href":"https:\/\/analyse.optim.biz\/index.php?rest_route=\/wp\/v2\/users\/1"}],"replies":[{"embeddable":true,"href":"https:\/\/analyse.optim.biz\/index.php?rest_route=%2Fwp%2Fv2%2Fcomments&post=194908"}],"version-history":[{"count":0,"href":"https:\/\/analyse.optim.biz\/index.php?rest_route=\/wp\/v2\/posts\/194908\/revisions"}],"wp:featuredmedia":[{"embeddable":true,"href":"https:\/\/analyse.optim.biz\/index.php?rest_route=\/wp\/v2\/media\/194909"}],"wp:attachment":[{"href":"https:\/\/analyse.optim.biz\/index.php?rest_route=%2Fwp%2Fv2%2Fmedia&parent=194908"}],"wp:term":[{"taxonomy":"category","embeddable":true,"href":"https:\/\/analyse.optim.biz\/index.php?rest_route=%2Fwp%2Fv2%2Fcategories&post=194908"},{"taxonomy":"post_tag","embeddable":true,"href":"https:\/\/analyse.optim.biz\/index.php?rest_route=%2Fwp%2Fv2%2Ftags&post=194908"}],"curies":[{"name":"wp","href":"https:\/\/api.w.org\/{rel}","templated":true}]}}