{"id":194800,"date":"2014-10-02T12:04:01","date_gmt":"2014-10-02T09:04:01","guid":{"rendered":"https:\/\/analyse.optim.biz\/?p=194800"},"modified":"2014-10-02T12:04:01","modified_gmt":"2014-10-02T09:04:01","slug":"pregatiri-pentru-alegeri-peste-50-000-de-angajati-ai-mai-angrenati-in-ziua-votului","status":"publish","type":"post","link":"https:\/\/analyse.optim.biz\/?p=194800","title":{"rendered":"Preg\u0103tiri pentru alegeri. Peste 50.000 de angaja\u0163i ai MAI, angrena\u0163i \u00een ziua votului"},"content":{"rendered":"<div class=\"entry data-app-meta data-app-meta-article\" data-embed-base-url-canonical=\"https:\/\/www.digi24.ro\/embed\/stiri\/actualitate\/politica\/pregatiri-pentru-alegeri-peste-50-000-de-angajati-ai-mai-angrenati-in-ziua-votului-301849\">\n<p data-index=\"1\">\u00a0<img decoding=\"async\" src=\"https:\/\/analyse.optim.biz\/wp-content\/uploads\/2024\/09\/mdm0nty0mtg4njyyzjm5mtkyzthjngi5njkzzg-thumb_.jpg\" data-skip-htmlfix=\"1\" title=\"mdm0nty0mtg4njyyzjm5mtkyzthjngi5njkzzg-thumb_\"><\/p>\n<p data-index=\"2\">Viceprim-ministrul pentru securitate na\u0163ional\u0103, ministrul Afacerilor Interne, Gabriel Oprea, a spus, \u00een videoconferin\u0163a cu prefec\u0163ii, c\u0103 dintre cei peste 30.000 de angaja\u0163i MAI care pe perioada campaniei electorale vor fi mobiliza\u0163i, 17.000 sunt poli\u0163i\u015fti, 3.800 poli\u0163i\u015fti de frontier\u0103 \u015fi 10.000 jandarmi.<\/p>\n<p data-index=\"3\">Oprea a precizat c\u0103 \u00een 2 noiembrie vor fi la serviciu peste 50.000 de angaja\u0163i din toate structurile operative ale Ministerului Afacerilor Interne.<\/p>\n<p data-index=\"4\">Vicepremierul a mai spus c\u0103, p\u00e2n\u0103 la finalizarea procesului electoral, niciun angajat al MAI nu va putea s\u0103 \u00ee\u015fi ia concediu \u015fi nici zile libere.<\/p>\n<p data-index=\"5\">&#8220;Urmeaz\u0103 o perioad\u0103 cu multe activit\u0103\u0163i, care impun folosirea eficient\u0103 a resurselor \u015fi a mijloacelor, precum \u015fi o bun\u0103 coordonare la nivelul tuturor structurilor Ministerului Afacerilor Interne&#8221;, a declarat Gabriel Oprea.<\/p>\n<p data-index=\"6\">Ministrul a ad\u0103ugat c\u0103 a aprobat Planul General de M\u0103suri \u00een domeniul ordinii \u015fi siguran\u0163ei publice privind organizarea \u015fi desf\u0103\u015furarea alegerilor, care stabile\u015fte principalele responsabilit\u0103\u0163i \u015fi m\u0103suri ce revin structurilor MAI.<\/p>\n<p data-index=\"7\">\u00cen acest sens, Oprea a explicat c\u0103 principalele responsabilit\u0103\u0163i ale MAI se refer\u0103 la asigurarea materialelor necesare procesului de votare, buletine de vot, \u015ftampile, timbre autocolante, garantarea desf\u0103\u015fur\u0103rii \u00een condi\u0163ii de siguran\u0163\u0103 a diverselor manifest\u0103ri electorale, dar \u015fi paza bunurilor \u015fi obiectivelor implicate \u00een scrutin.<\/p>\n<p data-index=\"8\">Oprea a atras aten\u0163ia prefec\u0163ilor c\u0103 \u00een aceast\u0103 campanie electoral\u0103 legea trebuie respectat\u0103 \u00een raport cu orice competitor politic \u015fi c\u0103 &#8220;nu va tolera nicio abatere de la aceste principii&#8221;.<\/p>\n<p data-index=\"9\">Campanie electoral\u0103 pentru alegerile preziden\u021biale \u00eencepe vineri. Primul tur de scrutin va avea loc in 2 noiembrie, iar al doilea va fi organizat \u00een 16 noiembrie. \u00a0<\/p>\n<\/div>\n<p> Source URL: https:\/\/www.digi24.ro\/stiri\/actualitate\/politica\/pregatiri-pentru-alegeri-peste-50-000-de-angajati-ai-mai-angrenati-in-ziua-votului-301849<\/p>\n","protected":false},"excerpt":{"rendered":"<p>\u00a0 Viceprim-ministrul pentru securitate na\u0163ional\u0103, ministrul Afacerilor Interne, Gabriel Oprea, a spus, \u00een videoconferin\u0163a cu prefec\u0163ii, c\u0103 dintre cei peste 30.000 de angaja\u0163i MAI care pe perioada campaniei electorale vor fi mobiliza\u0163i, 17.000 sunt poli\u0163i\u015fti, 3.800 poli\u0163i\u015fti de frontier\u0103 \u015fi 10.000 jandarmi. Oprea a precizat c\u0103 \u00een 2 noiembrie vor fi la serviciu peste 50.000 [&hellip;]<\/p>\n","protected":false},"author":1,"featured_media":194801,"comment_status":"open","ping_status":"","sticky":false,"template":"","format":"standard","meta":{"footnotes":""},"categories":[2],"tags":[11],"class_list":["post-194800","post","type-post","status-publish","format-standard","has-post-thumbnail","hentry","category-politics","tag-digi24"],"_links":{"self":[{"href":"https:\/\/analyse.optim.biz\/index.php?rest_route=\/wp\/v2\/posts\/194800","targetHints":{"allow":["GET"]}}],"collection":[{"href":"https:\/\/analyse.optim.biz\/index.php?rest_route=\/wp\/v2\/posts"}],"about":[{"href":"https:\/\/analyse.optim.biz\/index.php?rest_route=\/wp\/v2\/types\/post"}],"author":[{"embeddable":true,"href":"https:\/\/analyse.optim.biz\/index.php?rest_route=\/wp\/v2\/users\/1"}],"replies":[{"embeddable":true,"href":"https:\/\/analyse.optim.biz\/index.php?rest_route=%2Fwp%2Fv2%2Fcomments&post=194800"}],"version-history":[{"count":0,"href":"https:\/\/analyse.optim.biz\/index.php?rest_route=\/wp\/v2\/posts\/194800\/revisions"}],"wp:featuredmedia":[{"embeddable":true,"href":"https:\/\/analyse.optim.biz\/index.php?rest_route=\/wp\/v2\/media\/194801"}],"wp:attachment":[{"href":"https:\/\/analyse.optim.biz\/index.php?rest_route=%2Fwp%2Fv2%2Fmedia&parent=194800"}],"wp:term":[{"taxonomy":"category","embeddable":true,"href":"https:\/\/analyse.optim.biz\/index.php?rest_route=%2Fwp%2Fv2%2Fcategories&post=194800"},{"taxonomy":"post_tag","embeddable":true,"href":"https:\/\/analyse.optim.biz\/index.php?rest_route=%2Fwp%2Fv2%2Ftags&post=194800"}],"curies":[{"name":"wp","href":"https:\/\/api.w.org\/{rel}","templated":true}]}}