{"id":194740,"date":"2014-10-16T11:05:06","date_gmt":"2014-10-16T08:05:06","guid":{"rendered":"https:\/\/analyse.optim.biz\/?p=194740"},"modified":"2014-10-16T11:05:06","modified_gmt":"2014-10-16T08:05:06","slug":"presedintia-publica-buletinul-de-analize-medicale-al-sefului-statului-traian-basescu-am-o-singura-boala-am-boala-pe-hoti-si-asta-nu-se-trateaza","status":"publish","type":"post","link":"https:\/\/analyse.optim.biz\/?p=194740","title":{"rendered":"Pre\u0219edin\u021bia public\u0103 buletinul de analize medicale al \u0219efului statului. Traian B\u0103sescu: \u201eAm o singur\u0103 boal\u0103: am boal\u0103 pe ho\u021bi. \u0218i asta nu se trateaz\u0103\u201d"},"content":{"rendered":"<div class=\"entry data-app-meta data-app-meta-article\" data-embed-base-url-canonical=\"https:\/\/www.digi24.ro\/embed\/stiri\/actualitate\/politica\/presedintia-publica-buletinul-de-analize-medicale-al-sefului-statului-traian-basescu-am-o-singura-boala-am-boala-pe-hoti-si-asta-nu-se-trateaza-308266\">\n<p data-index=\"1\"><strong>ACTUALIZARE 12:40<\/strong> Pre\u0219edin\u021bia a dat publicit\u0103\u021bii <a href=\"http:\/\/www.presidency.ro\/static\/Raport_medical_presedintele_Romaniei_domnul_Traian%20Basescu_2014.pdf\" target=\"_blank\" data-skip-linkfix=\"1\" rel=\"noopener\"><strong>raportul medical anual al \u0219efului statului<\/strong><\/a>. \u00a0<\/p>\n<p data-index=\"2\">Traian B\u0103sescu \u015fi-a f\u0103cut public\u0103 fi\u015fa medical\u0103, pentru a pune cap\u0103t specula\u0163iilor legate de diverse afec\u0163iuni grave de care ar suferi. Din analizele \u015fi concluziile medicilor de la Spitalul Militar rezult\u0103 c\u0103 \u015feful statului nu are Parkinson \u015fi nici n-a suferit vreun accident cerebral vascular, a\u015fa cum s-a vehiculat \u00een pres\u0103.\u00a0<\/p>\n<p data-index=\"3\">Cele mai recente date despre starea de s\u0103n\u0103tate a pre\u015fedintelui datau din ianuarie 2013. Atunci, medicii speciali\u015fti au dat asigur\u0103ri c\u0103 Traian B\u0103sescu este apt pentru func\u0163ia pe care o de\u0163ine.\u00a0<\/p>\n<p data-index=\"4\">Pre\u0219edintele are probleme cu coloana \u0219i cu tiroida, afec\u021biuni pentru care a \u0219i fost operat, iar medicii au semnalat \u0219i unele probleme cu tensiunea \u0219i \u00eei recomand\u0103 s\u0103 urmeze un regim alimentar cu mai pu\u021bin\u0103 sare.<\/p>\n<p data-index=\"5\">\u015eeful statului are obliga\u0163ia de a-\u015fi verifica anual starea de s\u0103n\u0103tate, la Spitalul Militar, potrivit unei hot\u0103r\u00e2ri a CSAT. Totu\u015fi, pre\u015fedintele a avut probleme de s\u0103n\u0103tate pe perioada mandatului s\u0103u la Cotroceni.<\/p>\n<p data-index=\"6\"><strong>\u00cen 2006 s-a operat de hernie de disc, la Viena, iar un an mai t\u00e2rziu a fost operat de tiroid\u0103, la Spitalul Militar din Capital\u0103.<\/strong><\/p>\n<p data-index=\"7\">Specula\u021bii despre starea de s\u0103n\u0103tate a pre\u0219edintelui au ap\u0103rut \u0219i \u00een martie 2010, la c\u00e2teva luni dup\u0103 ce c\u00e2\u0219tigase al doilea mandat de pre\u0219edinte. <a href=\"http:\/\/www.mediafax.ro\/cultura-media\/antena-1-si-antena-3-amendate-de-cna-pentru-afirmatiile-lui-c-v-tudor-despre-sanatatea-lui-basescu-5749810\" target=\"_blank\" data-skip-linkfix=\"1\" rel=\"noopener\">CNA a intervenit atunci \u0219i a sanc\u021bionat dou\u0103 posturi de televiziune<\/a>.<\/p>\n<h5><span>Mircea Cintez\u0103: Examenul neurologic exclude un Parkinson, care este o boal\u0103 cu semne foarte clare<\/span><\/h5>\n<p data-index=\"8\">\u201e<span>Este o singur\u0103 concluzie global\u0103 \u0219i anume c\u0103 nu exist\u0103 \u00een investiga\u021biile f\u0103cute publice vreo investiga\u021bie care s\u0103 \u00eempiedice o munc\u0103 normal\u0103. \u00cen acest raport medical sunt examinate majoritatea organelor obi\u0219nuite, ceea ce nu am v\u0103zut eu este un examen psihiatric, dar nu \u0219tiu dac\u0103 este obligatoriu pentru ca el s\u0103 existe. \u00cen rest, toate investiga\u021biile pe care le-am avut la dispozi\u021bie sunt \u00een limitele unor modific\u0103ri normale la o v\u00e2rst\u0103 dup\u0103 50 de ani, modific\u0103ri care nu \u00eempiedic\u0103 o bun\u0103 stare de s\u0103n\u0103tate\u201d, a spus prof. dr. Mircea Cintez\u0103, internist \u0219i cardiolog, la Digi24.<\/span><\/p>\n<p data-index=\"9\">Prof. dr. Mircea Cintez\u0103 a precizat c\u0103 acest buletin de s\u0103n\u0103tate nu demonstreaz\u0103 c\u0103 pre\u0219edintele ar avea semne ale bolii Parkinson.<\/p>\n<p data-index=\"10\">\u201e<span>Nu sunt f\u0103cute toate investiga\u021biile \u00een direc\u021bia respectiv\u0103, sunt f\u0103cute investiga\u021bii asupra aspectului general al sistemului nervos prin RMN \u0219i exist\u0103 la punctul 9 un examen neurologic, care spune \u00een limite normale. Acesta exclude un Parkinson, care este o boal\u0103 neurologic\u0103 cu semne foarte clare\u201d, a men\u021bionat medicul.<\/span><\/p>\n<p data-index=\"11\">\u00a0\u00a0<\/p>\n<h5><span>Citi\u021bi \u0219i:<\/span><\/h5>\n<h5><a href=\"https:\/\/www.digi24.ro\/Stiri\/Digi24\/Actualitate\/Politica\/TRAIAN+BASESCU+BOALA+PE+HOTI+REACTIE+VICTOR+PONTA\" data-skip-linkfix=\"1\"><span>Victor Ponta: B\u0103sescu are boala puterii. Peste 31 de zile, Rom\u00e2nia va avea un pre\u015fedinte cu siguran\u0163\u0103 s\u0103n\u0103tos<\/span><\/a><\/h5>\n<hr>\n<p data-index=\"12\">\u201e<span>A\u0219 face o precizare, pentru c\u0103 am v\u0103zut c\u0103 un post de televiziune a cobor\u00e2t at\u00e2t de jos \u00een propaganda de denigrare, \u00eenc\u00e2t am aflat de la televizor despre atacuri cerebrale, despre intern\u0103ri la Spitalul Militar \u00een Bucure\u0219ti, la Fundeni, la Viena. Le-a\u0219 spune c\u0103 autorizez cei zece medici din comisia care s-a format anul acesta, c\u00e2nd mi-au f\u0103cut vizita medical\u0103, deci public \u00eei autorizez s\u0103 dea rela\u021bii oric\u0103rui ziarist care este interesat de starea de s\u0103n\u0103tate a pre\u0219edintelui. Nu a existat niciun astfel de incident de s\u0103n\u0103tate. Cel pu\u021bin \u00een cei zece ani. Nu \u0219tiu dup\u0103 ce \u00eemi termin mandatul. \u0218i pot s\u0103 v\u0103 spun c\u0103 am o singur\u0103 boal\u0103: am boal\u0103 pe ho\u021bi. \u0218i asta nu se trateaz\u0103\u201d, a spus Traian B\u0103sescu, pre\u0219edintele Rom\u00e2niei.<\/span><\/p>\n<p data-index=\"13\"><img decoding=\"async\" src=\"https:\/\/analyse.optim.biz\/wp-content\/uploads\/2024\/09\/zwu0zmzmzme4n2fln2i2oda2ytg3zti0mtlknjk-thumb_.jpg\" data-skip-htmlfix=\"1\" title=\"zwu0zmzmzme4n2fln2i2oda2ytg3zti0mtlknjk-thumb_\"><\/p>\n<p data-index=\"14\"><em><span>Captur\u0103 Rom\u00e2niaTV<\/span><\/em><\/p>\n<p data-index=\"15\">Postul de televiziune citeaz\u0103 surse medicale care spun c\u0103 Traian B\u0103sescu a suferit dou\u0103 atacuri cerebrale \u00een timpul celui de-al doilea mandat. Potrivit sursei citate, \u0219eful statului a ap\u0103rut cu semne evidente ale atacurilor cerebrale: \u00eentr-unul din acestea pre\u015fedintelui nu-\u015fi putea mi\u015fca m\u00e2na dreapt\u0103, \u00eentr-un altul m\u00e2n\u0103 st\u00e2ng\u0103.<\/p>\n<\/div>\n<p> Source URL: https:\/\/www.digi24.ro\/stiri\/actualitate\/politica\/presedintia-publica-buletinul-de-analize-medicale-al-sefului-statului-traian-basescu-am-o-singura-boala-am-boala-pe-hoti-si-asta-nu-se-trateaza-308266<\/p>\n","protected":false},"excerpt":{"rendered":"<p>ACTUALIZARE 12:40 Pre\u0219edin\u021bia a dat publicit\u0103\u021bii raportul medical anual al \u0219efului statului. \u00a0 Traian B\u0103sescu \u015fi-a f\u0103cut public\u0103 fi\u015fa medical\u0103, pentru a pune cap\u0103t specula\u0163iilor legate de diverse afec\u0163iuni grave de care ar suferi. Din analizele \u015fi concluziile medicilor de la Spitalul Militar rezult\u0103 c\u0103 \u015feful statului nu are Parkinson \u015fi nici n-a suferit vreun [&hellip;]<\/p>\n","protected":false},"author":1,"featured_media":194741,"comment_status":"open","ping_status":"","sticky":false,"template":"","format":"standard","meta":{"footnotes":""},"categories":[2],"tags":[11],"class_list":["post-194740","post","type-post","status-publish","format-standard","has-post-thumbnail","hentry","category-politics","tag-digi24"],"_links":{"self":[{"href":"https:\/\/analyse.optim.biz\/index.php?rest_route=\/wp\/v2\/posts\/194740","targetHints":{"allow":["GET"]}}],"collection":[{"href":"https:\/\/analyse.optim.biz\/index.php?rest_route=\/wp\/v2\/posts"}],"about":[{"href":"https:\/\/analyse.optim.biz\/index.php?rest_route=\/wp\/v2\/types\/post"}],"author":[{"embeddable":true,"href":"https:\/\/analyse.optim.biz\/index.php?rest_route=\/wp\/v2\/users\/1"}],"replies":[{"embeddable":true,"href":"https:\/\/analyse.optim.biz\/index.php?rest_route=%2Fwp%2Fv2%2Fcomments&post=194740"}],"version-history":[{"count":0,"href":"https:\/\/analyse.optim.biz\/index.php?rest_route=\/wp\/v2\/posts\/194740\/revisions"}],"wp:featuredmedia":[{"embeddable":true,"href":"https:\/\/analyse.optim.biz\/index.php?rest_route=\/wp\/v2\/media\/194741"}],"wp:attachment":[{"href":"https:\/\/analyse.optim.biz\/index.php?rest_route=%2Fwp%2Fv2%2Fmedia&parent=194740"}],"wp:term":[{"taxonomy":"category","embeddable":true,"href":"https:\/\/analyse.optim.biz\/index.php?rest_route=%2Fwp%2Fv2%2Fcategories&post=194740"},{"taxonomy":"post_tag","embeddable":true,"href":"https:\/\/analyse.optim.biz\/index.php?rest_route=%2Fwp%2Fv2%2Ftags&post=194740"}],"curies":[{"name":"wp","href":"https:\/\/api.w.org\/{rel}","templated":true}]}}