{"id":194737,"date":"2014-10-16T11:43:50","date_gmt":"2014-10-16T08:43:50","guid":{"rendered":"https:\/\/analyse.optim.biz\/?p=194737"},"modified":"2014-10-16T11:43:50","modified_gmt":"2014-10-16T08:43:50","slug":"victor-ponta-basescu-are-boala-puterii-peste-31-de-zile-romania-va-avea-un-presedinte-cu-siguranta-sanatos","status":"publish","type":"post","link":"https:\/\/analyse.optim.biz\/?p=194737","title":{"rendered":"Victor Ponta: B\u0103sescu are boala puterii. Peste 31 de zile, Rom\u00e2nia va avea un pre\u015fedinte cu siguran\u0163\u0103 s\u0103n\u0103tos"},"content":{"rendered":"<div class=\"entry data-app-meta data-app-meta-article\" data-embed-base-url-canonical=\"https:\/\/www.digi24.ro\/embed\/stiri\/actualitate\/politica\/victor-ponta-basescu-are-boala-puterii-peste-31-de-zile-romania-va-avea-un-presedinte-cu-siguranta-sanatos-308283\">\n<p data-index=\"1\">\u00a0<img decoding=\"async\" src=\"https:\/\/analyse.optim.biz\/wp-content\/uploads\/2024\/09\/agfzad05otfjytbimmmxy2u2otq2ndflngnmztrjzjm0ngfioq-thumb_.jpg\" data-skip-htmlfix=\"1\" title=\"agfzad05otfjytbimmmxy2u2otq2ndflngnmztrjzjm0ngfioq-thumb_\"><\/p>\n<p data-index=\"2\"><em>Foto: Facebook Victor Ponta<\/em><\/p>\n<p data-index=\"3\">\u00centrebat de pres\u0103 dac\u0103 are informa\u0163ii privind starea de s\u0103n\u0103tate a pre\u015fedintelui \u00een condi\u0163iile \u00een care, anterior, afirma despre acesta c\u0103 arat\u0103 \u201epu\u0163in tulburat\u201d, \u015fi ce anume \u015ftie despre B\u0103sescu, Victor Ponta a afirmat c\u0103 \u015ftie c\u0103 mai sunt 31 de zile p\u00e2n\u0103 c\u00e2nd Rom\u00e2nia va avea din nou un pre\u015fedinte \u00een primul r\u00e2nd legitim \u015fi, dup\u0103 aceea, \u201ecu siguran\u0163\u0103 s\u0103n\u0103tos, responsabil \u015fi interesat de Rom\u00e2nia\u201d.<\/p>\n<p data-index=\"4\">Despre afirma\u021bia lui Traian B\u0103sesu, <a href=\"https:\/\/www.digi24.ro\/Stiri\/Digi24\/Actualitate\/Politica\/Traian+Basescu+Am+o+singura+boala+am+boala+pe+hoti+Si+asta+nu+se\" data-skip-linkfix=\"1\">conform c\u0103ruia are o singur\u0103 boal\u0103 \u015fi anume \u201eboala pe ho\u0163i\u201d<\/a>, preziden\u021biabilul PSD a r\u0103spuns c\u0103 pre\u015fedintele are \u201eboala puterii\u201d \u015fi l-a g\u0103sit pe Iohannis care are \u201eboala func\u0163iilor \u015fi a caselor\u201d.<\/p>\n<\/div>\n<p> Source URL: https:\/\/www.digi24.ro\/stiri\/actualitate\/politica\/victor-ponta-basescu-are-boala-puterii-peste-31-de-zile-romania-va-avea-un-presedinte-cu-siguranta-sanatos-308283<\/p>\n","protected":false},"excerpt":{"rendered":"<p>\u00a0 Foto: Facebook Victor Ponta \u00centrebat de pres\u0103 dac\u0103 are informa\u0163ii privind starea de s\u0103n\u0103tate a pre\u015fedintelui \u00een condi\u0163iile \u00een care, anterior, afirma despre acesta c\u0103 arat\u0103 \u201epu\u0163in tulburat\u201d, \u015fi ce anume \u015ftie despre B\u0103sescu, Victor Ponta a afirmat c\u0103 \u015ftie c\u0103 mai sunt 31 de zile p\u00e2n\u0103 c\u00e2nd Rom\u00e2nia va avea din nou un [&hellip;]<\/p>\n","protected":false},"author":1,"featured_media":194738,"comment_status":"open","ping_status":"","sticky":false,"template":"","format":"standard","meta":{"footnotes":""},"categories":[2],"tags":[11],"class_list":["post-194737","post","type-post","status-publish","format-standard","has-post-thumbnail","hentry","category-politics","tag-digi24"],"_links":{"self":[{"href":"https:\/\/analyse.optim.biz\/index.php?rest_route=\/wp\/v2\/posts\/194737","targetHints":{"allow":["GET"]}}],"collection":[{"href":"https:\/\/analyse.optim.biz\/index.php?rest_route=\/wp\/v2\/posts"}],"about":[{"href":"https:\/\/analyse.optim.biz\/index.php?rest_route=\/wp\/v2\/types\/post"}],"author":[{"embeddable":true,"href":"https:\/\/analyse.optim.biz\/index.php?rest_route=\/wp\/v2\/users\/1"}],"replies":[{"embeddable":true,"href":"https:\/\/analyse.optim.biz\/index.php?rest_route=%2Fwp%2Fv2%2Fcomments&post=194737"}],"version-history":[{"count":0,"href":"https:\/\/analyse.optim.biz\/index.php?rest_route=\/wp\/v2\/posts\/194737\/revisions"}],"wp:featuredmedia":[{"embeddable":true,"href":"https:\/\/analyse.optim.biz\/index.php?rest_route=\/wp\/v2\/media\/194738"}],"wp:attachment":[{"href":"https:\/\/analyse.optim.biz\/index.php?rest_route=%2Fwp%2Fv2%2Fmedia&parent=194737"}],"wp:term":[{"taxonomy":"category","embeddable":true,"href":"https:\/\/analyse.optim.biz\/index.php?rest_route=%2Fwp%2Fv2%2Fcategories&post=194737"},{"taxonomy":"post_tag","embeddable":true,"href":"https:\/\/analyse.optim.biz\/index.php?rest_route=%2Fwp%2Fv2%2Ftags&post=194737"}],"curies":[{"name":"wp","href":"https:\/\/api.w.org\/{rel}","templated":true}]}}