{"id":194726,"date":"2014-10-16T20:24:01","date_gmt":"2014-10-16T17:24:01","guid":{"rendered":"https:\/\/analyse.optim.biz\/?p=194726"},"modified":"2014-10-16T20:24:01","modified_gmt":"2014-10-16T17:24:01","slug":"de-ce-boli-sufera-presedintele-traian-basescu-si-ce-ii-recomanda-medicii-cea-mai-grava-afectiune-este-la-plamani","status":"publish","type":"post","link":"https:\/\/analyse.optim.biz\/?p=194726","title":{"rendered":"De ce boli sufer\u0103 pre\u0219edintele Traian B\u0103sescu \u0219i ce \u00eei recomand\u0103 medicii? Cea mai grav\u0103 afec\u021biune este la pl\u0103m\u00e2ni"},"content":{"rendered":"<div class=\"entry data-app-meta data-app-meta-article\" data-embed-base-url-canonical=\"https:\/\/www.digi24.ro\/embed\/stiri\/actualitate\/politica\/de-ce-boli-sufera-presedintele-traian-basescu-si-ce-ii-recomanda-medicii-cea-mai-grava-afectiune-este-la-plamani-308611\">\n<p data-index=\"1\">Comisia medical\u0103 multidisciplinar\u0103 concluzioneaz\u0103 c\u0103 pre\u015fedintele Traian B\u0103sescu este apt din punct de vedere medical pentru \u00eendeplinirea atribu\u0163iilor func\u0163iei. Astfel, suspiciunile ap\u0103rute \u00een pres\u0103 devin inutile. Speciali\u015ftii dau asigur\u0103ri c\u0103 Traian B\u0103sescu este apt pentru \u00eendeplinirea atribu\u0163iilor func\u0163iei.<\/p>\n<p data-index=\"2\"><strong>12 medici de la Spitalul Militar l-au supus unui examen medical complet pe pre\u015fedintele Traian B\u0103sescu.<\/strong><\/p>\n<p data-index=\"3\">De exemplu, medicii dermatologi au constatat c\u0103 \u015feful statului are o aluni\u0163\u0103 \u00een partea lateral dreapta a capului &#8211; poate duce la cancer de piele, de aceea medicii i-au recomandat s\u0103 o scoat\u0103.<\/p>\n<h2 id=\"highlight-308611-1\"><a href=\"https:\/\/www.digi24.ro\/Stiri\/Digi24\/Actualitate\/Politica\/TRAIAN+BASESCU+BOALA+PE+HOTI+REACTIE+VICTOR+PONTA\" data-skip-linkfix=\"1\"><span>Victor Ponta: B\u0103sescu are boala puterii. Peste 31 de zile, Rom\u00e2nia va avea un pre\u015fedinte cu siguran\u0163\u0103 s\u0103n\u0103tos<\/span><\/a><\/h2>\n<p data-index=\"4\"><strong>Medicii ORL-i\u015fti au diagnosticat o devia\u0163ie de sept \u015fi, de aici, <em>sinuzita.<\/em> La g\u00e2t, pre\u015fedintele a suferit \u00een 2007 o opera\u0163ie de tiroid\u0103, de aceea pre\u015fedintelui i s-a recomandat un tratament medicamentos.<\/strong><\/p>\n<p data-index=\"5\">Cele mai multe probleme sunt \u00een zona inimii \u015fi a vaselor de s\u00e2nge. Pre\u015fedintele are ateroscleroz\u0103 &#8211; adic\u0103 \u00eent\u0103rirea \u015fi \u00eengustarea arterelor ca urmare a depunerii pe pere\u0163ii arterelor a gr\u0103similior \u015fi colesterolului, tensiune mare &#8211; 16 cu 9 \u015fi dislipidemie &#8211; o dereglare a gr\u0103similor \u00een s\u00e2nge.<\/p>\n<p data-index=\"6\"><strong>Cea mai grav\u0103 problem\u0103 este la pl\u0103m\u00e2ni.<\/strong> Traian B\u0103sescu sufer\u0103 de emfizem pulmonar, o boal\u0103 specific\u0103 fum\u0103torilor, care are ca efect sc\u0103derea calit\u0103\u0163ii vie\u0163ii din cauz\u0103 c\u0103 obose\u015fte foarte repede.<\/p>\n<p data-index=\"7\">La ficat, medicii au g\u0103sit mici chisturi, dar care nu indic\u0103 o boal\u0103 hepatic\u0103. <strong>Coloana vertebral\u0103 este \u015fi ea cu mici probleme. Chiar \u00een zona unde a fost operat \u00een 2006 doctorii au g\u0103sit unele modific\u0103ri \u015fi pre\u015fedintele ar avea nevoie de \u015fedin\u0163e de recuperare medical\u0103, \u00eenot \u015fi masaj subacvatic<\/strong>.\u00a0<\/p>\n<p data-index=\"8\">Este prima dat\u0103 c\u00e2nd un \u015fef de stat din Rom\u00e2nia \u00ee\u0219i public\u0103 \u00eentreg buletinul medical. Pre\u015fedintele are doar obliga\u0163ia de a-\u015fi verifica anual starea de s\u0103n\u0103tate, la Spitalul Militar din capital\u0103, potrivit unei hot\u0103r\u00e2ri a CSAT. \u00a0<\/p>\n<h2 id=\"highlight-308611-2\"><a href=\"https:\/\/www.digi24.ro\/Stiri\/Digi24\/Actualitate\/Politica\/Traian+Basescu+Am+o+singura+boala+am+boala+pe+hoti+Si+asta+nu+se\" target=\"_blank\" data-skip-linkfix=\"1\" rel=\"noopener\"><span>Pre\u0219edin\u021bia public\u0103 buletinul de analize medicale al \u0219efului statului. Traian B\u0103sescu: \u201eAm o singur\u0103 boal\u0103: am boal\u0103 pe ho\u021bi. \u0218i asta nu se trateaz\u0103\u201d<\/span><\/a><\/h2>\n<\/div>\n<p> Source URL: https:\/\/www.digi24.ro\/stiri\/actualitate\/politica\/de-ce-boli-sufera-presedintele-traian-basescu-si-ce-ii-recomanda-medicii-cea-mai-grava-afectiune-este-la-plamani-308611<\/p>\n","protected":false},"excerpt":{"rendered":"<p>Comisia medical\u0103 multidisciplinar\u0103 concluzioneaz\u0103 c\u0103 pre\u015fedintele Traian B\u0103sescu este apt din punct de vedere medical pentru \u00eendeplinirea atribu\u0163iilor func\u0163iei. Astfel, suspiciunile ap\u0103rute \u00een pres\u0103 devin inutile. Speciali\u015ftii dau asigur\u0103ri c\u0103 Traian B\u0103sescu este apt pentru \u00eendeplinirea atribu\u0163iilor func\u0163iei. 12 medici de la Spitalul Militar l-au supus unui examen medical complet pe pre\u015fedintele Traian B\u0103sescu. De [&hellip;]<\/p>\n","protected":false},"author":1,"featured_media":194727,"comment_status":"open","ping_status":"","sticky":false,"template":"","format":"standard","meta":{"footnotes":""},"categories":[2],"tags":[11],"class_list":["post-194726","post","type-post","status-publish","format-standard","has-post-thumbnail","hentry","category-politics","tag-digi24"],"_links":{"self":[{"href":"https:\/\/analyse.optim.biz\/index.php?rest_route=\/wp\/v2\/posts\/194726","targetHints":{"allow":["GET"]}}],"collection":[{"href":"https:\/\/analyse.optim.biz\/index.php?rest_route=\/wp\/v2\/posts"}],"about":[{"href":"https:\/\/analyse.optim.biz\/index.php?rest_route=\/wp\/v2\/types\/post"}],"author":[{"embeddable":true,"href":"https:\/\/analyse.optim.biz\/index.php?rest_route=\/wp\/v2\/users\/1"}],"replies":[{"embeddable":true,"href":"https:\/\/analyse.optim.biz\/index.php?rest_route=%2Fwp%2Fv2%2Fcomments&post=194726"}],"version-history":[{"count":0,"href":"https:\/\/analyse.optim.biz\/index.php?rest_route=\/wp\/v2\/posts\/194726\/revisions"}],"wp:featuredmedia":[{"embeddable":true,"href":"https:\/\/analyse.optim.biz\/index.php?rest_route=\/wp\/v2\/media\/194727"}],"wp:attachment":[{"href":"https:\/\/analyse.optim.biz\/index.php?rest_route=%2Fwp%2Fv2%2Fmedia&parent=194726"}],"wp:term":[{"taxonomy":"category","embeddable":true,"href":"https:\/\/analyse.optim.biz\/index.php?rest_route=%2Fwp%2Fv2%2Fcategories&post=194726"},{"taxonomy":"post_tag","embeddable":true,"href":"https:\/\/analyse.optim.biz\/index.php?rest_route=%2Fwp%2Fv2%2Ftags&post=194726"}],"curies":[{"name":"wp","href":"https:\/\/api.w.org\/{rel}","templated":true}]}}