{"id":1947240,"date":"2026-04-01T02:26:00","date_gmt":"2026-03-31T23:26:00","guid":{"rendered":"https:\/\/analyse.optim.biz\/?p=1947240"},"modified":"2026-04-01T02:26:00","modified_gmt":"2026-03-31T23:26:00","slug":"cannes-2026-le-look-du-jour-avec-alexa-chung-eblouissante-en-dior-haute-couture","status":"publish","type":"post","link":"https:\/\/analyse.optim.biz\/?p=1947240","title":{"rendered":"Cannes 2026 : le look du jour avec Alexa Chung, \u00e9blouissante en Dior haute couture"},"content":{"rendered":"<div class=\"entry-content\">\n<section class=\"single-header padding-top-s\">\n<div class=\"container\">\n<div class=\"row justify-content-between\">\n<div class=\"col-lg-9 col-xl-8\">\n<div class=\"video-container\">\n\t\t\t\t\t\t\t\t\t\t\t\t\t<\/div>\n<div class=\"container-img desktop\">\n                                <img loading=\"lazy\" decoding=\"async\" width=\"714\" height=\"1000\" src=\"\/\/www.w3.org\/2000\/svg'%20viewBox='0%200%20714%201000'%3E%3C\/svg%3E\" class=\"img-fluid\" alt=\"Alexa Chung en robe en soie \u00e0 n\u0153ud Dior haute couture tricolore et bijoux haute joaillerie Messika.\" data-lazy-src=\"https:\/\/numero.com\/wp-content\/uploads\/2026\/05\/Alexa-Chung-in-Messika-Cannes-Film-Festival-052026-\u00a9GettyImages-2.jpg\"><img decoding=\"async\" width=\"714\" height=\"1000\" src=\"https:\/\/numero.com\/wp-content\/uploads\/2026\/05\/Alexa-Chung-in-Messika-Cannes-Film-Festival-052026-%C2%A9GettyImages-2.jpg\" class=\"img-fluid\" alt=\"Alexa Chung en robe en soie \u00e0 n\u0153ud Dior haute couture tricolore et bijoux haute joaillerie Messika.\" loading=\"lazy\">\t\t\t\t\t\t\t\t<\/p>\n<p class=\"number big\">21<\/p>\n<\/p><\/div>\n<div class=\"container-img mobile\">\n                                <img loading=\"lazy\" decoding=\"async\" width=\"667\" height=\"1000\" src=\"\/\/www.w3.org\/2000\/svg'%20viewBox='0%200%20667%201000'%3E%3C\/svg%3E\" class=\"img-fluid\" alt=\"Alexa Chung en robe en soie \u00e0 n\u0153ud Dior haute couture tricolore et bijoux haute joaillerie Messika.\" data-lazy-src=\"https:\/\/numero.com\/wp-content\/uploads\/2026\/05\/imageHD-3-2.jpg\"><img decoding=\"async\" width=\"667\" height=\"1000\" src=\"https:\/\/numero.com\/wp-content\/uploads\/2026\/05\/imageHD-3-2.jpg\" class=\"img-fluid\" alt=\"Alexa Chung en robe en soie \u00e0 n\u0153ud Dior haute couture tricolore et bijoux haute joaillerie Messika.\" loading=\"lazy\">\t\t\t\t\t\t\t\t<\/p>\n<p class=\"number big\">21<\/p>\n<\/p><\/div>\n<\/p><\/div>\n<div class=\"col col-lg-3 col-xl-4 desktop\">\n<div class=\"ad grand-angle desktop\">\n    <!-- \/21730003857\/numero-ad-unit\/numero-grand-angle --><\/p>\n<div class=\"ad-responsive\">\n<div id=\"div-gpt-ad-1773673590069-0\" class=\"ads-pub px-0\">\n<p>                googletag.cmd.push(function () {<br \/>\n                    googletag.display(&#8216;div-gpt-ad-1773673590069-0&#8217;);<br \/>\n                });<\/p><\/div>\n<\/p><\/div>\n<\/div><\/div>\n<\/p><\/div>\n<\/p><\/div>\n<\/section>\n<section class=\"post-content\">\n<div class=\"container\">\n<div class=\"row g-0 justify-content-between\">\n<div class=\"col-lg-9 col-xl-8 padding-top-s\">\n<p class=\"share-widget\" id=\"share-widget\"><img decoding=\"async\" src=\"\/\/www.w3.org\/2000\/svg'%20viewBox='0%200%200%200'%3E%3C\/svg%3E\" alt=\"share-widget\" data-lazy-src=\"https:\/\/numero.com\/wp-content\/themes\/understrap-child-main\/src\/public\/images\/share.svg\"><\/p>\n<p><img decoding=\"async\" src=\"https:\/\/numero.com\/wp-content\/themes\/understrap-child-main\/src\/public\/images\/share.svg\" alt=\"share-widget\"><\/p>\n<div class=\"share-icons\" id=\"share-icons\">\n<p class=\"copy-link\"><img decoding=\"async\" src=\"\/\/www.w3.org\/2000\/svg'%20viewBox='0%200%200%200'%3E%3C\/svg%3E\" alt=\"copy-link\" data-lazy-src=\"https:\/\/numero.com\/wp-content\/themes\/understrap-child-main\/src\/public\/images\/copy-link.svg\"><\/p>\n<p><img decoding=\"async\" src=\"https:\/\/numero.com\/wp-content\/themes\/understrap-child-main\/src\/public\/images\/copy-link.svg\" alt=\"copy-link\"><br \/>\n\t\t\t\t\t\t\t<a href=\"https:\/\/www.facebook.com\/sharer\/sharer.php?u=https:\/\/numero.com\/mode\/cannes-2026-le-look-du-jour-avec-alexa-chung\/\" class=\"facebook\" target=\"_blank\" rel=\"noopener\"><img decoding=\"async\" src=\"\/\/www.w3.org\/2000\/svg'%20viewBox='0%200%200%200'%3E%3C\/svg%3E\" alt=\"facebook\" data-lazy-src=\"https:\/\/numero.com\/wp-content\/themes\/understrap-child-main\/src\/public\/images\/facebook.svg\"><img decoding=\"async\" src=\"https:\/\/numero.com\/wp-content\/themes\/understrap-child-main\/src\/public\/images\/facebook.svg\" alt=\"facebook\"><\/a><br \/>\n\t\t\t\t\t\t\t<a href=\"https:\/\/twitter.com\/share?url=https:\/\/numero.com\/mode\/cannes-2026-le-look-du-jour-avec-alexa-chung\/\" class=\"twitter\" target=\"_blank\" rel=\"noopener\"><img decoding=\"async\" src=\"\/\/www.w3.org\/2000\/svg'%20viewBox='0%200%200%200'%3E%3C\/svg%3E\" alt=\"twitter\" data-lazy-src=\"https:\/\/numero.com\/wp-content\/themes\/understrap-child-main\/src\/public\/images\/twitter.svg\"><img decoding=\"async\" src=\"https:\/\/numero.com\/wp-content\/themes\/understrap-child-main\/src\/public\/images\/twitter.svg\" alt=\"twitter\"><\/a>\n\t\t\t\t\t\t<\/div>\n<p>\t\t\t\t\t\t<span class id=\"custom-tooltip\">Lien copi\u00e9<\/span><\/p>\n<div class=\"col-lg-10\">\n<div class=\"meta d-flex justify-content-between align-items-center\">\n<div class=\"cat\">\n\t\t\t\t\t\t\t\t\t<a class=\"cat-title\" href=\"https:\/\/numero.com\/category\/mode\/\">Mode<\/a>\t\t\t\t\t\t\t\t<\/div>\n<p class=\"date\">\n\t\t\t\t\t\t\t\t\t21 mai 2026\t\t\t\t\t\t\t\t<\/p>\n<\/p><\/div>\n<h1>Cannes 2026 : le look du jour avec Alexa Chung, \u00e9blouissante en Dior haute couture<\/h1>\n<div class=\"introduction\">\n<p>Chaque jour de cette 79\u1d49 \u00e9dition du Festival de Cannes,\u00a0<em>Num\u00e9ro <\/em>s\u00e9lectionne un look ayant marqu\u00e9 le tapis rouge. Aujourd\u2019hui, focus sur Alexa Chung, qui choisissait hier pour la premi\u00e8re de <em>The Man I Love <\/em>d\u2019Ira Sachs un look Dior haute couture par Jonathan Anderson.<\/p>\n<\/div>\n<li class=\"credits d-flex\">\n<p>\n\t\t\t\t\t\t\t\t\t\t\tpar \t\t\t\t\t\t\t\t\t\t\t\t\t\t\t\t\t\t\t\t\t\t\t<a href=\"https:\/\/numero.com\/contributor\/jasmine-baha\/\">Jasmine Baha<\/a>.\t\t\t\t\t\t\t\t\t\t\t\t\t\t\t\t\t\t\t\t\t<\/p>\n<\/li>\n<div id=\"ads03\" class=\"mobile padding-bottom-s\">\n<div class=\"ad-wrapper\">\n\t\t\t\t\t\t\t\t\t<!-- \/21730003857\/numero-ad-unit\/numero-interscroller --><\/p>\n<div class=\"ad ad-responsive interscroller-slot\">\n<div id=\"div-gpt-ad-1773673675628-0\" class=\"ads-pub\">\n<p>            googletag.cmd.push(function () {<br \/>\n                googletag.display(&#8216;div-gpt-ad-1773673675628-0&#8217;);<br \/>\n            });<\/p><\/div>\n<\/div><\/div>\n<\/p><\/div>\n<p>\t\t\t\t\t\t\t&lt;!&#8211; <\/p>\n<div class=\"padding-bottom-s\">\n\t\t\t\t\t\t\t\t\t\t\t\t\t\t\t<\/div>\n<p> &#8211;&gt;<\/p>\n<figure data-wp-context='{\"imageId\":\"6a0f1bd912f10\"}' data-wp-interactive=\"core\/image\" data-wp-key=\"6a0f1bd912f10\" class=\"wp-block-image size-full is-resized wp-lightbox-container\"><img loading=\"lazy\" decoding=\"async\" width=\"667\" height=\"1000\" data-wp-class--hide=\"state.isContentHidden\" data-wp-class--show=\"state.isContentVisible\" data-wp-init=\"callbacks.setButtonStyles\" data-wp-on--click=\"actions.showLightbox\" data-wp-on--load=\"callbacks.setButtonStyles\" data-wp-on-window--resize=\"callbacks.setButtonStyles\" src=\"\/\/www.w3.org\/2000\/svg'%20viewBox='0%200%20667%201000'%3E%3C\/svg%3E\" alt=\"Alexa Chung en robe en soie tricolore \u00e0 n\u0153ud Dior haute couture et bijoux haute joaillerie Messika. \" class=\"wp-image-846346\" style=\"aspect-ratio:0.6670104220378443;width:840px;height:auto\" data-lazy-src=\"https:\/\/numero.com\/wp-content\/uploads\/2026\/05\/Alexa-Chung-in-Messika-Cannes-Film-Festival-052026-\u00a9GettyImages-1-1.jpg\"><img loading=\"lazy\" decoding=\"async\" width=\"667\" height=\"1000\" data-wp-class--hide=\"state.isContentHidden\" data-wp-class--show=\"state.isContentVisible\" data-wp-init=\"callbacks.setButtonStyles\" data-wp-on--click=\"actions.showLightbox\" data-wp-on--load=\"callbacks.setButtonStyles\" data-wp-on-window--resize=\"callbacks.setButtonStyles\" src=\"https:\/\/numero.com\/wp-content\/uploads\/2026\/05\/Alexa-Chung-in-Messika-Cannes-Film-Festival-052026-%C2%A9GettyImages-1-1.jpg\" alt=\"Alexa Chung en robe en soie tricolore \u00e0 n\u0153ud Dior haute couture et bijoux haute joaillerie Messika. \" class=\"wp-image-846346\" style=\"aspect-ratio:0.6670104220378443;width:840px;height:auto\"><button class=\"lightbox-trigger\" type=\"button\" aria-haspopup=\"dialog\" aria-label=\"Agrandir\" data-wp-init=\"callbacks.initTriggerButton\" data-wp-on--click=\"actions.showLightbox\" data-wp-style--right=\"state.imageButtonRight\" data-wp-style--top=\"state.imageButtonTop\"><\/p>\n<p>\t\t<\/button><figcaption class=\"wp-element-caption\">Alexa Chung en Dior et Messika. \u00a9 Stephane Cardinale \u2013 Corbis\/Corbis via Getty Images.<\/figcaption><\/figure>\n<h2 class=\"wp-block-heading\">Alexa Chung, ic\u00f4ne mode et habitu\u00e9e des tapis rouges<\/h2>\n<p>Le <strong>79e Festival de Cannes<\/strong> bat son plein depuis mardi 12 mai 2026, r\u00e9unissant un parterre de stars aux looks vari\u00e9s. Pour la premi\u00e8re de\u00a0<em>The Man I Love<\/em>\u00a0d\u2019Ira Sachs, qui avait lieu ce mercredi 20 mai, c\u2019est <strong>Alexa Chung <\/strong>qui a enflamm\u00e9 le tapis rouge au bras de son partenaire, <strong>Tom Sturridge<\/strong>, lui\u2011m\u00eame pr\u00e9sent au casting du long\u2011m\u00e9trage. Un couple qui n\u2019est pas pass\u00e9 inaper\u00e7u.<\/p>\n<p>On la d\u00e9couvrait pour la premi\u00e8re fois \u00e0 Cannes en 2011, plus pr\u00e9cis\u00e9ment lors de la premi\u00e8re de\u00a0<em>Sleeping Beauty<\/em>\u00a0de Julia Leigh. Avec sa courte robe en satin et ses ballerines noires, la star s\u2019octroyait une allure tr\u00e8s preppy devenue sa signature. Cette apparition marquait le coup d\u2019envoi d\u2019une longue s\u00e9rie de looks cannois, ancr\u00e9s dans une esth\u00e9tique r\u00e9solument cool, mais toujours tr\u00e8s chic.<\/p>\n<figure data-wp-context='{\"imageId\":\"6a0f1bd9131cc\"}' data-wp-interactive=\"core\/image\" data-wp-key=\"6a0f1bd9131cc\" class=\"wp-block-image size-full is-resized wp-lightbox-container\"><img loading=\"lazy\" decoding=\"async\" width=\"667\" height=\"1000\" data-wp-class--hide=\"state.isContentHidden\" data-wp-class--show=\"state.isContentVisible\" data-wp-init=\"callbacks.setButtonStyles\" data-wp-on--click=\"actions.showLightbox\" data-wp-on--load=\"callbacks.setButtonStyles\" data-wp-on-window--resize=\"callbacks.setButtonStyles\" src=\"\/\/www.w3.org\/2000\/svg'%20viewBox='0%200%20667%201000'%3E%3C\/svg%3E\" alt=\"Alexa Chung en robe en soie tricolore \u00e0 n\u0153ud Dior haute couture et bijoux haute joaillerie Messika. \" class=\"wp-image-846356\" style=\"aspect-ratio:0.6670104220378443;width:840px;height:auto\" data-lazy-src=\"https:\/\/numero.com\/wp-content\/uploads\/2026\/05\/imageHD-3-2.jpg\"><img loading=\"lazy\" decoding=\"async\" width=\"667\" height=\"1000\" data-wp-class--hide=\"state.isContentHidden\" data-wp-class--show=\"state.isContentVisible\" data-wp-init=\"callbacks.setButtonStyles\" data-wp-on--click=\"actions.showLightbox\" data-wp-on--load=\"callbacks.setButtonStyles\" data-wp-on-window--resize=\"callbacks.setButtonStyles\" src=\"https:\/\/numero.com\/wp-content\/uploads\/2026\/05\/imageHD-3-2.jpg\" alt=\"Alexa Chung en robe en soie tricolore \u00e0 n\u0153ud Dior haute couture et bijoux haute joaillerie Messika. \" class=\"wp-image-846356\" style=\"aspect-ratio:0.6670104220378443;width:840px;height:auto\"><button class=\"lightbox-trigger\" type=\"button\" aria-haspopup=\"dialog\" aria-label=\"Agrandir\" data-wp-init=\"callbacks.initTriggerButton\" data-wp-on--click=\"actions.showLightbox\" data-wp-style--right=\"state.imageButtonRight\" data-wp-style--top=\"state.imageButtonTop\"><\/p>\n<p>\t\t<\/button><figcaption class=\"wp-element-caption\">Alexa Chung en Dior et Messika. \u00a9 Aurore Marechal\/Getty Images.<\/figcaption><\/figure>\n<h3 class=\"wp-block-heading\">La Croisette, terrain de jeu stylistique d\u2019Alexa Chung<\/h3>\n<p>D\u00e8s lors, l\u2019Anglaise de 42 ans r\u00e9it\u00e8re \u00e0 maintes reprises son ascension sur les marches cannoises. On se rappelle notamment d\u2019elle, en 2023, enflammant la Croisette dans une robe <strong>Prada<\/strong> d\u2019un rouge feu, lors de la premi\u00e8re du film\u00a0<em>Killers of the Flower Moon<\/em> de Martin Scorsese. Autre ann\u00e9e charni\u00e8re pour la mannequin, 2024, o\u00f9 elle convoquait sur la French Riviera les prestigieuses maisons <strong>Celine<\/strong>, <strong>Jean\u2011Paul Gaultier<\/strong> et <strong>Carolina Herrera <\/strong>pour trois apparitions plus glamour que jamais.<\/p>\n<p>Mais comment <strong>Alexa Chung<\/strong> parvient\u2011elle \u00e0 nous \u00e9blouir depuis 2011, tout en respectant le dress code de l\u2019un des \u00e9v\u00e9nements cin\u00e9matographiques les plus prestigieux au monde ? La star se confiait au\u00a0<em><strong><a href=\"https:\/\/www.vogue.co.uk\/gallery\/alexa-chung-cannes-celine-dress\">British Vogue<\/a><\/strong><\/em>\u00a0en 2025, affirmant qu\u2019elle abordait le tapis rouge cannois avec le plus grand respect pour le septi\u00e8me art : \u201cCe n\u2019est pas vraiment un tapis rouge de mode, c\u2019est avant tout un tapis rouge de cin\u00e9ma\u2026 tu ne veux pas faire une erreur et \u00eatre une mauvaise invit\u00e9e \u00e0 la f\u00eate.\u201d<\/p>\n<p>La star am\u00e9ricaine reste donc une figure incontournable du<strong> <a href=\"https:\/\/numero.com\/tag\/festival-de-cannes\/\">Festival de Cannes<\/a><\/strong>. Elle r\u00e9chauffe la Croisette de son \u00e9nergie solaire avec cinq apparitions au Festival depuis 2011, et cette 79\u1d49 \u00e9dition n\u2019y fait pas exception.<\/p>\n<h2 class=\"wp-block-heading\">Alexa Chung en Dior haute couture \u00e0 Cannes<\/h2>\n<p>Hier soir, sur le tapis rouge, <strong>Alexa Chung<\/strong> est donc arriv\u00e9e en proposant sa propre relecture de l\u2019excellence \u00e0 la fran\u00e7aise. Un look compos\u00e9 d\u2019une robe en satin griff\u00e9e <strong><a href=\"https:\/\/www.google.com\/search?client=safari&amp;rls=en&amp;q=dior+num%C3%A9ro+magzine&amp;ie=UTF-8&amp;oe=UTF-8&amp;channel=41\">Dior<\/a><\/strong> haute couture, insufflant une note de romantisme et de f\u00e9minit\u00e9 sur la Croisette. Cette cr\u00e9ation aux volumes affirm\u00e9s \u00e9tait rehauss\u00e9e d\u2019un n\u0153ud noir et de d\u00e9licates broderies florales en organza, sur sa jupe bleu nuit a\u00e9rienne qui fr\u00f4lait le sol cannois. Puisque l\u2019am\u00e9ricaine ne fait pas les choses \u00e0 moiti\u00e9, elle d\u00e9cidait \u00e9galement d\u2019exploiter la finesse de son look \u00e0 son paroxysme, par\u00e9e de pi\u00e8ces de haute joaillerie sign\u00e9es <strong>Messika<\/strong>. Des boucles d\u2019oreilles serties de 9 carats, un bracelet de 26 carats et une bague de 7,9 carats composaient ce joyeux m\u00e9lange joaillier, le tout en or blanc 18 carats.<\/p>\n<p>Pour sa premi\u00e8re apparition cannoise de l\u2019ann\u00e9e, la star arrive avec sa cr\u00e9ativit\u00e9 habituelle, jouant avec les formes et les volumes contrastant avec les accents r\u00e9solument f\u00e9minins de son look. Une preuve de pluralit\u00e9 stylistique hors pair pour celle que l\u2019on peut d\u00e9sormais consid\u00e9rer comme une habitu\u00e9e du <em>red carpet<\/em>.<\/p>\n<figure class=\"wp-block-gallery has-nested-images columns-default wp-block-gallery-3 is-layout-flex wp-block-gallery-is-layout-flex\">\n<figure data-wp-context='{\"imageId\":\"6a0f1bd91369c\"}' data-wp-interactive=\"core\/image\" data-wp-key=\"6a0f1bd91369c\" class=\"wp-block-image size-large wp-lightbox-container\"><img loading=\"lazy\" decoding=\"async\" width=\"1000\" height=\"1000\" data-wp-class--hide=\"state.isContentHidden\" data-wp-class--show=\"state.isContentVisible\" data-wp-init=\"callbacks.setButtonStyles\" data-wp-on--click=\"actions.showLightbox\" data-wp-on--load=\"callbacks.setButtonStyles\" data-wp-on-window--resize=\"callbacks.setButtonStyles\" data-id=\"846388\" src=\"\/\/www.w3.org\/2000\/svg'%20viewBox='0%200%201000%201000'%3E%3C\/svg%3E\" alt=\"Le bracelet Magnetic High Messika haute joaillerie\" class=\"wp-image-846388\" data-lazy-src=\"https:\/\/numero.com\/wp-content\/uploads\/2026\/05\/15263-WG.jpg\"><img loading=\"lazy\" decoding=\"async\" width=\"1000\" height=\"1000\" data-wp-class--hide=\"state.isContentHidden\" data-wp-class--show=\"state.isContentVisible\" data-wp-init=\"callbacks.setButtonStyles\" data-wp-on--click=\"actions.showLightbox\" data-wp-on--load=\"callbacks.setButtonStyles\" data-wp-on-window--resize=\"callbacks.setButtonStyles\" data-id=\"846388\" src=\"https:\/\/numero.com\/wp-content\/uploads\/2026\/05\/15263-WG.jpg\" alt=\"Le bracelet Magnetic High Messika haute joaillerie\" class=\"wp-image-846388\"><button class=\"lightbox-trigger\" type=\"button\" aria-haspopup=\"dialog\" aria-label=\"Agrandir\" data-wp-init=\"callbacks.initTriggerButton\" data-wp-on--click=\"actions.showLightbox\" data-wp-style--right=\"state.imageButtonRight\" data-wp-style--top=\"state.imageButtonTop\"><\/p>\n<p>\t\t<\/button><\/figure>\n<figure data-wp-context='{\"imageId\":\"6a0f1bd913983\"}' data-wp-interactive=\"core\/image\" data-wp-key=\"6a0f1bd913983\" class=\"wp-block-image size-large wp-lightbox-container\"><img loading=\"lazy\" decoding=\"async\" width=\"1000\" height=\"1000\" data-wp-class--hide=\"state.isContentHidden\" data-wp-class--show=\"state.isContentVisible\" data-wp-init=\"callbacks.setButtonStyles\" data-wp-on--click=\"actions.showLightbox\" data-wp-on--load=\"callbacks.setButtonStyles\" data-wp-on-window--resize=\"callbacks.setButtonStyles\" data-id=\"846390\" src=\"\/\/www.w3.org\/2000\/svg'%20viewBox='0%200%201000%201000'%3E%3C\/svg%3E\" alt=\"La bague Magnetic High Messika haute joaillerie\" class=\"wp-image-846390\" data-lazy-src=\"https:\/\/numero.com\/wp-content\/uploads\/2026\/05\/15264-WG-64.jpg\"><img decoding=\"async\" loading=\"lazy\" width=\"1000\" height=\"1000\" data-wp-class--hide=\"state.isContentHidden\" data-wp-class--show=\"state.isContentVisible\" data-wp-init=\"callbacks.setButtonStyles\" data-wp-on--click=\"actions.showLightbox\" data-wp-on--load=\"callbacks.setButtonStyles\" data-wp-on-window--resize=\"callbacks.setButtonStyles\" data-id=\"846390\" src=\"https:\/\/numero.com\/wp-content\/uploads\/2026\/05\/15264-WG-64.jpg\" alt=\"La bague Magnetic High Messika haute joaillerie\" class=\"wp-image-846390\"><button class=\"lightbox-trigger\" type=\"button\" aria-haspopup=\"dialog\" aria-label=\"Agrandir\" data-wp-init=\"callbacks.initTriggerButton\" data-wp-on--click=\"actions.showLightbox\" data-wp-style--right=\"state.imageButtonRight\" data-wp-style--top=\"state.imageButtonTop\"><\/p>\n<p>\t\t<\/button><\/figure>\n<figure data-wp-context='{\"imageId\":\"6a0f1bd913c70\"}' data-wp-interactive=\"core\/image\" data-wp-key=\"6a0f1bd913c70\" class=\"wp-block-image size-large wp-lightbox-container\"><img loading=\"lazy\" decoding=\"async\" width=\"1000\" height=\"1000\" data-wp-class--hide=\"state.isContentHidden\" data-wp-class--show=\"state.isContentVisible\" data-wp-init=\"callbacks.setButtonStyles\" data-wp-on--click=\"actions.showLightbox\" data-wp-on--load=\"callbacks.setButtonStyles\" data-wp-on-window--resize=\"callbacks.setButtonStyles\" data-id=\"846393\" src=\"\/\/www.w3.org\/2000\/svg'%20viewBox='0%200%201000%201000'%3E%3C\/svg%3E\" alt=\"Les boucles d'oreille Magnetic High Messika haute joaillerie\" class=\"wp-image-846393\" data-lazy-src=\"https:\/\/numero.com\/wp-content\/uploads\/2026\/05\/BO-Magnetique-1.jpg\"><img decoding=\"async\" loading=\"lazy\" width=\"1000\" height=\"1000\" data-wp-class--hide=\"state.isContentHidden\" data-wp-class--show=\"state.isContentVisible\" data-wp-init=\"callbacks.setButtonStyles\" data-wp-on--click=\"actions.showLightbox\" data-wp-on--load=\"callbacks.setButtonStyles\" data-wp-on-window--resize=\"callbacks.setButtonStyles\" data-id=\"846393\" src=\"https:\/\/numero.com\/wp-content\/uploads\/2026\/05\/BO-Magnetique-1.jpg\" alt=\"Les boucles d'oreille Magnetic High Messika haute joaillerie\" class=\"wp-image-846393\"><button class=\"lightbox-trigger\" type=\"button\" aria-haspopup=\"dialog\" aria-label=\"Agrandir\" data-wp-init=\"callbacks.initTriggerButton\" data-wp-on--click=\"actions.showLightbox\" data-wp-style--right=\"state.imageButtonRight\" data-wp-style--top=\"state.imageButtonTop\"><\/p>\n<p>\t\t<\/button><\/figure><figcaption class=\"blocks-gallery-caption wp-element-caption\">Les bijoux de la collection Magnetic High haute joaillerie  deMessika.<\/figcaption><\/figure>\n<\/p><\/div>\n<\/p><\/div>\n<div class=\"col-lg-3\">\n<div class=\"suggested-posts padding-top-s\">\n<div class=\"title\">Recommand\u00e9<\/div>\n<div class=\"post-card\">\n\t\t\t\t\t\t\t\t\t\t<a class=\"post-link d-flex\" href=\"https:\/\/numero.com\/art\/design\/salone-del-mobile-milan-design-week-2026\/\"><\/p>\n<div class=\"container-img \">\n\t\t\t\t\t\t\t\t\t\t\t\t<img loading=\"lazy\" decoding=\"async\" width=\"640\" height=\"804\" src=\"\/\/www.w3.org\/2000\/svg'%20viewBox='0%200%20640%20804'%3E%3C\/svg%3E\" class=\"img-fluid\" alt data-lazy-src=\"https:\/\/numero.com\/wp-content\/uploads\/2026\/04\/thumb-salone-del-mobile-2026-milan-design-week-chloe\u0301-tomato-768x965.jpg\"><img decoding=\"async\" width=\"640\" height=\"804\" src=\"https:\/\/numero.com\/wp-content\/uploads\/2026\/04\/thumb-salone-del-mobile-2026-milan-design-week-chloe%CC%81-tomato-768x965.jpg\" class=\"img-fluid\" alt loading=\"lazy\">\t\t\t\t\t\t\t\t\t\t\t\t<\/p>\n<p class=\"number\">23<\/p>\n<\/p><\/div>\n<div class=\"card-info d-flex\">\n<div>\n<p class=\"cat-title\">Design<\/p>\n<h3 class=\"post-title\">Milan : 13 rendez-vous incontournables entre mode et design<\/h3>\n<\/p><\/div>\n<p class=\"date\">\n\t\t\t\t\t\t\t\t\t\t\t\t\t23 avr 2026\t\t\t\t\t\t\t\t\t\t\t\t<\/p>\n<\/p><\/div>\n<p>\t\t\t\t\t\t\t\t\t\t<\/a>\n\t\t\t\t\t\t\t\t\t<\/div>\n<div class=\"post-card\">\n\t\t\t\t\t\t\t\t\t\t<a class=\"post-link d-flex\" href=\"https:\/\/numero.com\/culture\/cinema\/pourquoi-anya-taylor-joy-nous-fascine-autant\/\"><\/p>\n<div class=\"container-img \">\n\t\t\t\t\t\t\t\t\t\t\t\t<img loading=\"lazy\" decoding=\"async\" width=\"640\" height=\"804\" src=\"\/\/www.w3.org\/2000\/svg'%20viewBox='0%200%20640%20804'%3E%3C\/svg%3E\" class=\"img-fluid\" alt=\"Anya Taylor-Joy en Dior pour la promotion de Super Mario Galaxy en 2026 \u00e0 Kyoto.\" data-lazy-src=\"https:\/\/numero.com\/wp-content\/uploads\/2024\/12\/anya-taylor-joy1-768x965.jpg\"><img decoding=\"async\" width=\"640\" height=\"804\" src=\"https:\/\/numero.com\/wp-content\/uploads\/2024\/12\/anya-taylor-joy1-768x965.jpg\" class=\"img-fluid\" alt=\"Anya Taylor-Joy en Dior pour la promotion de Super Mario Galaxy en 2026 \u00e0 Kyoto.\" loading=\"lazy\">\t\t\t\t\t\t\t\t\t\t\t\t<\/p>\n<p class=\"number\">31<\/p>\n<\/p><\/div>\n<div class=\"card-info d-flex\">\n<div>\n<p class=\"cat-title\">Cin\u00e9ma<\/p>\n<h3 class=\"post-title\">Pourquoi Anya Taylor-Joy, star de Super Mario Galaxy, nous fascine autant<\/h3>\n<\/p><\/div>\n<p class=\"date\">\n\t\t\t\t\t\t\t\t\t\t\t\t\t31 mars 2026\t\t\t\t\t\t\t\t\t\t\t\t<\/p>\n<\/p><\/div>\n<p>\t\t\t\t\t\t\t\t\t\t<\/a>\n\t\t\t\t\t\t\t\t\t<\/div>\n<div class=\"post-card\">\n\t\t\t\t\t\t\t\t\t\t<a class=\"post-link d-flex\" href=\"https:\/\/numero.com\/mode\/fashion-week\/les-celebrites-au-defile-dior-a-los-angeles\/\"><\/p>\n<div class=\"container-img \">\n\t\t\t\t\t\t\t\t\t\t\t\t<img loading=\"lazy\" decoding=\"async\" width=\"640\" height=\"427\" src=\"\/\/www.w3.org\/2000\/svg'%20viewBox='0%200%20640%20427'%3E%3C\/svg%3E\" class=\"img-fluid\" alt=\"D\u00e9couvrez les c\u00e9l\u00e9brit\u00e9s au d\u00e9fil\u00e9 Dior \u00e0 Los Angeles avec Sabrina Carpenter, Taylor Russell, Miley Cyrus, Jisoo et Anya Taylor-Joy.\" data-lazy-src=\"https:\/\/numero.com\/wp-content\/uploads\/2026\/05\/Miley-Cyrus_Mikey-Madison_Sabrina-Carpenter_Lauren-Hutton_Greta-Lee_Jisoo_Anya-Taylor-Joy_1-1-768x512.jpg\"><img decoding=\"async\" width=\"640\" height=\"427\" src=\"https:\/\/numero.com\/wp-content\/uploads\/2026\/05\/Miley-Cyrus_Mikey-Madison_Sabrina-Carpenter_Lauren-Hutton_Greta-Lee_Jisoo_Anya-Taylor-Joy_1-1-768x512.jpg\" class=\"img-fluid\" alt=\"D\u00e9couvrez les c\u00e9l\u00e9brit\u00e9s au d\u00e9fil\u00e9 Dior \u00e0 Los Angeles avec Sabrina Carpenter, Taylor Russell, Miley Cyrus, Jisoo et Anya Taylor-Joy.\" loading=\"lazy\">\t\t\t\t\t\t\t\t\t\t\t\t<\/p>\n<p class=\"number\">14<\/p>\n<\/p><\/div>\n<div class=\"card-info d-flex\">\n<div>\n<p class=\"cat-title\">Fashion Week<\/p>\n<h3 class=\"post-title\">Les c\u00e9l\u00e9brit\u00e9s au d\u00e9fil\u00e9 Dior \u00e0 Los Angeles avec Sabrina Carpenter, Miley Cyrus et Jisoo<\/h3>\n<\/p><\/div>\n<p class=\"date\">\n\t\t\t\t\t\t\t\t\t\t\t\t\t14 mai 2026\t\t\t\t\t\t\t\t\t\t\t\t<\/p>\n<\/p><\/div>\n<p>\t\t\t\t\t\t\t\t\t\t<\/a>\n\t\t\t\t\t\t\t\t\t<\/div>\n<div class=\"post-card\">\n\t\t\t\t\t\t\t\t\t\t<a class=\"post-link d-flex\" href=\"https:\/\/numero.com\/culture\/cinema\/notre-salut-emmanuel-marre-swann-arlaud-critique\/\"><\/p>\n<div class=\"container-img \">\n\t\t\t\t\t\t\t\t\t\t\t\t<img loading=\"lazy\" decoding=\"async\" width=\"640\" height=\"804\" src=\"\/\/www.w3.org\/2000\/svg'%20viewBox='0%200%20640%20804'%3E%3C\/svg%3E\" class=\"img-fluid\" alt=\"Swann Arlaud dans Notre Salut.\" data-lazy-src=\"https:\/\/numero.com\/wp-content\/uploads\/2026\/05\/thumb-notre-salut-768x965.jpg\"><img decoding=\"async\" width=\"640\" height=\"804\" src=\"https:\/\/numero.com\/wp-content\/uploads\/2026\/05\/thumb-notre-salut-768x965.jpg\" class=\"img-fluid\" alt=\"Swann Arlaud dans Notre Salut.\" loading=\"lazy\">\t\t\t\t\t\t\t\t\t\t\t\t<\/p>\n<p class=\"number\">21<\/p>\n<\/p><\/div>\n<div class=\"card-info d-flex\">\n<div>\n<p class=\"cat-title\">Cin\u00e9ma<\/p>\n<h3 class=\"post-title\">Cannes 2026 : pourquoi\u00a0Notre salut\u00a0est le film le plus important du Festival ?<\/h3>\n<\/p><\/div>\n<p class=\"date\">\n\t\t\t\t\t\t\t\t\t\t\t\t\t21 mai 2026\t\t\t\t\t\t\t\t\t\t\t\t<\/p>\n<\/p><\/div>\n<p>\t\t\t\t\t\t\t\t\t\t<\/a>\n\t\t\t\t\t\t\t\t\t<\/div>\n<\/p><\/div>\n<\/p><\/div>\n<\/p><\/div>\n<div class=\"padding-top-s\">\n<div class=\"ad banner desktop\">\n<div class=\"container\">\n<div class=\"row\">\n            <!-- \/21730003857\/numero-ad-unit\/numero-banner-1 --><\/p>\n<div class=\"ad-responsive\">\n<div id=\"div-gpt-ad-1773673267712-0\" class=\"ads-pub\">\n<p>                        googletag.cmd.push(function () {<br \/>\n                            googletag.display(&#8216;div-gpt-ad-1773673267712-0&#8217;);<br \/>\n                        });<\/p><\/div>\n<\/p><\/div>\n<\/p><\/div>\n<\/p><\/div>\n<\/div><\/div>\n<\/p><\/div>\n<\/section>\n<p>        <button class=\"btn-newsletter btn-outline-white my-5\" id=\"open-modal-newsletter\">Inscrivez-vous \u00e0 la newsletter<\/button>\t\t<\/p>\n<section class=\"related-posts post-list padding-top-m padding-bottom-s\">\n<div class=\"container\">\n<h2 class=\"title mx-auto\">\u00c0 lire aussi<\/h2>\n<div class=\"row\">\n<div class=\"col-lg-3\">\n<div class=\"post-card desktop\">\n\t\t\t\t\t\t\t\t\t\t<a class=\"post-link\" href=\"https:\/\/numero.com\/mode\/cannes-2026-bella-hadid-icone-mode-du-festival\/\"><\/p>\n<div class=\"container-img\">\n<p>                                                <img decoding=\"async\" src=\"\/\/www.w3.org\/2000\/svg'%20viewBox='0%200%200%200'%3E%3C\/svg%3E\" alt=\"Bella Hadid au Festival de Cannes en Schiaparelli et Chopard.\" data-lazy-src=\"https:\/\/numero.com\/wp-content\/uploads\/2026\/05\/Bella-Hadid-in-Custom-Schiaparelli-Haute-Couture-1.jpg\"><img decoding=\"async\" src=\"https:\/\/numero.com\/wp-content\/uploads\/2026\/05\/Bella-Hadid-in-Custom-Schiaparelli-Haute-Couture-1.jpg\" alt=\"Bella Hadid au Festival de Cannes en Schiaparelli et Chopard.\"><\/p>\n<div class=\"number\">21<\/div>\n<\/p><\/div>\n<div class=\"card-info\">\n<div class=\"meta d-flex justify-content-between\">\n<p class=\"cat-title\">Mode<\/p>\n<p class=\"date\">\n\t\t\t\t\t\t\t\t\t\t\t\t\t\t21 mai 2026\t\t\t\t\t\t\t\t\t\t\t\t\t<\/p>\n<\/p><\/div>\n<div class=\"post-title\">Bella Hadid, ic\u00f4ne mode du Festival de Cannes en 3 looks<\/div>\n<\/p><\/div>\n<p>\t\t\t\t\t\t\t\t\t\t<\/a>\n\t\t\t\t\t\t\t\t\t<\/div>\n<div class=\"post-card mobile\">\n\t\t\t\t\t\t\t\t\t\t<a class=\"post-link d-flex\" href=\"https:\/\/numero.com\/mode\/cannes-2026-bella-hadid-icone-mode-du-festival\/\"><\/p>\n<div class=\"container-img\">\n\t\t\t\t\t\t\t\t\t\t\t\t<img loading=\"lazy\" decoding=\"async\" width=\"640\" height=\"960\" src=\"\/\/www.w3.org\/2000\/svg'%20viewBox='0%200%20640%20960'%3E%3C\/svg%3E\" class=\"img-fluid\" alt=\"Bella Hadid au Festival de Cannes en Schiaparelli et Chopard.\" data-lazy-src=\"https:\/\/numero.com\/wp-content\/uploads\/2026\/05\/Bella-Hadid-in-Custom-Schiaparelli-Haute-Couture-1.jpg\"><img decoding=\"async\" width=\"640\" height=\"960\" src=\"https:\/\/numero.com\/wp-content\/uploads\/2026\/05\/Bella-Hadid-in-Custom-Schiaparelli-Haute-Couture-1.jpg\" class=\"img-fluid\" alt=\"Bella Hadid au Festival de Cannes en Schiaparelli et Chopard.\" loading=\"lazy\">\t\t\t\t\t\t\t\t\t\t\t\t<\/p>\n<div class=\"number\">21<\/div>\n<\/p><\/div>\n<div class=\"card-info d-flex\">\n<div>\n<p class=\"cat-title\">Mode<\/p>\n<h3 class=\"post-title\">Bella Hadid, ic\u00f4ne mode du Festival de Cannes en 3 looks<\/h3>\n<\/p><\/div>\n<p class=\"date\">\n\t\t\t\t\t\t\t\t\t\t\t\t\t21 mai 2026\t\t\t\t\t\t\t\t\t\t\t\t<\/p>\n<\/p><\/div>\n<p>\t\t\t\t\t\t\t\t\t\t<\/a>\n\t\t\t\t\t\t\t\t\t<\/div>\n<\/p><\/div>\n<div class=\"col-lg-3\">\n<div class=\"post-card desktop\">\n\t\t\t\t\t\t\t\t\t\t<a class=\"post-link\" href=\"https:\/\/numero.com\/culture\/cinema\/simone-ashley-portrait-projets\/\"><\/p>\n<div class=\"container-img\">\n<p>                                                <img decoding=\"async\" src=\"\/\/www.w3.org\/2000\/svg'%20viewBox='0%200%200%200'%3E%3C\/svg%3E\" alt=\"Simone Ashley en Chopard lors du 79e Festival de Cannes, le 15 mai 2026. \u00a9 Samir Hussein\/WireImage.\" data-lazy-src=\"https:\/\/numero.com\/wp-content\/uploads\/2026\/05\/Simone-Ashley-.jpg\"><img decoding=\"async\" src=\"https:\/\/numero.com\/wp-content\/uploads\/2026\/05\/Simone-Ashley-.jpg\" alt=\"Simone Ashley en Chopard lors du 79e Festival de Cannes, le 15 mai 2026. \u00a9 Samir Hussein\/WireImage.\"><\/p>\n<div class=\"number\">17<\/div>\n<\/p><\/div>\n<div class=\"card-info\">\n<div class=\"meta d-flex justify-content-between\">\n<p class=\"cat-title\">Cin\u00e9ma<\/p>\n<p class=\"date\">\n\t\t\t\t\t\t\t\t\t\t\t\t\t\t17 mai 2026\t\t\t\t\t\t\t\t\t\t\t\t\t<\/p>\n<\/p><\/div>\n<div class=\"post-title\">Cannes 2026 : rencontre avec Simone Ashley, actrice magn\u00e9tique et engag\u00e9e\u00a0<\/div>\n<\/p><\/div>\n<p>\t\t\t\t\t\t\t\t\t\t<\/a>\n\t\t\t\t\t\t\t\t\t<\/div>\n<div class=\"post-card mobile\">\n\t\t\t\t\t\t\t\t\t\t<a class=\"post-link d-flex\" href=\"https:\/\/numero.com\/culture\/cinema\/simone-ashley-portrait-projets\/\"><\/p>\n<div class=\"container-img\">\n\t\t\t\t\t\t\t\t\t\t\t\t<img loading=\"lazy\" decoding=\"async\" width=\"640\" height=\"804\" src=\"\/\/www.w3.org\/2000\/svg'%20viewBox='0%200%20640%20804'%3E%3C\/svg%3E\" class=\"img-fluid\" alt=\"Simone Ashley en Chopard lors du 79e Festival de Cannes, le 15 mai 2026. \u00a9 Samir Hussein\/WireImage.\" data-lazy-src=\"https:\/\/numero.com\/wp-content\/uploads\/2026\/05\/Simone-Ashley--768x965.jpg\"><img decoding=\"async\" width=\"640\" height=\"804\" src=\"https:\/\/numero.com\/wp-content\/uploads\/2026\/05\/Simone-Ashley--768x965.jpg\" class=\"img-fluid\" alt=\"Simone Ashley en Chopard lors du 79e Festival de Cannes, le 15 mai 2026. \u00a9 Samir Hussein\/WireImage.\" loading=\"lazy\">\t\t\t\t\t\t\t\t\t\t\t\t<\/p>\n<div class=\"number\">17<\/div>\n<\/p><\/div>\n<div class=\"card-info d-flex\">\n<div>\n<p class=\"cat-title\">Cin\u00e9ma<\/p>\n<h3 class=\"post-title\">Cannes 2026 : rencontre avec Simone Ashley, actrice magn\u00e9tique et engag\u00e9e\u00a0<\/h3>\n<\/p><\/div>\n<p class=\"date\">\n\t\t\t\t\t\t\t\t\t\t\t\t\t17 mai 2026\t\t\t\t\t\t\t\t\t\t\t\t<\/p>\n<\/p><\/div>\n<p>\t\t\t\t\t\t\t\t\t\t<\/a>\n\t\t\t\t\t\t\t\t\t<\/div>\n<\/p><\/div>\n<div class=\"col-lg-3\">\n<div class=\"post-card desktop\">\n\t\t\t\t\t\t\t\t\t\t<a class=\"post-link\" href=\"https:\/\/numero.com\/culture\/cinema\/garance-adele-exarchopoulos-jeanne-herry\/\"><\/p>\n<div class=\"container-img\">\n<p>                                                <img decoding=\"async\" src=\"\/\/www.w3.org\/2000\/svg'%20viewBox='0%200%200%200'%3E%3C\/svg%3E\" alt=\"Ad\u00e8le Exarchopoulos dans le film Garance.\" data-lazy-src=\"https:\/\/numero.com\/wp-content\/uploads\/2026\/04\/adele-exarchopoulos-garance3.jpg\"><img decoding=\"async\" src=\"https:\/\/numero.com\/wp-content\/uploads\/2026\/04\/adele-exarchopoulos-garance3.jpg\" alt=\"Ad\u00e8le Exarchopoulos dans le film Garance.\"><\/p>\n<div class=\"number\">17<\/div>\n<\/p><\/div>\n<div class=\"card-info\">\n<div class=\"meta d-flex justify-content-between\">\n<p class=\"cat-title\">Cin\u00e9ma<\/p>\n<p class=\"date\">\n\t\t\t\t\t\t\t\t\t\t\t\t\t\t17 mai 2026\t\t\t\t\t\t\t\t\t\t\t\t\t<\/p>\n<\/p><\/div>\n<div class=\"post-title\">Cannes 2026 : pourquoi on attend impatiemment le film Garance<\/div>\n<\/p><\/div>\n<p>\t\t\t\t\t\t\t\t\t\t<\/a>\n\t\t\t\t\t\t\t\t\t<\/div>\n<div class=\"post-card mobile\">\n\t\t\t\t\t\t\t\t\t\t<a class=\"post-link d-flex\" href=\"https:\/\/numero.com\/culture\/cinema\/garance-adele-exarchopoulos-jeanne-herry\/\"><\/p>\n<div class=\"container-img\">\n\t\t\t\t\t\t\t\t\t\t\t\t<img loading=\"lazy\" decoding=\"async\" width=\"640\" height=\"804\" src=\"\/\/www.w3.org\/2000\/svg'%20viewBox='0%200%20640%20804'%3E%3C\/svg%3E\" class=\"img-fluid\" alt=\"Ad\u00e8le Exarchopoulos dans le film Garance.\" data-lazy-src=\"https:\/\/numero.com\/wp-content\/uploads\/2026\/04\/adele-exarchopoulos-garance3-768x965.jpg\"><img decoding=\"async\" width=\"640\" height=\"804\" src=\"https:\/\/numero.com\/wp-content\/uploads\/2026\/04\/adele-exarchopoulos-garance3-768x965.jpg\" class=\"img-fluid\" alt=\"Ad\u00e8le Exarchopoulos dans le film Garance.\" loading=\"lazy\">\t\t\t\t\t\t\t\t\t\t\t\t<\/p>\n<div class=\"number\">17<\/div>\n<\/p><\/div>\n<div class=\"card-info d-flex\">\n<div>\n<p class=\"cat-title\">Cin\u00e9ma<\/p>\n<h3 class=\"post-title\">Cannes 2026 : pourquoi on attend impatiemment le film Garance<\/h3>\n<\/p><\/div>\n<p class=\"date\">\n\t\t\t\t\t\t\t\t\t\t\t\t\t17 mai 2026\t\t\t\t\t\t\t\t\t\t\t\t<\/p>\n<\/p><\/div>\n<p>\t\t\t\t\t\t\t\t\t\t<\/a>\n\t\t\t\t\t\t\t\t\t<\/div>\n<\/p><\/div>\n<div class=\"col-lg-3\">\n<div class=\"post-card desktop\">\n\t\t\t\t\t\t\t\t\t\t<a class=\"post-link\" href=\"https:\/\/numero.com\/culture\/musique\/ibeyi-interview-album\/\"><\/p>\n<div class=\"container-img\">\n<p>                                                <img decoding=\"async\" src=\"\/\/www.w3.org\/2000\/svg'%20viewBox='0%200%200%200'%3E%3C\/svg%3E\" alt=\"Ibeyi.\" data-lazy-src=\"https:\/\/numero.com\/wp-content\/uploads\/2026\/04\/thumb-ibeyi.jpg\"><img decoding=\"async\" src=\"https:\/\/numero.com\/wp-content\/uploads\/2026\/04\/thumb-ibeyi.jpg\" alt=\"Ibeyi.\"><\/p>\n<div class=\"number\">15<\/div>\n<\/p><\/div>\n<div class=\"card-info\">\n<div class=\"meta d-flex justify-content-between\">\n<p class=\"cat-title\">Musique<\/p>\n<p class=\"date\">\n\t\t\t\t\t\t\t\t\t\t\t\t\t\t15 mai 2026\t\t\t\t\t\t\t\t\t\t\t\t\t<\/p>\n<\/p><\/div>\n<div class=\"post-title\">Ibeyi : \u201c\u00catre spirituelle peut autant signifier twerker dans un club \u00e0 Atlanta que faire vibrer un bol tib\u00e9tain\u201d<\/div>\n<\/p><\/div>\n<p>\t\t\t\t\t\t\t\t\t\t<\/a>\n\t\t\t\t\t\t\t\t\t<\/div>\n<div class=\"post-card mobile\">\n\t\t\t\t\t\t\t\t\t\t<a class=\"post-link d-flex\" href=\"https:\/\/numero.com\/culture\/musique\/ibeyi-interview-album\/\"><\/p>\n<div class=\"container-img\">\n\t\t\t\t\t\t\t\t\t\t\t\t<img loading=\"lazy\" decoding=\"async\" width=\"640\" height=\"804\" src=\"\/\/www.w3.org\/2000\/svg'%20viewBox='0%200%20640%20804'%3E%3C\/svg%3E\" class=\"img-fluid\" alt=\"Ibeyi.\" data-lazy-src=\"https:\/\/numero.com\/wp-content\/uploads\/2026\/04\/thumb-ibeyi-768x965.jpg\"><img decoding=\"async\" width=\"640\" height=\"804\" src=\"https:\/\/numero.com\/wp-content\/uploads\/2026\/04\/thumb-ibeyi-768x965.jpg\" class=\"img-fluid\" alt=\"Ibeyi.\" loading=\"lazy\">\t\t\t\t\t\t\t\t\t\t\t\t<\/p>\n<div class=\"number\">15<\/div>\n<\/p><\/div>\n<div class=\"card-info d-flex\">\n<div>\n<p class=\"cat-title\">Musique<\/p>\n<h3 class=\"post-title\">Ibeyi : \u201c\u00catre spirituelle peut autant signifier twerker dans un club \u00e0 Atlanta que faire vibrer un bol tib\u00e9tain\u201d<\/h3>\n<\/p><\/div>\n<p class=\"date\">\n\t\t\t\t\t\t\t\t\t\t\t\t\t15 mai 2026\t\t\t\t\t\t\t\t\t\t\t\t<\/p>\n<\/p><\/div>\n<p>\t\t\t\t\t\t\t\t\t\t<\/a>\n\t\t\t\t\t\t\t\t\t<\/div>\n<\/p><\/div>\n<\/p><\/div>\n<\/p><\/div>\n<\/section>\n<div class=\"padding-bottom-s\">\n<div class=\"ad banner desktop\">\n<div class=\"container\">\n<div class=\"row\">\n            <!-- \/21730003857\/numero-ad-unit\/numero-banner-1 --><\/p>\n<div class=\"ad-responsive\">\n<div id=\"div-gpt-ad-1773673267712-0\" class=\"ads-pub\">\n<p>                        googletag.cmd.push(function () {<br \/>\n                            googletag.display(&#8216;div-gpt-ad-1773673267712-0&#8217;);<br \/>\n                        });<\/p><\/div>\n<\/p><\/div>\n<\/p><\/div>\n<\/p><\/div>\n<\/div><\/div>\n<\/p><\/div>\n","protected":false},"excerpt":{"rendered":"<p>21 21 googletag.cmd.push(function () { googletag.display(&#8216;div-gpt-ad-1773673590069-0&#8217;); }); Lien copi\u00e9 Mode 21 mai 2026 Cannes 2026 : le look du jour avec Alexa Chung, \u00e9blouissante en Dior haute couture Chaque jour de cette 79\u1d49 \u00e9dition du Festival de Cannes,\u00a0Num\u00e9ro s\u00e9lectionne un look ayant marqu\u00e9 le tapis rouge. Aujourd\u2019hui, focus sur Alexa Chung, qui choisissait hier pour [&hellip;]<\/p>\n","protected":false},"author":1,"featured_media":0,"comment_status":"open","ping_status":"","sticky":false,"template":"","format":"standard","meta":{"footnotes":""},"categories":[1],"tags":[226,258],"class_list":["post-1947240","post","type-post","status-publish","format-standard","hentry","category-uncategorized","tag-crawlmanager","tag-numero-com"],"_links":{"self":[{"href":"https:\/\/analyse.optim.biz\/index.php?rest_route=\/wp\/v2\/posts\/1947240","targetHints":{"allow":["GET"]}}],"collection":[{"href":"https:\/\/analyse.optim.biz\/index.php?rest_route=\/wp\/v2\/posts"}],"about":[{"href":"https:\/\/analyse.optim.biz\/index.php?rest_route=\/wp\/v2\/types\/post"}],"author":[{"embeddable":true,"href":"https:\/\/analyse.optim.biz\/index.php?rest_route=\/wp\/v2\/users\/1"}],"replies":[{"embeddable":true,"href":"https:\/\/analyse.optim.biz\/index.php?rest_route=%2Fwp%2Fv2%2Fcomments&post=1947240"}],"version-history":[{"count":0,"href":"https:\/\/analyse.optim.biz\/index.php?rest_route=\/wp\/v2\/posts\/1947240\/revisions"}],"wp:attachment":[{"href":"https:\/\/analyse.optim.biz\/index.php?rest_route=%2Fwp%2Fv2%2Fmedia&parent=1947240"}],"wp:term":[{"taxonomy":"category","embeddable":true,"href":"https:\/\/analyse.optim.biz\/index.php?rest_route=%2Fwp%2Fv2%2Fcategories&post=1947240"},{"taxonomy":"post_tag","embeddable":true,"href":"https:\/\/analyse.optim.biz\/index.php?rest_route=%2Fwp%2Fv2%2Ftags&post=1947240"}],"curies":[{"name":"wp","href":"https:\/\/api.w.org\/{rel}","templated":true}]}}