{"id":194645,"date":"2014-10-18T18:22:06","date_gmt":"2014-10-18T15:22:06","guid":{"rendered":"https:\/\/analyse.optim.biz\/?p=194645"},"modified":"2014-10-18T18:22:06","modified_gmt":"2014-10-18T15:22:06","slug":"avocatul-poporului-nu-reclama-ordonanta-traseismului-la-curtea-constitutionala","status":"publish","type":"post","link":"https:\/\/analyse.optim.biz\/?p=194645","title":{"rendered":"Avocatul Poporului nu reclam\u0103 ordonan\u021ba traseismului la Curtea Constitu\u021bional\u0103"},"content":{"rendered":"<div class=\"entry data-app-meta data-app-meta-article\" data-embed-base-url-canonical=\"https:\/\/www.digi24.ro\/embed\/stiri\/actualitate\/politica\/avocatul-poporului-nu-reclama-ordonanta-traseismului-la-curtea-constitutionala-309276\">\n<p data-index=\"1\">Este r\u0103spunsul dat unei <a href=\"https:\/\/www.digi24.ro\/Stiri\/Digi24\/Actualitate\/Politica\/Protest+Uniti+Salvam+ordonanta+traseism+politic\" target=\"_blank\" data-skip-linkfix=\"1\" rel=\"noopener\">peti\u0163ii<\/a> depuse de reprezentan\u0163i ai societ\u0103\u0163ii civile, dar \u015fi ai PNL \u015fi PPDD, prin care au cerut Avocatului Poporului s\u0103 sesizeze Curtea Constitu\u0163ional\u0103 \u00een leg\u0103tur\u0103 cu respectiva ordonan\u0163\u0103.<\/p>\n<p data-index=\"2\">Victor Ciorbea sus\u0163ine c\u0103 peti\u0163ia vizeaz\u0103 raporturile dintre autorit\u0103\u0163ile publice \u015fi, dac\u0103 ar da curs cererii acestora, \u201e\u015fi-ar dep\u0103\u015fi pozi\u0163ia de neutralitate \u015fi de obiectivitate \u015fi s-ar implica \u00een controverse partizane\u201d.<\/p>\n<p data-index=\"3\">El a precizat c\u0103 rezolvarea acestei probleme revine Parlamentului \u015fi Guvernului, mai ales c\u0103 Ordonan\u0163a este acum la Senat, dup\u0103 ce a fost respins\u0103 la Camera Deputa\u0163ilor.<\/p>\n<p data-index=\"4\">Ieri a expirat termenul p\u00e2n\u0103 la care ale\u015fii mai puteau migra de la un partid la altul f\u0103r\u0103 a-\u015fi pierde mandatul.<a href=\"https:\/\/www.digi24.ro\/Stiri\/Digi24\/Special\/COTROCENI+2014\/Bilantul+traseismului+politic+la+nivel+local+PNL+si+PDL+ameninta\" target=\"_blank\" data-skip-linkfix=\"1\" rel=\"noopener\"> Aproximativ 350 de ale\u0219i locali au profitat de cele 45 de zile<\/a> acordate de ordonan\u021b\u0103 pentru a trece la alt partid.<\/p>\n<\/div>\n<p> Source URL: https:\/\/www.digi24.ro\/stiri\/actualitate\/politica\/avocatul-poporului-nu-reclama-ordonanta-traseismului-la-curtea-constitutionala-309276<\/p>\n","protected":false},"excerpt":{"rendered":"<p>Este r\u0103spunsul dat unei peti\u0163ii depuse de reprezentan\u0163i ai societ\u0103\u0163ii civile, dar \u015fi ai PNL \u015fi PPDD, prin care au cerut Avocatului Poporului s\u0103 sesizeze Curtea Constitu\u0163ional\u0103 \u00een leg\u0103tur\u0103 cu respectiva ordonan\u0163\u0103. Victor Ciorbea sus\u0163ine c\u0103 peti\u0163ia vizeaz\u0103 raporturile dintre autorit\u0103\u0163ile publice \u015fi, dac\u0103 ar da curs cererii acestora, \u201e\u015fi-ar dep\u0103\u015fi pozi\u0163ia de neutralitate \u015fi [&hellip;]<\/p>\n","protected":false},"author":1,"featured_media":194646,"comment_status":"open","ping_status":"","sticky":false,"template":"","format":"standard","meta":{"footnotes":""},"categories":[2],"tags":[11],"class_list":["post-194645","post","type-post","status-publish","format-standard","has-post-thumbnail","hentry","category-politics","tag-digi24"],"_links":{"self":[{"href":"https:\/\/analyse.optim.biz\/index.php?rest_route=\/wp\/v2\/posts\/194645","targetHints":{"allow":["GET"]}}],"collection":[{"href":"https:\/\/analyse.optim.biz\/index.php?rest_route=\/wp\/v2\/posts"}],"about":[{"href":"https:\/\/analyse.optim.biz\/index.php?rest_route=\/wp\/v2\/types\/post"}],"author":[{"embeddable":true,"href":"https:\/\/analyse.optim.biz\/index.php?rest_route=\/wp\/v2\/users\/1"}],"replies":[{"embeddable":true,"href":"https:\/\/analyse.optim.biz\/index.php?rest_route=%2Fwp%2Fv2%2Fcomments&post=194645"}],"version-history":[{"count":0,"href":"https:\/\/analyse.optim.biz\/index.php?rest_route=\/wp\/v2\/posts\/194645\/revisions"}],"wp:featuredmedia":[{"embeddable":true,"href":"https:\/\/analyse.optim.biz\/index.php?rest_route=\/wp\/v2\/media\/194646"}],"wp:attachment":[{"href":"https:\/\/analyse.optim.biz\/index.php?rest_route=%2Fwp%2Fv2%2Fmedia&parent=194645"}],"wp:term":[{"taxonomy":"category","embeddable":true,"href":"https:\/\/analyse.optim.biz\/index.php?rest_route=%2Fwp%2Fv2%2Fcategories&post=194645"},{"taxonomy":"post_tag","embeddable":true,"href":"https:\/\/analyse.optim.biz\/index.php?rest_route=%2Fwp%2Fv2%2Ftags&post=194645"}],"curies":[{"name":"wp","href":"https:\/\/api.w.org\/{rel}","templated":true}]}}