{"id":194631,"date":"2014-10-19T22:25:42","date_gmt":"2014-10-19T19:25:42","guid":{"rendered":"https:\/\/analyse.optim.biz\/?p=194631"},"modified":"2014-10-19T22:25:42","modified_gmt":"2014-10-19T19:25:42","slug":"victor-ponta-spune-ca-traian-basescu-a-cerut-casa-de-la-guvern-nu-suntem-in-pozitia-pentru-o-resedinta-foarte-luxoasa","status":"publish","type":"post","link":"https:\/\/analyse.optim.biz\/?p=194631","title":{"rendered":"Victor Ponta spune c\u0103 Traian B\u0103sescu a cerut cas\u0103 de la Guvern. \u201eNu suntem \u00een pozi\u0163ia pentru o re\u015fedin\u0163\u0103 foarte luxoas\u0103\u201d"},"content":{"rendered":"<div class=\"entry data-app-meta data-app-meta-article\" data-embed-base-url-canonical=\"https:\/\/www.digi24.ro\/embed\/stiri\/actualitate\/politica\/victor-ponta-spune-ca-traian-basescu-a-cerut-casa-de-la-guvern-nu-suntem-in-pozitia-pentru-o-resedinta-foarte-luxoasa-309530\">\n<p data-index=\"1\"><img decoding=\"async\" src=\"https:\/\/analyse.optim.biz\/wp-content\/uploads\/2024\/09\/zty4ndk1zjfkmjhlzgu0ogu3zdbjodcwyze2-thumb_.jpg\" data-skip-htmlfix=\"1\" title=\"zty4ndk1zjfkmjhlzgu0ogu3zdbjodcwyze2-thumb_\"><\/p>\n<p data-index=\"2\"><span>Foto: Digi24<\/span><\/p>\n<p data-index=\"3\">Fo\u015ftii \u015fefi ai statului au dreptul, conform legii, inclusiv la atribuirea pe perioada vie\u0163ii a unei re\u015fedin\u0163e.<\/p>\n<p data-index=\"4\">\u201e<span>Am primit cerere \u015fi este \u00een lucru. Nu cred c\u0103 suntem \u00een pozi\u0163ia s\u0103 acord\u0103m o re\u015fedin\u0163\u0103 foarte luxoas\u0103, cred c\u0103 o re\u015fedin\u0163\u0103 normal\u0103&#8230; din c\u00e2te \u015ftiu, \u015fi Iliescu, \u015fi Constantinescu stau \u00een ni\u015fte condi\u0163ii decente, dar nu&#8230;\u201d, a spus Victor Ponta la un<a href=\"http:\/\/www.romaniatv.net\/\" target=\"_blank\" data-skip-linkfix=\"1\" rel=\"noopener\"> post de televiziune<\/a>, potrivit Mediafax.<\/span><\/p>\n<p data-index=\"5\">El a ad\u0103ugat c\u0103, \u00een ceea ce \u00eel prive\u015fte, dac\u0103 va ocupa postul de pre\u015fedinte \u015fi va fi nevoit s\u0103 se mute, probabil va folosi o alt\u0103 cas\u0103 dec\u00e2t cea actual\u0103, dar nu vila \u00een care locuie\u015fte \u00een prezent Traian B\u0103sescu.<\/p>\n<\/div>\n<p> Source URL: https:\/\/www.digi24.ro\/stiri\/actualitate\/politica\/victor-ponta-spune-ca-traian-basescu-a-cerut-casa-de-la-guvern-nu-suntem-in-pozitia-pentru-o-resedinta-foarte-luxoasa-309530<\/p>\n","protected":false},"excerpt":{"rendered":"<p>Foto: Digi24 Fo\u015ftii \u015fefi ai statului au dreptul, conform legii, inclusiv la atribuirea pe perioada vie\u0163ii a unei re\u015fedin\u0163e. \u201eAm primit cerere \u015fi este \u00een lucru. Nu cred c\u0103 suntem \u00een pozi\u0163ia s\u0103 acord\u0103m o re\u015fedin\u0163\u0103 foarte luxoas\u0103, cred c\u0103 o re\u015fedin\u0163\u0103 normal\u0103&#8230; din c\u00e2te \u015ftiu, \u015fi Iliescu, \u015fi Constantinescu stau \u00een ni\u015fte condi\u0163ii decente, [&hellip;]<\/p>\n","protected":false},"author":1,"featured_media":194632,"comment_status":"open","ping_status":"","sticky":false,"template":"","format":"standard","meta":{"footnotes":""},"categories":[2],"tags":[11],"class_list":["post-194631","post","type-post","status-publish","format-standard","has-post-thumbnail","hentry","category-politics","tag-digi24"],"_links":{"self":[{"href":"https:\/\/analyse.optim.biz\/index.php?rest_route=\/wp\/v2\/posts\/194631","targetHints":{"allow":["GET"]}}],"collection":[{"href":"https:\/\/analyse.optim.biz\/index.php?rest_route=\/wp\/v2\/posts"}],"about":[{"href":"https:\/\/analyse.optim.biz\/index.php?rest_route=\/wp\/v2\/types\/post"}],"author":[{"embeddable":true,"href":"https:\/\/analyse.optim.biz\/index.php?rest_route=\/wp\/v2\/users\/1"}],"replies":[{"embeddable":true,"href":"https:\/\/analyse.optim.biz\/index.php?rest_route=%2Fwp%2Fv2%2Fcomments&post=194631"}],"version-history":[{"count":0,"href":"https:\/\/analyse.optim.biz\/index.php?rest_route=\/wp\/v2\/posts\/194631\/revisions"}],"wp:featuredmedia":[{"embeddable":true,"href":"https:\/\/analyse.optim.biz\/index.php?rest_route=\/wp\/v2\/media\/194632"}],"wp:attachment":[{"href":"https:\/\/analyse.optim.biz\/index.php?rest_route=%2Fwp%2Fv2%2Fmedia&parent=194631"}],"wp:term":[{"taxonomy":"category","embeddable":true,"href":"https:\/\/analyse.optim.biz\/index.php?rest_route=%2Fwp%2Fv2%2Fcategories&post=194631"},{"taxonomy":"post_tag","embeddable":true,"href":"https:\/\/analyse.optim.biz\/index.php?rest_route=%2Fwp%2Fv2%2Ftags&post=194631"}],"curies":[{"name":"wp","href":"https:\/\/api.w.org\/{rel}","templated":true}]}}