{"id":194540,"date":"2014-10-21T10:29:16","date_gmt":"2014-10-21T07:29:16","guid":{"rendered":"https:\/\/analyse.optim.biz\/?p=194540"},"modified":"2014-10-21T10:29:16","modified_gmt":"2014-10-21T07:29:16","slug":"hrebenciuc-demisie-viorel-hrebenciuc-a-demisionat-din-parlament","status":"publish","type":"post","link":"https:\/\/analyse.optim.biz\/?p=194540","title":{"rendered":"HREBENCIUC DEMISIE. Viorel Hrebenciuc a demisionat din Parlament"},"content":{"rendered":"<div class=\"entry data-app-meta data-app-meta-article\" data-embed-base-url-canonical=\"https:\/\/www.digi24.ro\/embed\/stiri\/actualitate\/politica\/hrebenciuc-demisie-viorel-hrebenciuc-a-demisionat-din-parlament-310220\">\n<p data-index=\"1\"><strong><img decoding=\"async\" src=\"https:\/\/analyse.optim.biz\/wp-content\/uploads\/2024\/09\/jnc9odawjmhhc2g9zde2mjixzwi0ntfjnmzjytdlmjlhmzzjyzvjodnimzy-thumb_.jpg\" data-skip-htmlfix=\"1\" title=\"jnc9odawjmhhc2g9zde2mjixzwi0ntfjnmzjytdlmjlhmzzjyzvjodnimzy-thumb_\"><\/strong><\/p>\n<p data-index=\"2\"><em>Viorel Hrebenciuc a fost audiat luni la DNA ca suspect \u00eentr-un nou dosar penal FOTO: MediafaxFoto<\/em><\/p>\n<p data-index=\"3\"><strong>HREBENCIUC DEMISIE<\/strong>. Cercetat \u00een trei dosare penale, Viorel Hrebenciuc a spus c\u0103 dore\u0219te s\u0103 nu devin\u0103 o povar\u0103 pentru partid \u0219i se pune la dispozi\u021bia justi\u021biei, a explicat Valeriu Zgonea.\u00a0<span>\u201eEste o decizie unilateral\u0103, \u00ee\u015fi depune demisia din func\u0163iat de deputat. \u00a0<\/span><span>Mi-a spus c\u0103 se va pune la dispozi\u0163ia organelor judiciare, c\u0103 are \u00eencredere \u00een justi\u0163ia din Rom\u00e2nia \u015fi c\u0103 vrea s\u0103 mearg\u0103 demn pe strad\u0103, s\u0103 se uite demn \u00een ochii fiec\u0103rui cet\u0103\u0163ean\u201d, a declarat Valeriu Zgonea. \u201eD<span>omnia sa se considera nevinovat\u201d, a ad\u0103ugat pre\u0219edintele Camerei.<\/span><\/span>\u00a0<\/p>\n<h5><span><a href=\"https:\/\/www.digi24.ro\/Stiri\/Digi24\/Actualitate\/Politica\/HREBENCIUC+DEMISIE+Viorel+Hrebenciuc+primele+declaratii+Nu+ma+ra\" target=\"_blank\" data-skip-linkfix=\"1\" rel=\"noopener\">HREBENCIUC DEMISIE. Viorel Hrebenciuc, primele declara\u021bii: Nu m\u0103 r\u0103zg\u00e2ndesc, revin \u00een 2016<\/a><\/span><\/h5>\n<p data-index=\"4\"><strong>HREBENCIUC DEMISIE<\/strong>. \u201eGestul domnului Hrebenciuc transmite c\u0103 nu vrea s\u0103 fie subiect de discu\u021bie pentru PSD, nu vrea s\u0103 fie principalul subiect de discu\u021bie al acestei campanii\u201d, a explicat Valeriu Zgonea. \u00a0\u201eRespect decizia sa\u201d, a ad\u0103ugat liderul social-democrat.<\/p>\n<p data-index=\"5\"><strong><strong>HREBENCIUC DEMISIE.\u00a0<\/strong><\/strong>Viorel Hrebenciuc, unul dintre cei mai vechi deputa\u021bi, cu peste 20 de ani de experien\u021b\u0103 \u00een Parlament, era ales deputat din partea circumscrip\u021biei nr.4 din Bac\u0103u. El era \u0219i vicepre\u0219edinte al Camerei Deputa\u021bilor. CV-ul s\u0103u, <a href=\"http:\/\/www.cdep.ro\/pls\/parlam\/structura.mp?idm=168&amp;cam=2&amp;leg=2012&amp;pag=0&amp;idl=1\" target=\"_blank\" data-skip-linkfix=\"1\" rel=\"noopener\"><strong>AICI<\/strong><\/a>.<\/p>\n<p data-index=\"6\"><strong>HREBENCIUC DEMISIE.<\/strong> Viorel Hrebenciuc, pentru care DNA solicita Parlamentului \u00eencuviin\u021barea arest\u0103rii, poate fi arestat acum. Practic, din momentul \u00een care pre\u0219edintele Camerei semneaz\u0103 cererea sa de demisie, postul este vacantat, Viorel Hrebenciuc \u00ee\u0219i pierde calitatea de deputat \u0219i este la dispozi\u021bia organelor de anchet\u0103.<\/p>\n<h5><a href=\"https:\/\/www.digi24.ro\/Stiri\/Digi24\/Actualitate\/Justitie\/Viorel+Hrebenciuc+audiat+intr-un+nou+dosar+la+DNA\" target=\"_blank\" data-skip-linkfix=\"1\" rel=\"noopener\"><span>Viorel Hrebenciuc, acuzat de trafic de influen\u0163\u0103. DNA: Ar fi \u00eencercat s\u0103 afle detalii din anchetele care \u00eel vizau \u015fi s\u0103 ini\u0163ieze o nou\u0103 lege a amnistiei<\/span><\/a><\/h5>\n<h5><a href=\"https:\/\/www.digi24.ro\/Stiri\/Digi24\/Actualitate\/Justitie\/INTERCEPTARI+DNA+HREBENCIUC+SOVA\" target=\"_blank\" data-skip-linkfix=\"1\" rel=\"noopener\"><span>Discu\u021bii \u00eentre V. Hrebenciuc \u0219i D. \u0218ova despre amnistie \u0219i pre\u0219edin\u021bia PSD. V. Ponta: \u201eNu ne spune DNA pe cine s\u0103 punem \u0219ef la partid\u201d<\/span><\/a><\/h5>\n<h5><a href=\"https:\/\/www.digi24.ro\/Stiri\/Digi24\/Actualitate\/Politica\/Ion+Iliescu+naiv+si+neinitiat+Viorel+Hrebenciuc\" target=\"_blank\" data-skip-linkfix=\"1\" rel=\"noopener\"><span>Ion Iliescu: Nu l-a\u015f crede at\u00e2t de naiv \u015fi de neini\u0163iat pe Viorel Hrebenciuc<\/span><\/a><\/h5>\n<h5><a href=\"https:\/\/www.digi24.ro\/Stiri\/Digi24\/Actualitate\/Justitie\/Viorel+Hrebenciuc+DNA+Dumitru+Iiliescu+SPP\" target=\"_blank\" data-skip-linkfix=\"1\" rel=\"noopener\"><span>Mediafax: Viorel Hrebenciuc a aflat informa\u0163ii din DNA prin intermediul fostului \u015fef al SPP Dumitru Iliescu<\/span><\/a><\/h5>\n<h5><a href=\"https:\/\/www.digi24.ro\/Stiri\/Digi24\/Actualitate\/Justitie\/C+T+Popescu+Viorel+Hrebenciuc+este+un+taliban+al+coruptiei+ar+co\" data-skip-linkfix=\"1\"><span>C.T.Popescu: Viorel Hrebenciuc este un taliban al corup\u021biei, ar corupe \u0219i c\u0103milele<\/span><\/a><\/h5>\n<h5><a href=\"https:\/\/www.digi24.ro\/Stiri\/Digi24\/Actualitate\/Politica\/Cazul+Viorel+Hrebenciuc+intra+in+discutia+Camerei+Deputatilor\" target=\"_blank\" data-skip-linkfix=\"1\" rel=\"noopener\"><span>IMUNITATE. Cazul Viorel Hrebenciuc intr\u0103 \u00een discu\u021bia Camerei Deputa\u021bilor<\/span><\/a><\/h5>\n<h5><a href=\"https:\/\/www.digi24.ro\/Stiri\/Digi24\/Actualitate\/Justitie\/DOSARUL+RETROCEDARILOR+VIOREL+HREBENCIUC\" target=\"_blank\" data-skip-linkfix=\"1\" rel=\"noopener\"><span>DOSARUL RETROCED\u0102RILOR. S\u0103pt\u0103m\u00e2n\u0103 decisiv\u0103 pentru deputa\u021bii Viorel Hrebenciuc \u0219i Ioan Adam<\/span><\/a><\/h5>\n<h5><a href=\"https:\/\/www.digi24.ro\/Stiri\/Digi24\/Actualitate\/Justitie\/DNA+Viorel+Hrebenciuc+le-a+promis+printilor+Paul+si+Lia+interven\" target=\"_blank\" data-skip-linkfix=\"1\" rel=\"noopener\">DNA: Viorel Hrebenciuc le-a promis prin\u0163ilor Paul \u015fi Lia interven\u0163ii pentru ob\u0163inerea unor imobile<\/a><\/h5>\n<h5><a href=\"https:\/\/www.digi24.ro\/Stiri\/Digi24\/Actualitate\/Justitie\/HREBENCIUC+INVINUIT+DNA+CNA\" target=\"_blank\" data-skip-linkfix=\"1\" rel=\"noopener\"><strong>Viorel Hrebenciuc a fost pus sub \u00eenvinuire \u00een leg\u0103tur\u0103 cu fapte de corup\u0163ie din cadrul Consiliului Na\u0163ional al Audiovizualului.<\/strong><\/a><\/h5>\n<\/div>\n<p> Source URL: https:\/\/www.digi24.ro\/stiri\/actualitate\/politica\/hrebenciuc-demisie-viorel-hrebenciuc-a-demisionat-din-parlament-310220<\/p>\n","protected":false},"excerpt":{"rendered":"<p>Viorel Hrebenciuc a fost audiat luni la DNA ca suspect \u00eentr-un nou dosar penal FOTO: MediafaxFoto HREBENCIUC DEMISIE. Cercetat \u00een trei dosare penale, Viorel Hrebenciuc a spus c\u0103 dore\u0219te s\u0103 nu devin\u0103 o povar\u0103 pentru partid \u0219i se pune la dispozi\u021bia justi\u021biei, a explicat Valeriu Zgonea.\u00a0\u201eEste o decizie unilateral\u0103, \u00ee\u015fi depune demisia din func\u0163iat de [&hellip;]<\/p>\n","protected":false},"author":1,"featured_media":194541,"comment_status":"open","ping_status":"","sticky":false,"template":"","format":"standard","meta":{"footnotes":""},"categories":[2],"tags":[11],"class_list":["post-194540","post","type-post","status-publish","format-standard","has-post-thumbnail","hentry","category-politics","tag-digi24"],"_links":{"self":[{"href":"https:\/\/analyse.optim.biz\/index.php?rest_route=\/wp\/v2\/posts\/194540","targetHints":{"allow":["GET"]}}],"collection":[{"href":"https:\/\/analyse.optim.biz\/index.php?rest_route=\/wp\/v2\/posts"}],"about":[{"href":"https:\/\/analyse.optim.biz\/index.php?rest_route=\/wp\/v2\/types\/post"}],"author":[{"embeddable":true,"href":"https:\/\/analyse.optim.biz\/index.php?rest_route=\/wp\/v2\/users\/1"}],"replies":[{"embeddable":true,"href":"https:\/\/analyse.optim.biz\/index.php?rest_route=%2Fwp%2Fv2%2Fcomments&post=194540"}],"version-history":[{"count":0,"href":"https:\/\/analyse.optim.biz\/index.php?rest_route=\/wp\/v2\/posts\/194540\/revisions"}],"wp:featuredmedia":[{"embeddable":true,"href":"https:\/\/analyse.optim.biz\/index.php?rest_route=\/wp\/v2\/media\/194541"}],"wp:attachment":[{"href":"https:\/\/analyse.optim.biz\/index.php?rest_route=%2Fwp%2Fv2%2Fmedia&parent=194540"}],"wp:term":[{"taxonomy":"category","embeddable":true,"href":"https:\/\/analyse.optim.biz\/index.php?rest_route=%2Fwp%2Fv2%2Fcategories&post=194540"},{"taxonomy":"post_tag","embeddable":true,"href":"https:\/\/analyse.optim.biz\/index.php?rest_route=%2Fwp%2Fv2%2Ftags&post=194540"}],"curies":[{"name":"wp","href":"https:\/\/api.w.org\/{rel}","templated":true}]}}