{"id":194529,"date":"2014-10-21T11:02:33","date_gmt":"2014-10-21T08:02:33","guid":{"rendered":"https:\/\/analyse.optim.biz\/?p=194529"},"modified":"2014-10-21T11:02:33","modified_gmt":"2014-10-21T08:02:33","slug":"v-zgonea-despre-intelegerea-sova-hrebenciuc-spre-deosebire-de-ceilalti-eu-nu-mi-las-oamenii-care-cad","status":"publish","type":"post","link":"https:\/\/analyse.optim.biz\/?p=194529","title":{"rendered":"V. Zgonea, despre \u00een\u021belegerea \u0218ova-Hrebenciuc:\u00a0Spre deosebire de ceilal\u021bi, eu nu-mi las oamenii care cad"},"content":{"rendered":"<div class=\"entry data-app-meta data-app-meta-article\" data-embed-base-url-canonical=\"https:\/\/www.digi24.ro\/embed\/stiri\/actualitate\/politica\/v-zgonea-despre-intelegerea-sova-hrebenciuc-spre-deosebire-de-ceilalti-eu-nu-mi-las-oamenii-care-cad-310225\">\n<p data-index=\"1\">Reporter Digi24: Cum v-a\u021bi sim\u021bit c\u00e2nd a\u021bi v\u0103zut stenogramele \u00een care Viorel Hrebenciuc \u0219i Dan \u0218ova vorbeau despre cum s\u0103 v\u0103 \u00eenl\u0103ture, s\u0103 v\u0103 ia orice \u0219ans\u0103 de a candida la \u0219efia partidului?<\/p>\n<p data-index=\"2\">Valeriu Zgonea: <a href=\"https:\/\/www.digi24.ro\/Stiri\/Digi24\/Actualitate\/Politica\/Valeriu+Zgonea+sefia+PSD+Viorel+Hrebenciuc+Dan+Sova\" data-skip-linkfix=\"1\">Ce v-a spus domnul Ponta este valabil \u0219i pentru mine<\/a>. Eu fac campanie din 2000, la nivel central. Am mers \u00een toate satele \u0219i toate comunele. Probabil c\u0103 dup\u0103 domnul Geoan\u0103, domnul Ponta, domnul N\u0103stase, domnul Iliescu sunt vicepre\u0219edintele partidului care am fost cam \u00een 80% din satele din Rom\u00e2nia. A\u0219a \u00eenc\u00e2t Zgonea este un numepe care nu-l g\u0103si\u021bi pe toate gardurile. Sunt 600.000 de oameni de partid, 70-80% m\u0103 cunosc personal. Din acest punct de vedere, \u00een momentul \u00een care ai fost \u00een campania de preziden\u021biale a domnului N\u0103stase, ai fost \u00een campania de preziden\u021biale a domnului Geoan\u0103, e normal c\u0103 oamenii te cunosc. Nu e\u0219ti un simplu om de pe strad\u0103.<\/p>\n<p data-index=\"3\">Reporter Digi24: Nu ave\u021bi nevoie de Hrebenciuc s\u0103 v\u0103 pun\u0103 pre\u0219edinte la partid?<\/p>\n<p data-index=\"4\">Valeriu Zgonea: Spre deosebire de ceilal\u021bi, eu sunt un om crescut \u00een partid de jos. Eu merg cu partidul \u0219i niciodat\u0103 eu pe terenul de lupt\u0103 nu-mi las prizonieri \u0219i nu-mi las oamenii care cad. Suntem o echip\u0103, lucr\u0103m \u0219i la bine \u0219i la r\u0103u. Mergem \u0219i construim Rom\u00e2nia. Oamenii ace\u0219tia pe mine m-au \u00eenv\u0103\u021bat multe lucruri de bine. Dac\u0103 am ajuns \u00een aceast\u0103 func\u021bia le datorez \u0219i lor, pentru c\u0103 m-au \u00eenv\u0103\u021bat s\u0103 m\u0103 ab\u021bin atunci c\u00e2nd trebuie, s\u0103-mi v\u0103d lungul nasului \u0219i s\u0103 fac treab\u0103 pentru Rom\u00e2nia, pentru demnitatea pe care o am de deputat. A\u0219a am f\u0103cut \u00een ultimii 14 ani \u0219i, \u00eentr-un fel, pentru mine partidul acest este familia mea. Cred c\u0103 ce a f\u0103cut domnul Hrebenciuc este un gest de normalitate \u00een Europa.<\/p>\n<p data-index=\"5\"><a href=\"https:\/\/www.digi24.ro\/Stiri\/Digi24\/Actualitate\/Justitie\/INTERCEPTARI+DNA+in+dosarul+lui+Viorel+Hrebenciuc+Discutiile+cu+\" data-skip-linkfix=\"1\"><strong>Discu\u021biile dintre Viorel Hrebenciuc \u0219i Dan \u0218ova:<\/strong><\/a><\/p>\n<p data-index=\"6\"><strong>Viorel Hrebenciuc:<\/strong>\u00a0Clar c\u0103 te impui. Orice aprob\u0103 partidul ai for\u021b\u0103 imens\u0103, Dane, ascult\u0103 ce-\u021bi spun. Nu sunt nebun, cel mai mare partid. E solid, acult\u0103-m\u0103 ce-\u021bi spun. Nu conteaz\u0103 c\u0103 dispare un baron sau altul, nu conteaz\u0103, Dane.<\/p>\n<p data-index=\"7\"><strong>Dan \u0218ova:<\/strong>\u00a0Partidul merge.<\/p>\n<p data-index=\"8\"><strong>Dan \u0218ova:<\/strong>\u00a0\u00cen leg\u0103tur\u0103 cu epoca post Victor, toat\u0103 lumea cu care am vorbit, toata lumea merge cu mine. Nu \u00eel vor pe Liviu, \u00een primul r\u00e2nd.<\/p>\n<p data-index=\"9\"><strong>Viorel Hrebenciuc:<\/strong>\u00a0Asta este problema.<\/p>\n<p data-index=\"10\"><strong>Dan \u0218ova<\/strong>: Este negativ.<\/p>\n<p data-index=\"11\"><strong>Viorel Hrebenciuc:<\/strong>\u00a0Boss, pentru mine, cum s\u0103-\u021bi spun \u021bie, s\u0103 nu fie Liviu. \u00cen rest, nu am o problem\u0103. Practic \u0219i normal c\u0103 m\u0103 focusez pe tine. E \u0219i Vali Zgonea.,.<\/p>\n<p data-index=\"12\"><strong>Dan \u0218ova:<\/strong>\u00a0Da, ce facem cu Vali?<\/p>\n<p data-index=\"13\"><strong>Viorel Hrebenciuc:<\/strong>\u00a0Hai s\u0103-\u021bi spun o chestiune. O s\u0103 fii pre\u0219edinte. O s\u0103 ai &#8211; pe \u0103\u0219tia pe care sunt nu te po\u021bi baza pe to\u021bi. C\u0103 nu po\u021bi lucra cu Vanghelie s\u0103 \u00eentrebi: B\u0103, pe cine pun la Guvern? C\u0103 el vine cu nu \u0219tiu cine. Deci aici tu ai o problem\u0103. Dar c\u00e2t de c\u00e2t trebuie \u0219tiut un lucru. Sunt ministere \u00een care chiar trebuie s\u0103 mergi cu tehnocra\u021bi. Nu ai ce s\u0103 faci, boss.<\/p>\n<p data-index=\"14\"><strong>Dan \u0218ova:<\/strong>\u00a0O s\u0103 m\u0103 duc \u0219i p\u00e2na la Foc\u0219ani, la Marian acas\u0103.<\/p>\n<p data-index=\"15\"><strong>Viorel Hrebenciuc:<\/strong>\u00a0Da, c\u0103 e de \u0103sta, la care trebuie s\u0103 ai grij\u0103 s\u0103 \u00eei hr\u0103ne\u0219ti orgoliul. Hr\u0103ne\u0219te-i orgoliul. Aia e cheia succesului la Marian.<\/p>\n<p data-index=\"16\">Ieri,<a href=\"https:\/\/www.digi24.ro\/Stiri\/Digi24\/Actualitate\/Politica\/Ion+Iliescu+naiv+si+neinitiat+Viorel+Hrebenciuc\" data-skip-linkfix=\"1\"> pre\u015fedintele Camerei Deputa\u0163ilor a recunoscut c\u0103 a vorbit la telefon cu Viorel Hrebenciuc<\/a> dup\u0103 ce acesta a fost la DNA Bra\u015fov, dar a precizat c\u0103 a discutat \u201echestiuni personale\u201d \u0219i nicidecum despre o lege a amnistiei \u0219i a gra\u021bierii.<\/p>\n<p data-index=\"17\">\u201e<span>L-am \u00eentrebat, seara l-am sunat, c\u0103 era normal, c\u0103 e colegul meu, adic\u0103 \u00eel cunosc de 20 de ani, l-am \u00eentrebat cum se simte. Nu este primul coleg care a fost la DNA \u015fi l-am sunat \u015fi l-am \u00eentrebat cum se simte \u015fi mi-a zis c\u0103 e foarte bine, c\u0103 a ajuns acas\u0103 \u015fi i-am spus c\u0103 de aici \u00eencoace ne vedem la Parlament\u201d, a explicat\u00a0Valeriu Zgonea.<\/span><\/p>\n<h5><span>Citi\u021bi \u0219i:<\/span><\/h5>\n<h5><a href=\"https:\/\/www.digi24.ro\/Stiri\/Digi24\/Actualitate\/Justitie\/INTERCEPTARI+DNA+HREBENCIUC+SOVA\" data-skip-linkfix=\"1\"><span>Discu\u021bii \u00eentre Viorel Hrebenciuc \u0219i Dan \u0218ova despre amnistie \u0219i pre\u0219edin\u021bia PSD. Victor Ponta: \u201eNu ne spune DNA pe cine s\u0103 punem \u0219ef la partid\u201d<\/span><\/a><\/h5>\n<p data-index=\"18\">\n<\/div>\n<p> Source URL: https:\/\/www.digi24.ro\/stiri\/actualitate\/politica\/v-zgonea-despre-intelegerea-sova-hrebenciuc-spre-deosebire-de-ceilalti-eu-nu-mi-las-oamenii-care-cad-310225<\/p>\n","protected":false},"excerpt":{"rendered":"<p>Reporter Digi24: Cum v-a\u021bi sim\u021bit c\u00e2nd a\u021bi v\u0103zut stenogramele \u00een care Viorel Hrebenciuc \u0219i Dan \u0218ova vorbeau despre cum s\u0103 v\u0103 \u00eenl\u0103ture, s\u0103 v\u0103 ia orice \u0219ans\u0103 de a candida la \u0219efia partidului? Valeriu Zgonea: Ce v-a spus domnul Ponta este valabil \u0219i pentru mine. Eu fac campanie din 2000, la nivel central. Am mers [&hellip;]<\/p>\n","protected":false},"author":1,"featured_media":194530,"comment_status":"open","ping_status":"","sticky":false,"template":"","format":"standard","meta":{"footnotes":""},"categories":[2],"tags":[11],"class_list":["post-194529","post","type-post","status-publish","format-standard","has-post-thumbnail","hentry","category-politics","tag-digi24"],"_links":{"self":[{"href":"https:\/\/analyse.optim.biz\/index.php?rest_route=\/wp\/v2\/posts\/194529","targetHints":{"allow":["GET"]}}],"collection":[{"href":"https:\/\/analyse.optim.biz\/index.php?rest_route=\/wp\/v2\/posts"}],"about":[{"href":"https:\/\/analyse.optim.biz\/index.php?rest_route=\/wp\/v2\/types\/post"}],"author":[{"embeddable":true,"href":"https:\/\/analyse.optim.biz\/index.php?rest_route=\/wp\/v2\/users\/1"}],"replies":[{"embeddable":true,"href":"https:\/\/analyse.optim.biz\/index.php?rest_route=%2Fwp%2Fv2%2Fcomments&post=194529"}],"version-history":[{"count":0,"href":"https:\/\/analyse.optim.biz\/index.php?rest_route=\/wp\/v2\/posts\/194529\/revisions"}],"wp:featuredmedia":[{"embeddable":true,"href":"https:\/\/analyse.optim.biz\/index.php?rest_route=\/wp\/v2\/media\/194530"}],"wp:attachment":[{"href":"https:\/\/analyse.optim.biz\/index.php?rest_route=%2Fwp%2Fv2%2Fmedia&parent=194529"}],"wp:term":[{"taxonomy":"category","embeddable":true,"href":"https:\/\/analyse.optim.biz\/index.php?rest_route=%2Fwp%2Fv2%2Fcategories&post=194529"},{"taxonomy":"post_tag","embeddable":true,"href":"https:\/\/analyse.optim.biz\/index.php?rest_route=%2Fwp%2Fv2%2Ftags&post=194529"}],"curies":[{"name":"wp","href":"https:\/\/api.w.org\/{rel}","templated":true}]}}