{"id":194518,"date":"2014-10-21T11:05:07","date_gmt":"2014-10-21T08:05:07","guid":{"rendered":"https:\/\/analyse.optim.biz\/?p=194518"},"modified":"2014-10-21T11:05:07","modified_gmt":"2014-10-21T08:05:07","slug":"hrebenciuc-demisie-viorel-hrebenciuc-primele-declaratii-nu-ma-razgandesc-revin-in-2016","status":"publish","type":"post","link":"https:\/\/analyse.optim.biz\/?p=194518","title":{"rendered":"HREBENCIUC DEMISIE. Viorel Hrebenciuc, primele declara\u021bii: Nu m\u0103 r\u0103zg\u00e2ndesc, revin \u00een 2016"},"content":{"rendered":"<div class=\"entry data-app-meta data-app-meta-article\" data-embed-base-url-canonical=\"https:\/\/www.digi24.ro\/embed\/stiri\/actualitate\/politica\/hrebenciuc-demisie-viorel-hrebenciuc-primele-declaratii-nu-ma-razgandesc-revin-in-2016-310228\">\n<p data-index=\"1\"><strong>HREBENCIUC DEMISIE.<\/strong> \u201eN-am vorbit cu nimeni, e decizia mea personal\u0103\u201d, a declarat Viorel Hrebenciuc la ie\u0219irea din Parlament. \u201eFiecare \u00ee\u0219i face via\u021ba cum crede\u201d, a ad\u0103ugat el.<\/p>\n<p data-index=\"2\"><strong>HREBENCIUC DEMISIE.<\/strong> Fostul deputat a spus c\u0103 nu regret\u0103 nimic din ceea ce a discutat la telefon \u0219i a men\u021bionat c\u0103 erau \u201ediscu\u021bii la o cafea\u201d.<\/p>\n<h5><a href=\"https:\/\/www.digi24.ro\/Stiri\/Digi24\/Actualitate\/Justitie\/INTERCEPTARI+DNA+HREBENCIUC+SOVA\" target=\"_blank\" data-skip-linkfix=\"1\" rel=\"noopener\"><span>Discu\u021bii \u00eentre V. Hrebenciuc \u0219i D. \u0218ova despre amnistie \u0219i pre\u0219edin\u021bia PSD. V. Ponta: \u201eNu ne spune DNA pe cine s\u0103 punem \u0219ef la partid\u201d<\/span><\/a><\/h5>\n<p data-index=\"3\"><strong>HREBENCIUC DEMISIE.<\/strong> \u00cen PSD, exist\u0103 un precedent \u00een ceea ce prive\u0219te demisia unui deputat pentru a se pune la dispozi\u021bia justi\u021biei. Un gest similar a fost f\u0103cut de Miron Mitrea, care apoi a revenit \u00een Parlament la alegerile din 2012.<\/p>\n<\/div>\n<p> Source URL: https:\/\/www.digi24.ro\/stiri\/actualitate\/politica\/hrebenciuc-demisie-viorel-hrebenciuc-primele-declaratii-nu-ma-razgandesc-revin-in-2016-310228<\/p>\n","protected":false},"excerpt":{"rendered":"<p>HREBENCIUC DEMISIE. \u201eN-am vorbit cu nimeni, e decizia mea personal\u0103\u201d, a declarat Viorel Hrebenciuc la ie\u0219irea din Parlament. \u201eFiecare \u00ee\u0219i face via\u021ba cum crede\u201d, a ad\u0103ugat el. HREBENCIUC DEMISIE. Fostul deputat a spus c\u0103 nu regret\u0103 nimic din ceea ce a discutat la telefon \u0219i a men\u021bionat c\u0103 erau \u201ediscu\u021bii la o cafea\u201d. Discu\u021bii \u00eentre [&hellip;]<\/p>\n","protected":false},"author":1,"featured_media":194519,"comment_status":"open","ping_status":"","sticky":false,"template":"","format":"standard","meta":{"footnotes":""},"categories":[2],"tags":[11],"class_list":["post-194518","post","type-post","status-publish","format-standard","has-post-thumbnail","hentry","category-politics","tag-digi24"],"_links":{"self":[{"href":"https:\/\/analyse.optim.biz\/index.php?rest_route=\/wp\/v2\/posts\/194518","targetHints":{"allow":["GET"]}}],"collection":[{"href":"https:\/\/analyse.optim.biz\/index.php?rest_route=\/wp\/v2\/posts"}],"about":[{"href":"https:\/\/analyse.optim.biz\/index.php?rest_route=\/wp\/v2\/types\/post"}],"author":[{"embeddable":true,"href":"https:\/\/analyse.optim.biz\/index.php?rest_route=\/wp\/v2\/users\/1"}],"replies":[{"embeddable":true,"href":"https:\/\/analyse.optim.biz\/index.php?rest_route=%2Fwp%2Fv2%2Fcomments&post=194518"}],"version-history":[{"count":0,"href":"https:\/\/analyse.optim.biz\/index.php?rest_route=\/wp\/v2\/posts\/194518\/revisions"}],"wp:featuredmedia":[{"embeddable":true,"href":"https:\/\/analyse.optim.biz\/index.php?rest_route=\/wp\/v2\/media\/194519"}],"wp:attachment":[{"href":"https:\/\/analyse.optim.biz\/index.php?rest_route=%2Fwp%2Fv2%2Fmedia&parent=194518"}],"wp:term":[{"taxonomy":"category","embeddable":true,"href":"https:\/\/analyse.optim.biz\/index.php?rest_route=%2Fwp%2Fv2%2Fcategories&post=194518"},{"taxonomy":"post_tag","embeddable":true,"href":"https:\/\/analyse.optim.biz\/index.php?rest_route=%2Fwp%2Fv2%2Ftags&post=194518"}],"curies":[{"name":"wp","href":"https:\/\/api.w.org\/{rel}","templated":true}]}}