{"id":1943448,"date":"2026-04-01T02:26:00","date_gmt":"2026-03-31T23:26:00","guid":{"rendered":"https:\/\/analyse.optim.biz\/?p=1943448"},"modified":"2026-04-01T02:26:00","modified_gmt":"2026-03-31T23:26:00","slug":"20-bijoux-a-offrir-au-printemps-pour-les-fetes-ou-pour-soi","status":"publish","type":"post","link":"https:\/\/analyse.optim.biz\/?p=1943448","title":{"rendered":"20 bijoux \u00e0 offrir au printemps, pour les f\u00eates ou pour soi"},"content":{"rendered":"<div class=\"entry-content\">\n<section class=\"single-header padding-top-s\">\n<div class=\"container\">\n<div class=\"row justify-content-between\">\n<div class=\"col-lg-9 col-xl-8\">\n<div class=\"video-container\">\n\t\t\t\t\t\t\t\t\t\t\t\t\t<\/div>\n<div class=\"container-img desktop\">\n                                <img loading=\"lazy\" decoding=\"async\" width=\"1864\" height=\"1190\" src=\"https:\/\/numero.com\/wp-content\/uploads\/2026\/05\/idees-cadeaux-bijoux-bague-chanel-coco2.jpg\" class=\"img-fluid\" alt=\"idees cadeau bague chanel coco en or\">\t\t\t\t\t\t\t\t<\/p>\n<p class=\"number big\">19<\/p>\n<\/p><\/div>\n<div class=\"container-img mobile\">\n                                <img loading=\"lazy\" decoding=\"async\" width=\"880\" height=\"1042\" src=\"\/\/www.w3.org\/2000\/svg'%20viewBox='0%200%20880%201042'%3E%3C\/svg%3E\" class=\"img-fluid\" alt=\"idees cadeau bague chanel coco en or\" data-lazy-src=\"https:\/\/numero.com\/wp-content\/uploads\/2026\/05\/idees-cadeaux-bijoux-bague-chanel-coco.jpg\"><img decoding=\"async\" width=\"880\" height=\"1042\" src=\"https:\/\/numero.com\/wp-content\/uploads\/2026\/05\/idees-cadeaux-bijoux-bague-chanel-coco.jpg\" class=\"img-fluid\" alt=\"idees cadeau bague chanel coco en or\" loading=\"lazy\">\t\t\t\t\t\t\t\t<\/p>\n<p class=\"number big\">19<\/p>\n<\/p><\/div>\n<\/p><\/div>\n<div class=\"col col-lg-3 col-xl-4 desktop\">\n<div class=\"ad grand-angle desktop\">\n    <!-- \/21730003857\/numero-ad-unit\/numero-grand-angle --><\/p>\n<div class=\"ad-responsive\">\n<div id=\"div-gpt-ad-1773673590069-0\" class=\"ads-pub px-0\">\n<p>                googletag.cmd.push(function () {<br \/>\n                    googletag.display(&#8216;div-gpt-ad-1773673590069-0&#8217;);<br \/>\n                });<\/p><\/div>\n<\/p><\/div>\n<\/div><\/div>\n<\/p><\/div>\n<\/p><\/div>\n<\/section>\n<section class=\"post-content\">\n<div class=\"container\">\n<div class=\"row g-0 justify-content-between\">\n<div class=\"col-lg-9 col-xl-8 padding-top-s\">\n<p class=\"share-widget\" id=\"share-widget\"><img decoding=\"async\" src=\"https:\/\/numero.com\/wp-content\/themes\/understrap-child-main\/src\/public\/images\/share.svg\" alt=\"share-widget\"><\/p>\n<div class=\"share-icons\" id=\"share-icons\">\n<p class=\"copy-link\"><img decoding=\"async\" src=\"\/\/www.w3.org\/2000\/svg'%20viewBox='0%200%200%200'%3E%3C\/svg%3E\" alt=\"copy-link\" data-lazy-src=\"https:\/\/numero.com\/wp-content\/themes\/understrap-child-main\/src\/public\/images\/copy-link.svg\"><\/p>\n<p><img decoding=\"async\" src=\"https:\/\/numero.com\/wp-content\/themes\/understrap-child-main\/src\/public\/images\/copy-link.svg\" alt=\"copy-link\"><br \/>\n\t\t\t\t\t\t\t<a href=\"https:\/\/www.facebook.com\/sharer\/sharer.php?u=https:\/\/numero.com\/joaillerie\/idees-bijoux-cadeau-printemps\/\" class=\"facebook\" target=\"_blank\" rel=\"noopener\"><img decoding=\"async\" src=\"https:\/\/numero.com\/wp-content\/themes\/understrap-child-main\/src\/public\/images\/facebook.svg\" alt=\"facebook\"><\/a><br \/>\n\t\t\t\t\t\t\t<a href=\"https:\/\/twitter.com\/share?url=https:\/\/numero.com\/joaillerie\/idees-bijoux-cadeau-printemps\/\" class=\"twitter\" target=\"_blank\" rel=\"noopener\"><img decoding=\"async\" src=\"https:\/\/numero.com\/wp-content\/themes\/understrap-child-main\/src\/public\/images\/twitter.svg\" alt=\"twitter\"><\/a>\n\t\t\t\t\t\t<\/div>\n<p>\t\t\t\t\t\t<span class id=\"custom-tooltip\">Lien copi\u00e9<\/span><\/p>\n<div class=\"col-lg-10\">\n<div class=\"meta d-flex justify-content-between align-items-center\">\n<div class=\"cat\">\n\t\t\t\t\t\t\t\t\t<a class=\"cat-title\" href=\"https:\/\/numero.com\/category\/joaillerie\/\">Joaillerie<\/a>\t\t\t\t\t\t\t\t<\/div>\n<p class=\"date\">\n\t\t\t\t\t\t\t\t\t19 mai 2026\t\t\t\t\t\t\t\t<\/p>\n<\/p><\/div>\n<h1>20 bijoux \u00e0 offrir au printemps, pour les f\u00eates ou pour soi<\/h1>\n<div class=\"introduction\">\n<p>Entre pi\u00e8ces statement et valeurs s\u00fbres, les bijoux restent des id\u00e9es de cadeaux incontournables. Pour le printemps, la s\u00e9lection se fait plus lumineuse, . D\u00e9couvrez 20 bijoux \u00e0 offrir ou \u00e0 s\u2019offrir, entre bagues, colliers et pi\u00e8ces pr\u00e9cieuses.<\/p>\n<\/div>\n<li class=\"credits d-flex\">\n<p>\n\t\t\t\t\t\t\t\t\t\t\tpar\t\t\t\t\t\t\t\t\t\t\t\t\t\t\t\t\t\t\t\t\t\t\t<a href=\"https:\/\/numero.com\/contributor\/benedicte-burguet\/\">Benedicte Burguet<\/a>.\t\t\t\t\t\t\t\t\t\t\t\t\t\t\t\t\t\t\t\t\t<\/p>\n<\/li>\n<div id=\"ads03\" class=\"mobile padding-bottom-s\">\n<div class=\"ad-wrapper\">\n\t\t\t\t\t\t\t\t\t<!-- \/21730003857\/numero-ad-unit\/numero-interscroller --><\/p>\n<div class=\"ad ad-responsive interscroller-slot\">\n<div id=\"div-gpt-ad-1773673675628-0\" class=\"ads-pub\">\n<p>            googletag.cmd.push(function () {<br \/>\n                googletag.display(&#8216;div-gpt-ad-1773673675628-0&#8217;);<br \/>\n            });<\/p><\/div>\n<\/div><\/div>\n<\/p><\/div>\n<p>\t\t\t\t\t\t\t&lt;!&#8211; <\/p>\n<div class=\"padding-bottom-s\">\n\t\t\t\t\t\t\t\t\t\t\t\t\t\t\t<\/div>\n<p> &#8211;&gt;<\/p>\n<figure data-wp-context='{\"imageId\":\"6a0c807fe2448\"}' data-wp-interactive=\"core\/image\" data-wp-key=\"6a0c807fe2448\" class=\"wp-block-image size-full wp-lightbox-container\"><img loading=\"lazy\" decoding=\"async\" width=\"800\" height=\"804\" data-wp-class--hide=\"state.isContentHidden\" data-wp-class--show=\"state.isContentVisible\" data-wp-init=\"callbacks.setButtonStyles\" data-wp-on--click=\"actions.showLightbox\" data-wp-on--load=\"callbacks.setButtonStyles\" data-wp-on-window--resize=\"callbacks.setButtonStyles\" src=\"https:\/\/numero.com\/wp-content\/uploads\/2026\/05\/idees-cadeau-fete-repossi-.jpg\" alt=\"Bracelets lettres en or Repossi.\" class=\"wp-image-844798\"><button class=\"lightbox-trigger\" type=\"button\" aria-haspopup=\"dialog\" aria-label=\"Agrandir\" data-wp-init=\"callbacks.initTriggerButton\" data-wp-on--click=\"actions.showLightbox\" data-wp-style--right=\"state.imageButtonRight\" data-wp-style--top=\"state.imageButtonTop\"><\/p>\n<p>\t\t<\/button><figcaption class=\"wp-element-caption\">\u00a9 Repossi.<\/figcaption><\/figure>\n<p>Intemporels, pr\u00e9cieux et charg\u00e9s d\u2019\u00e9motion, les bijoux traversent les \u00e9poques sans jamais perdre de leur \u00e9clat. Qu\u2019il s\u2019agisse de cr\u00e9ations iconiques ou de pi\u00e8ces plus contemporaines, ils incarnent un langage universel, \u00e0 la fois intime et singulier. Entre or, pierres pr\u00e9cieuses et lignes sculpturales, cette s\u00e9lection met en lumi\u00e8re les pr\u00e9sents qui marquent les moments qui comptent. D\u00e9couvrez 20 <a href=\"https:\/\/numero.com\/category\/joaillerie\/bijoux\/\">bijoux<\/a> \u00e0 (s\u2019)offrir ce printemps.<\/p>\n<h2 class=\"wp-block-heading\">20 bijoux \u00e0 (s\u2019)offrir au printemps<\/h2>\n<figure data-wp-context='{\"imageId\":\"6a0c807fe2864\"}' data-wp-interactive=\"core\/image\" data-wp-key=\"6a0c807fe2864\" class=\"wp-block-image size-full wp-lightbox-container\"><img loading=\"lazy\" decoding=\"async\" width=\"1000\" height=\"1000\" data-wp-class--hide=\"state.isContentHidden\" data-wp-class--show=\"state.isContentVisible\" data-wp-init=\"callbacks.setButtonStyles\" data-wp-on--click=\"actions.showLightbox\" data-wp-on--load=\"callbacks.setButtonStyles\" data-wp-on-window--resize=\"callbacks.setButtonStyles\" src=\"\/\/www.w3.org\/2000\/svg'%20viewBox='0%200%201000%201000'%3E%3C\/svg%3E\" alt=\"Bracelet Maillon Perle grand mod\u00e8le en or jaune et perles d'Akoya, Dinh Van.\" class=\"wp-image-842084\" data-lazy-src=\"https:\/\/numero.com\/wp-content\/uploads\/2026\/05\/DINH-VAN-BRACELET-MAILLON-PERLES-or-jaune-2.jpg\"><img loading=\"lazy\" decoding=\"async\" width=\"1000\" height=\"1000\" data-wp-class--hide=\"state.isContentHidden\" data-wp-class--show=\"state.isContentVisible\" data-wp-init=\"callbacks.setButtonStyles\" data-wp-on--click=\"actions.showLightbox\" data-wp-on--load=\"callbacks.setButtonStyles\" data-wp-on-window--resize=\"callbacks.setButtonStyles\" src=\"https:\/\/numero.com\/wp-content\/uploads\/2026\/05\/DINH-VAN-BRACELET-MAILLON-PERLES-or-jaune-2.jpg\" alt=\"Bracelet Maillon Perle grand mod\u00e8le en or jaune et perles d'Akoya, Dinh Van.\" class=\"wp-image-842084\"><button class=\"lightbox-trigger\" type=\"button\" aria-haspopup=\"dialog\" aria-label=\"Agrandir\" data-wp-init=\"callbacks.initTriggerButton\" data-wp-on--click=\"actions.showLightbox\" data-wp-style--right=\"state.imageButtonRight\" data-wp-style--top=\"state.imageButtonTop\"><\/p>\n<p>\t\t<\/button><\/figure>\n<h3 class=\"wp-block-heading\">Bracelet Maillon Perle grand mod\u00e8le, Dinh Van.<\/h3>\n<p>En or jaune et perles d\u2019Akoya, 12 500 \u20ac. Disponible sur <strong><a href=\"https:\/\/www.dinhvan.com\/fr_int\/bracelet-maillon-perle-grand-modele-361301.html\">dinhvan.com<\/a><\/strong>.<\/p>\n<figure data-wp-context='{\"imageId\":\"6a0c807fe2bf9\"}' data-wp-interactive=\"core\/image\" data-wp-key=\"6a0c807fe2bf9\" class=\"wp-block-image size-full is-resized wp-lightbox-container\"><img loading=\"lazy\" decoding=\"async\" width=\"579\" height=\"579\" data-wp-class--hide=\"state.isContentHidden\" data-wp-class--show=\"state.isContentVisible\" data-wp-init=\"callbacks.setButtonStyles\" data-wp-on--click=\"actions.showLightbox\" data-wp-on--load=\"callbacks.setButtonStyles\" data-wp-on-window--resize=\"callbacks.setButtonStyles\" src=\"\/\/www.w3.org\/2000\/svg'%20viewBox='0%200%20579%20579'%3E%3C\/svg%3E\" alt=\"Bague Dune, en or jaune torsad\u00e9 et grenats rhodolite, Poiray.\" class=\"wp-image-842081\" style=\"width:840px;height:auto\" data-lazy-src=\"https:\/\/numero.com\/wp-content\/uploads\/2026\/05\/POIRAY-465-110-DUNE-DE-POIRAY-BAGUE-DIAMANTS-1-edited.jpg\"><img loading=\"lazy\" decoding=\"async\" width=\"579\" height=\"579\" data-wp-class--hide=\"state.isContentHidden\" data-wp-class--show=\"state.isContentVisible\" data-wp-init=\"callbacks.setButtonStyles\" data-wp-on--click=\"actions.showLightbox\" data-wp-on--load=\"callbacks.setButtonStyles\" data-wp-on-window--resize=\"callbacks.setButtonStyles\" src=\"https:\/\/numero.com\/wp-content\/uploads\/2026\/05\/POIRAY-465-110-DUNE-DE-POIRAY-BAGUE-DIAMANTS-1-edited.jpg\" alt=\"Bague Dune, en or jaune torsad\u00e9 et grenats rhodolite, Poiray.\" class=\"wp-image-842081\" style=\"width:840px;height:auto\"><button class=\"lightbox-trigger\" type=\"button\" aria-haspopup=\"dialog\" aria-label=\"Agrandir\" data-wp-init=\"callbacks.initTriggerButton\" data-wp-on--click=\"actions.showLightbox\" data-wp-style--right=\"state.imageButtonRight\" data-wp-style--top=\"state.imageButtonTop\"><\/p>\n<p>\t\t<\/button><\/figure>\n<h3 class=\"wp-block-heading\">Bague Dune, Poiray.<\/h3>\n<p>En or jaune et diamants, 9 700 \u20ac. Disponible sur <strong><a href=\"https:\/\/poiray.com\/products\/bague-dune-de-poiray-3\">poiray.com.<\/a><\/strong><\/p>\n<figure data-wp-context='{\"imageId\":\"6a0c807fe2f7e\"}' data-wp-interactive=\"core\/image\" data-wp-key=\"6a0c807fe2f7e\" class=\"wp-block-image size-full is-resized wp-lightbox-container\"><img loading=\"lazy\" decoding=\"async\" width=\"781\" height=\"781\" data-wp-class--hide=\"state.isContentHidden\" data-wp-class--show=\"state.isContentVisible\" data-wp-init=\"callbacks.setButtonStyles\" data-wp-on--click=\"actions.showLightbox\" data-wp-on--load=\"callbacks.setButtonStyles\" data-wp-on-window--resize=\"callbacks.setButtonStyles\" src=\"\/\/www.w3.org\/2000\/svg'%20viewBox='0%200%20781%20781'%3E%3C\/svg%3E\" alt=\"Collier Tubogas, en acier et or jaune, Bvlgari.\" class=\"wp-image-842077\" style=\"width:840px;height:auto\" data-lazy-src=\"https:\/\/numero.com\/wp-content\/uploads\/2026\/05\/bulgari-CL860868_201_ful-2-2-edited.jpg\"><img decoding=\"async\" loading=\"lazy\" width=\"781\" height=\"781\" data-wp-class--hide=\"state.isContentHidden\" data-wp-class--show=\"state.isContentVisible\" data-wp-init=\"callbacks.setButtonStyles\" data-wp-on--click=\"actions.showLightbox\" data-wp-on--load=\"callbacks.setButtonStyles\" data-wp-on-window--resize=\"callbacks.setButtonStyles\" src=\"https:\/\/numero.com\/wp-content\/uploads\/2026\/05\/bulgari-CL860868_201_ful-2-2-edited.jpg\" alt=\"Collier Tubogas, en acier et or jaune, Bvlgari.\" class=\"wp-image-842077\" style=\"width:840px;height:auto\"><button class=\"lightbox-trigger\" type=\"button\" aria-haspopup=\"dialog\" aria-label=\"Agrandir\" data-wp-init=\"callbacks.initTriggerButton\" data-wp-on--click=\"actions.showLightbox\" data-wp-style--right=\"state.imageButtonRight\" data-wp-style--top=\"state.imageButtonTop\"><\/p>\n<p>\t\t<\/button><\/figure>\n<h3 class=\"wp-block-heading\">Collier Tubogas, Bvlgari.<\/h3>\n<p>En acier et or jaune, 6 900 \u20ac. Disponible sur <strong><a href=\"https:\/\/www.bulgari.com\/fr-fr\/product\/362627\">bvlgari.com.<\/a><\/strong><\/p>\n<figure data-wp-context='{\"imageId\":\"6a0c807fe32f5\"}' data-wp-interactive=\"core\/image\" data-wp-key=\"6a0c807fe32f5\" class=\"wp-block-image size-full wp-lightbox-container\"><img loading=\"lazy\" decoding=\"async\" width=\"1000\" height=\"1000\" data-wp-class--hide=\"state.isContentHidden\" data-wp-class--show=\"state.isContentVisible\" data-wp-init=\"callbacks.setButtonStyles\" data-wp-on--click=\"actions.showLightbox\" data-wp-on--load=\"callbacks.setButtonStyles\" data-wp-on-window--resize=\"callbacks.setButtonStyles\" src=\"\/\/www.w3.org\/2000\/svg'%20viewBox='0%200%201000%201000'%3E%3C\/svg%3E\" alt=\"Bracelet Serpent Boh\u00e8me, en onyx et or jaune, Boucheron.\" class=\"wp-image-842073\" data-lazy-src=\"https:\/\/numero.com\/wp-content\/uploads\/2026\/05\/BOUCHERON-SERPENT-BOHEME-GOLD-ONYX-BRACELET-1-1.jpg\"><img decoding=\"async\" loading=\"lazy\" width=\"1000\" height=\"1000\" data-wp-class--hide=\"state.isContentHidden\" data-wp-class--show=\"state.isContentVisible\" data-wp-init=\"callbacks.setButtonStyles\" data-wp-on--click=\"actions.showLightbox\" data-wp-on--load=\"callbacks.setButtonStyles\" data-wp-on-window--resize=\"callbacks.setButtonStyles\" src=\"https:\/\/numero.com\/wp-content\/uploads\/2026\/05\/BOUCHERON-SERPENT-BOHEME-GOLD-ONYX-BRACELET-1-1.jpg\" alt=\"Bracelet Serpent Boh\u00e8me, en onyx et or jaune, Boucheron.\" class=\"wp-image-842073\"><button class=\"lightbox-trigger\" type=\"button\" aria-haspopup=\"dialog\" aria-label=\"Agrandir\" data-wp-init=\"callbacks.initTriggerButton\" data-wp-on--click=\"actions.showLightbox\" data-wp-style--right=\"state.imageButtonRight\" data-wp-style--top=\"state.imageButtonTop\"><\/p>\n<p>\t\t<\/button><\/figure>\n<h3 class=\"wp-block-heading\">Bague serpent boh\u00e8me, Boucheron.<\/h3>\n<p>En or jaune et onyx, 67 400 \u20ac. Disponible sur <strong><a href=\"https:\/\/www.boucheron.com\/fr_fr\/bracelet-serpent-boheme-jbt01050.html\">boucheron.com.<\/a><\/strong><\/p>\n<figure data-wp-context='{\"imageId\":\"6a0c807fe367f\"}' data-wp-interactive=\"core\/image\" data-wp-key=\"6a0c807fe367f\" class=\"wp-block-image size-full is-resized wp-lightbox-container\"><img loading=\"lazy\" decoding=\"async\" width=\"578\" height=\"578\" data-wp-class--hide=\"state.isContentHidden\" data-wp-class--show=\"state.isContentVisible\" data-wp-init=\"callbacks.setButtonStyles\" data-wp-on--click=\"actions.showLightbox\" data-wp-on--load=\"callbacks.setButtonStyles\" data-wp-on-window--resize=\"callbacks.setButtonStyles\" src=\"\/\/www.w3.org\/2000\/svg'%20viewBox='0%200%20578%20578'%3E%3C\/svg%3E\" alt=\"Bague COCO motif matelass\u00e9, en or jaune 18 carats et diamant, Chanel Joaillerie.\" class=\"wp-image-842071\" style=\"width:840px;height:auto\" data-lazy-src=\"https:\/\/numero.com\/wp-content\/uploads\/2026\/05\/chanel-JO2025_01_1000_1_RGB-edited-1.jpg\"><img decoding=\"async\" loading=\"lazy\" width=\"578\" height=\"578\" data-wp-class--hide=\"state.isContentHidden\" data-wp-class--show=\"state.isContentVisible\" data-wp-init=\"callbacks.setButtonStyles\" data-wp-on--click=\"actions.showLightbox\" data-wp-on--load=\"callbacks.setButtonStyles\" data-wp-on-window--resize=\"callbacks.setButtonStyles\" src=\"https:\/\/numero.com\/wp-content\/uploads\/2026\/05\/chanel-JO2025_01_1000_1_RGB-edited-1.jpg\" alt=\"Bague COCO motif matelass\u00e9, en or jaune 18 carats et diamant, Chanel Joaillerie.\" class=\"wp-image-842071\" style=\"width:840px;height:auto\"><button class=\"lightbox-trigger\" type=\"button\" aria-haspopup=\"dialog\" aria-label=\"Agrandir\" data-wp-init=\"callbacks.initTriggerButton\" data-wp-on--click=\"actions.showLightbox\" data-wp-style--right=\"state.imageButtonRight\" data-wp-style--top=\"state.imageButtonTop\"><\/p>\n<p>\t\t<\/button><\/figure>\n<h3 class=\"wp-block-heading\">Bague Coco \u00e0 motif matelass\u00e9, Chanel.<\/h3>\n<p>En or jaune et diamant, 3 750 \u20ac. Disponible sur <strong><a href=\"https:\/\/www.chanel.com\/fr\/joaillerie\/p\/J13725\/bague-coco\/\">chanel.com.<\/a><\/strong><\/p>\n<figure data-wp-context='{\"imageId\":\"6a0c807fe3a0a\"}' data-wp-interactive=\"core\/image\" data-wp-key=\"6a0c807fe3a0a\" class=\"wp-block-image size-full wp-lightbox-container\"><img loading=\"lazy\" decoding=\"async\" width=\"1000\" height=\"1000\" data-wp-class--hide=\"state.isContentHidden\" data-wp-class--show=\"state.isContentVisible\" data-wp-init=\"callbacks.setButtonStyles\" data-wp-on--click=\"actions.showLightbox\" data-wp-on--load=\"callbacks.setButtonStyles\" data-wp-on-window--resize=\"callbacks.setButtonStyles\" src=\"\/\/www.w3.org\/2000\/svg'%20viewBox='0%200%201000%201000'%3E%3C\/svg%3E\" alt=\"Dormeuses Lotus, en diamant et or rose 18 carats, De Beers.\" class=\"wp-image-842051\" data-lazy-src=\"https:\/\/numero.com\/wp-content\/uploads\/2026\/05\/de-beers-LOTUS-EARRING-1_rose-gold_packshot-1_JPG-1.jpg\"><img decoding=\"async\" loading=\"lazy\" width=\"1000\" height=\"1000\" data-wp-class--hide=\"state.isContentHidden\" data-wp-class--show=\"state.isContentVisible\" data-wp-init=\"callbacks.setButtonStyles\" data-wp-on--click=\"actions.showLightbox\" data-wp-on--load=\"callbacks.setButtonStyles\" data-wp-on-window--resize=\"callbacks.setButtonStyles\" src=\"https:\/\/numero.com\/wp-content\/uploads\/2026\/05\/de-beers-LOTUS-EARRING-1_rose-gold_packshot-1_JPG-1.jpg\" alt=\"Dormeuses Lotus, en diamant et or rose 18 carats, De Beers.\" class=\"wp-image-842051\"><button class=\"lightbox-trigger\" type=\"button\" aria-haspopup=\"dialog\" aria-label=\"Agrandir\" data-wp-init=\"callbacks.initTriggerButton\" data-wp-on--click=\"actions.showLightbox\" data-wp-style--right=\"state.imageButtonRight\" data-wp-style--top=\"state.imageButtonTop\"><\/p>\n<p>\t\t<\/button><\/figure>\n<h3 class=\"wp-block-heading\">Boucles d\u2019oreille Lotus, De Beers. <\/h3>\n<p>En or rose et diamant, 6 250 \u20ac. Disponibles sur <strong><a href=\"https:\/\/www.debeers.fr\/fr-fr\/lotus-by-de-beers-dormeuses-en-diamant-et-or-rose\/E103532.html\">debeers.com.<\/a><\/strong><\/p>\n<figure data-wp-context='{\"imageId\":\"6a0c807fe3d79\"}' data-wp-interactive=\"core\/image\" data-wp-key=\"6a0c807fe3d79\" class=\"wp-block-image size-full is-resized wp-lightbox-container\"><img loading=\"lazy\" decoding=\"async\" width=\"800\" height=\"800\" data-wp-class--hide=\"state.isContentHidden\" data-wp-class--show=\"state.isContentVisible\" data-wp-init=\"callbacks.setButtonStyles\" data-wp-on--click=\"actions.showLightbox\" data-wp-on--load=\"callbacks.setButtonStyles\" data-wp-on-window--resize=\"callbacks.setButtonStyles\" src=\"\/\/www.w3.org\/2000\/svg'%20viewBox='0%200%20800%20800'%3E%3C\/svg%3E\" alt=\"Bracelet Rose des Vents, en or rose, diamants et onyx, Dior Joaillerie.\" class=\"wp-image-842038\" style=\"width:840px;height:auto\" data-lazy-src=\"https:\/\/numero.com\/wp-content\/uploads\/2026\/05\/dior-JRDV95279_E01-Original-edited.jpg\"><img decoding=\"async\" loading=\"lazy\" width=\"800\" height=\"800\" data-wp-class--hide=\"state.isContentHidden\" data-wp-class--show=\"state.isContentVisible\" data-wp-init=\"callbacks.setButtonStyles\" data-wp-on--click=\"actions.showLightbox\" data-wp-on--load=\"callbacks.setButtonStyles\" data-wp-on-window--resize=\"callbacks.setButtonStyles\" src=\"https:\/\/numero.com\/wp-content\/uploads\/2026\/05\/dior-JRDV95279_E01-Original-edited.jpg\" alt=\"Bracelet Rose des Vents, en or rose, diamants et onyx, Dior Joaillerie.\" class=\"wp-image-842038\" style=\"width:840px;height:auto\"><button class=\"lightbox-trigger\" type=\"button\" aria-haspopup=\"dialog\" aria-label=\"Agrandir\" data-wp-init=\"callbacks.initTriggerButton\" data-wp-on--click=\"actions.showLightbox\" data-wp-style--right=\"state.imageButtonRight\" data-wp-style--top=\"state.imageButtonTop\"><\/p>\n<p>\t\t<\/button><\/figure>\n<h3 class=\"wp-block-heading\">Bracelet Rose des Vents, Dior.<\/h3>\n<p>En or rose, diamants et onyx, 4 400 \u20ac. Disponible sur <strong><a href=\"https:\/\/www.dior.com\/fr_fr\/fashion\/products\/JRDV95279_0000\">dior.com.<\/a><\/strong><\/p>\n<figure data-wp-context='{\"imageId\":\"6a0c807fe40de\"}' data-wp-interactive=\"core\/image\" data-wp-key=\"6a0c807fe40de\" class=\"wp-block-image size-full wp-lightbox-container\"><img loading=\"lazy\" decoding=\"async\" width=\"926\" height=\"926\" data-wp-class--hide=\"state.isContentHidden\" data-wp-class--show=\"state.isContentVisible\" data-wp-init=\"callbacks.setButtonStyles\" data-wp-on--click=\"actions.showLightbox\" data-wp-on--load=\"callbacks.setButtonStyles\" data-wp-on-window--resize=\"callbacks.setButtonStyles\" src=\"\/\/www.w3.org\/2000\/svg'%20viewBox='0%200%20926%20926'%3E%3C\/svg%3E\" alt=\"Bague Force 10 Rise, en or jaune et diamants blancs, Fred.\" class=\"wp-image-842088\" data-lazy-src=\"https:\/\/numero.com\/wp-content\/uploads\/2026\/05\/fred-4B2015-A-edited.jpg\"><img decoding=\"async\" loading=\"lazy\" width=\"926\" height=\"926\" data-wp-class--hide=\"state.isContentHidden\" data-wp-class--show=\"state.isContentVisible\" data-wp-init=\"callbacks.setButtonStyles\" data-wp-on--click=\"actions.showLightbox\" data-wp-on--load=\"callbacks.setButtonStyles\" data-wp-on-window--resize=\"callbacks.setButtonStyles\" src=\"https:\/\/numero.com\/wp-content\/uploads\/2026\/05\/fred-4B2015-A-edited.jpg\" alt=\"Bague Force 10 Rise, en or jaune et diamants blancs, Fred.\" class=\"wp-image-842088\"><button class=\"lightbox-trigger\" type=\"button\" aria-haspopup=\"dialog\" aria-label=\"Agrandir\" data-wp-init=\"callbacks.initTriggerButton\" data-wp-on--click=\"actions.showLightbox\" data-wp-style--right=\"state.imageButtonRight\" data-wp-style--top=\"state.imageButtonTop\"><\/p>\n<p>\t\t<\/button><\/figure>\n<h3 class=\"wp-block-heading\">Bague Force 10 Rise, FRED.<\/h3>\n<p>En or jaune et diamants blancs, 10 230 \u20ac. Disponible sur <strong><a href=\"https:\/\/www.fred.com\/fr_FR\/bagues\/bague-force-10-rise\/4J0685.html\">fred.com.<\/a><\/strong><\/p>\n<figure data-wp-context='{\"imageId\":\"6a0c807fe446a\"}' data-wp-interactive=\"core\/image\" data-wp-key=\"6a0c807fe446a\" class=\"wp-block-image size-full is-resized wp-lightbox-container\"><img loading=\"lazy\" decoding=\"async\" width=\"723\" height=\"723\" data-wp-class--hide=\"state.isContentHidden\" data-wp-class--show=\"state.isContentVisible\" data-wp-init=\"callbacks.setButtonStyles\" data-wp-on--click=\"actions.showLightbox\" data-wp-on--load=\"callbacks.setButtonStyles\" data-wp-on-window--resize=\"callbacks.setButtonStyles\" src=\"\/\/www.w3.org\/2000\/svg'%20viewBox='0%200%20723%20723'%3E%3C\/svg%3E\" alt=\"Boucles d\u2019oreilles Butterfly, en or blanc, saphirs roses, rubis et diamants blancs, Graff.\" class=\"wp-image-842092\" style=\"width:840px;height:auto\" data-lazy-src=\"https:\/\/numero.com\/wp-content\/uploads\/2026\/05\/Graff-Butterfly-High-Jewellery-Pink-Sapphire-And-White-Diamond-Earrings-RGE2015_GE78362-1-edited.jpg\"><img decoding=\"async\" loading=\"lazy\" width=\"723\" height=\"723\" data-wp-class--hide=\"state.isContentHidden\" data-wp-class--show=\"state.isContentVisible\" data-wp-init=\"callbacks.setButtonStyles\" data-wp-on--click=\"actions.showLightbox\" data-wp-on--load=\"callbacks.setButtonStyles\" data-wp-on-window--resize=\"callbacks.setButtonStyles\" src=\"https:\/\/numero.com\/wp-content\/uploads\/2026\/05\/Graff-Butterfly-High-Jewellery-Pink-Sapphire-And-White-Diamond-Earrings-RGE2015_GE78362-1-edited.jpg\" alt=\"Boucles d\u2019oreilles Butterfly, en or blanc, saphirs roses, rubis et diamants blancs, Graff.\" class=\"wp-image-842092\" style=\"width:840px;height:auto\"><button class=\"lightbox-trigger\" type=\"button\" aria-haspopup=\"dialog\" aria-label=\"Agrandir\" data-wp-init=\"callbacks.initTriggerButton\" data-wp-on--click=\"actions.showLightbox\" data-wp-style--right=\"state.imageButtonRight\" data-wp-style--top=\"state.imageButtonTop\"><\/p>\n<p>\t\t<\/button><\/figure>\n<h3 class=\"wp-block-heading\">Boucles d\u2019oreilles Butterfly, GRAFF.<\/h3>\n<p>En or blanc, saphirs roses, rubis et diamants blancs, 39 500 \u20ac. Disponibles sur <strong><a href=\"https:\/\/www.graff.com\/eu-fr\/jewelry\/view-by-collection\/butterfly\/earrings\/butterfly-ruby%252c-pink-sapphire-and-diamond-ear-climbers\/RGE2015_RGE2015.html\">graff.com.<\/a><\/strong><\/p>\n<figure data-wp-context='{\"imageId\":\"6a0c807fe47e6\"}' data-wp-interactive=\"core\/image\" data-wp-key=\"6a0c807fe47e6\" class=\"wp-block-image size-full is-resized wp-lightbox-container\"><img loading=\"lazy\" decoding=\"async\" width=\"750\" height=\"750\" data-wp-class--hide=\"state.isContentHidden\" data-wp-class--show=\"state.isContentVisible\" data-wp-init=\"callbacks.setButtonStyles\" data-wp-on--click=\"actions.showLightbox\" data-wp-on--load=\"callbacks.setButtonStyles\" data-wp-on-window--resize=\"callbacks.setButtonStyles\" src=\"\/\/www.w3.org\/2000\/svg'%20viewBox='0%200%20750%20750'%3E%3C\/svg%3E\" alt=\"Bague Tiar\u00e8, en or blanc, opales roses, \u00e9meraudes et diamants, Roberto Coin.\" class=\"wp-image-842150\" style=\"width:840px;height:auto\" data-lazy-src=\"https:\/\/numero.com\/wp-content\/uploads\/2026\/05\/roberto-coin-Tiare-10-edited.jpg\"><img decoding=\"async\" loading=\"lazy\" width=\"750\" height=\"750\" data-wp-class--hide=\"state.isContentHidden\" data-wp-class--show=\"state.isContentVisible\" data-wp-init=\"callbacks.setButtonStyles\" data-wp-on--click=\"actions.showLightbox\" data-wp-on--load=\"callbacks.setButtonStyles\" data-wp-on-window--resize=\"callbacks.setButtonStyles\" src=\"https:\/\/numero.com\/wp-content\/uploads\/2026\/05\/roberto-coin-Tiare-10-edited.jpg\" alt=\"Bague Tiar\u00e8, en or blanc, opales roses, \u00e9meraudes et diamants, Roberto Coin.\" class=\"wp-image-842150\" style=\"width:840px;height:auto\"><button class=\"lightbox-trigger\" type=\"button\" aria-haspopup=\"dialog\" aria-label=\"Agrandir\" data-wp-init=\"callbacks.initTriggerButton\" data-wp-on--click=\"actions.showLightbox\" data-wp-style--right=\"state.imageButtonRight\" data-wp-style--top=\"state.imageButtonTop\"><\/p>\n<p>\t\t<\/button><\/figure>\n<h3 class=\"wp-block-heading\">Bague Tiar\u00e8, Roberto Coin. <\/h3>\n<p>En or blanc, opales roses, \u00e9meraudes et diamants, prix sur demande. Disponible sur <strong><a href=\"https:\/\/robertocoin.com\/collections\/tiare\">robertocoin.com.<\/a><\/strong><\/p>\n<figure data-wp-context='{\"imageId\":\"6a0c807fe4b4c\"}' data-wp-interactive=\"core\/image\" data-wp-key=\"6a0c807fe4b4c\" class=\"wp-block-image size-full wp-lightbox-container\"><img loading=\"lazy\" decoding=\"async\" width=\"1000\" height=\"1000\" data-wp-class--hide=\"state.isContentHidden\" data-wp-class--show=\"state.isContentVisible\" data-wp-init=\"callbacks.setButtonStyles\" data-wp-on--click=\"actions.showLightbox\" data-wp-on--load=\"callbacks.setButtonStyles\" data-wp-on-window--resize=\"callbacks.setButtonStyles\" src=\"\/\/www.w3.org\/2000\/svg'%20viewBox='0%200%201000%201000'%3E%3C\/svg%3E\" alt=\"M\u00e9daille Animalis Papillon, en vermeil, Arthus Bertrand.\" class=\"wp-image-842161\" data-lazy-src=\"https:\/\/numero.com\/wp-content\/uploads\/2026\/05\/Arthus-Bertrand-Bestiaire-Medaille-Papillon-19mm-Vermeil-A12382X000-3_4-02.jpg\"><img decoding=\"async\" loading=\"lazy\" width=\"1000\" height=\"1000\" data-wp-class--hide=\"state.isContentHidden\" data-wp-class--show=\"state.isContentVisible\" data-wp-init=\"callbacks.setButtonStyles\" data-wp-on--click=\"actions.showLightbox\" data-wp-on--load=\"callbacks.setButtonStyles\" data-wp-on-window--resize=\"callbacks.setButtonStyles\" src=\"https:\/\/numero.com\/wp-content\/uploads\/2026\/05\/Arthus-Bertrand-Bestiaire-Medaille-Papillon-19mm-Vermeil-A12382X000-3_4-02.jpg\" alt=\"M\u00e9daille Animalis Papillon, en vermeil, Arthus Bertrand.\" class=\"wp-image-842161\"><button class=\"lightbox-trigger\" type=\"button\" aria-haspopup=\"dialog\" aria-label=\"Agrandir\" data-wp-init=\"callbacks.initTriggerButton\" data-wp-on--click=\"actions.showLightbox\" data-wp-style--right=\"state.imageButtonRight\" data-wp-style--top=\"state.imageButtonTop\"><\/p>\n<p>\t\t<\/button><\/figure>\n<h3 class=\"wp-block-heading\">M\u00e9daille Animalis Papillon, Athus Bertrand.<\/h3>\n<p>En vermeil, 250 \u20ac. Disponible sur <strong><a href=\"https:\/\/fr.arthusbertrand.com\/medaille-papillon-arthus-animalis-a12382x000\">arthusbertrand.com<\/a>.<\/strong><\/p>\n<figure data-wp-context='{\"imageId\":\"6a0c807fe4eb8\"}' data-wp-interactive=\"core\/image\" data-wp-key=\"6a0c807fe4eb8\" class=\"wp-block-image size-full is-resized wp-lightbox-container\"><img loading=\"lazy\" decoding=\"async\" width=\"834\" height=\"834\" data-wp-class--hide=\"state.isContentHidden\" data-wp-class--show=\"state.isContentVisible\" data-wp-init=\"callbacks.setButtonStyles\" data-wp-on--click=\"actions.showLightbox\" data-wp-on--load=\"callbacks.setButtonStyles\" data-wp-on-window--resize=\"callbacks.setButtonStyles\" src=\"\/\/www.w3.org\/2000\/svg'%20viewBox='0%200%20834%20834'%3E%3C\/svg%3E\" alt=\"Mono cr\u00e9ole Moderniste, en or blanc et diamant, Messika.\" class=\"wp-image-842170\" style=\"width:840px;height:auto\" data-lazy-src=\"https:\/\/numero.com\/wp-content\/uploads\/2026\/05\/Copie-de-Messika-Packshot-Mono-Boucle-d_Oreilles-Creole-Moderniste-PM-Vue-1-14682-WG-edited.jpg\"><img decoding=\"async\" loading=\"lazy\" width=\"834\" height=\"834\" data-wp-class--hide=\"state.isContentHidden\" data-wp-class--show=\"state.isContentVisible\" data-wp-init=\"callbacks.setButtonStyles\" data-wp-on--click=\"actions.showLightbox\" data-wp-on--load=\"callbacks.setButtonStyles\" data-wp-on-window--resize=\"callbacks.setButtonStyles\" src=\"https:\/\/numero.com\/wp-content\/uploads\/2026\/05\/Copie-de-Messika-Packshot-Mono-Boucle-d_Oreilles-Creole-Moderniste-PM-Vue-1-14682-WG-edited.jpg\" alt=\"Mono cr\u00e9ole Moderniste, en or blanc et diamant, Messika.\" class=\"wp-image-842170\" style=\"width:840px;height:auto\"><button class=\"lightbox-trigger\" type=\"button\" aria-haspopup=\"dialog\" aria-label=\"Agrandir\" data-wp-init=\"callbacks.initTriggerButton\" data-wp-on--click=\"actions.showLightbox\" data-wp-style--right=\"state.imageButtonRight\" data-wp-style--top=\"state.imageButtonTop\"><\/p>\n<p>\t\t<\/button><\/figure>\n<h3 class=\"wp-block-heading\">Mono cr\u00e9ole Moderniste, Messika.<\/h3>\n<p>En or blanc et diamant, 1\u202f980 \u20ac. Disponible sur <strong><a href=\"https:\/\/www.messika.com\/fr\/mono-boucle-d-oreille-creole-diamant-or-blanc-moderniste-14682-wg?utm_source=google&amp;utm_medium=sea_pmax&amp;utm_campaign=FR_FR_PMAX_SHOPPING_MID_PRICE_950_P_2500&amp;et_keyword=&amp;et_campaign=22622896698&amp;et_device=c&amp;et_matchtype=&amp;gad_source=1&amp;gad_campaignid=22622898657&amp;gbraid=0AAAAADLTGyvvrq7LQ7esB41KxgOPzeSmo&amp;gclid=CjwKCAjwwpDQBhAuEiwAa-4Wo1KLN928XQ3l6iqb83Rl0X-0c8svVnMGEOQpN6vgtiiLRzo5S_t0jhoCvfkQAvD_BwE\">messika.com.<\/a><\/strong><\/p>\n<figure data-wp-context='{\"imageId\":\"6a0c807fe5231\"}' data-wp-interactive=\"core\/image\" data-wp-key=\"6a0c807fe5231\" class=\"wp-block-image size-full wp-lightbox-container\"><img loading=\"lazy\" decoding=\"async\" width=\"899\" height=\"899\" data-wp-class--hide=\"state.isContentHidden\" data-wp-class--show=\"state.isContentVisible\" data-wp-init=\"callbacks.setButtonStyles\" data-wp-on--click=\"actions.showLightbox\" data-wp-on--load=\"callbacks.setButtonStyles\" data-wp-on-window--resize=\"callbacks.setButtonStyles\" src=\"\/\/www.w3.org\/2000\/svg'%20viewBox='0%200%20899%20899'%3E%3C\/svg%3E\" alt=\"Bague Bubble, en or rose, GINETTE NY.\" class=\"wp-image-842183\" data-lazy-src=\"https:\/\/numero.com\/wp-content\/uploads\/2026\/05\/Ginette-Bubble-ring-gold-V6-edited.jpg\"><img decoding=\"async\" loading=\"lazy\" width=\"899\" height=\"899\" data-wp-class--hide=\"state.isContentHidden\" data-wp-class--show=\"state.isContentVisible\" data-wp-init=\"callbacks.setButtonStyles\" data-wp-on--click=\"actions.showLightbox\" data-wp-on--load=\"callbacks.setButtonStyles\" data-wp-on-window--resize=\"callbacks.setButtonStyles\" src=\"https:\/\/numero.com\/wp-content\/uploads\/2026\/05\/Ginette-Bubble-ring-gold-V6-edited.jpg\" alt=\"Bague Bubble, en or rose, GINETTE NY.\" class=\"wp-image-842183\"><button class=\"lightbox-trigger\" type=\"button\" aria-haspopup=\"dialog\" aria-label=\"Agrandir\" data-wp-init=\"callbacks.initTriggerButton\" data-wp-on--click=\"actions.showLightbox\" data-wp-style--right=\"state.imageButtonRight\" data-wp-style--top=\"state.imageButtonTop\"><\/p>\n<p>\t\t<\/button><\/figure>\n<h3 class=\"wp-block-heading\">Bague Bubble, Ginette NY.<\/h3>\n<p>En or rose, 1 690 \u20ac. Disponible sur ginetteny.com.<\/p>\n<figure data-wp-context='{\"imageId\":\"6a0c807fe55a6\"}' data-wp-interactive=\"core\/image\" data-wp-key=\"6a0c807fe55a6\" class=\"wp-block-image size-full is-resized wp-lightbox-container\"><img loading=\"lazy\" decoding=\"async\" width=\"621\" height=\"622\" data-wp-class--hide=\"state.isContentHidden\" data-wp-class--show=\"state.isContentVisible\" data-wp-init=\"callbacks.setButtonStyles\" data-wp-on--click=\"actions.showLightbox\" data-wp-on--load=\"callbacks.setButtonStyles\" data-wp-on-window--resize=\"callbacks.setButtonStyles\" src=\"\/\/www.w3.org\/2000\/svg'%20viewBox='0%200%20621%20622'%3E%3C\/svg%3E\" alt=\"Bague Cha\u00eene d\u2019Ancre Al\u00e9a II, en argent, Herm\u00e8s.\" class=\"wp-image-842187\" style=\"width:840px;height:auto\" data-lazy-src=\"https:\/\/numero.com\/wp-content\/uploads\/2026\/05\/hermes-126631B-00_alea_bague-1-edited.jpg\"><img decoding=\"async\" loading=\"lazy\" width=\"621\" height=\"622\" data-wp-class--hide=\"state.isContentHidden\" data-wp-class--show=\"state.isContentVisible\" data-wp-init=\"callbacks.setButtonStyles\" data-wp-on--click=\"actions.showLightbox\" data-wp-on--load=\"callbacks.setButtonStyles\" data-wp-on-window--resize=\"callbacks.setButtonStyles\" src=\"https:\/\/numero.com\/wp-content\/uploads\/2026\/05\/hermes-126631B-00_alea_bague-1-edited.jpg\" alt=\"Bague Cha\u00eene d\u2019Ancre Al\u00e9a II, en argent, Herm\u00e8s.\" class=\"wp-image-842187\" style=\"width:840px;height:auto\"><button class=\"lightbox-trigger\" type=\"button\" aria-haspopup=\"dialog\" aria-label=\"Agrandir\" data-wp-init=\"callbacks.initTriggerButton\" data-wp-on--click=\"actions.showLightbox\" data-wp-style--right=\"state.imageButtonRight\" data-wp-style--top=\"state.imageButtonTop\"><\/p>\n<p>\t\t<\/button><\/figure>\n<h3 class=\"wp-block-heading\">Bague Cha\u00eene d\u2019Ancre Al\u00e9a II, Herm\u00e8s.<\/h3>\n<p>En argent, prix sur demande. Disponible sur hermes.com.<\/p>\n<figure data-wp-context='{\"imageId\":\"6a0c807fe5900\"}' data-wp-interactive=\"core\/image\" data-wp-key=\"6a0c807fe5900\" class=\"wp-block-image size-full wp-lightbox-container\"><img loading=\"lazy\" decoding=\"async\" width=\"859\" height=\"859\" data-wp-class--hide=\"state.isContentHidden\" data-wp-class--show=\"state.isContentVisible\" data-wp-init=\"callbacks.setButtonStyles\" data-wp-on--click=\"actions.showLightbox\" data-wp-on--load=\"callbacks.setButtonStyles\" data-wp-on-window--resize=\"callbacks.setButtonStyles\" src=\"\/\/www.w3.org\/2000\/svg'%20viewBox='0%200%20859%20859'%3E%3C\/svg%3E\" alt=\"Bracelet Letters MUM, en or rose, Repossi.\" class=\"wp-image-842195\" data-lazy-src=\"https:\/\/numero.com\/wp-content\/uploads\/2026\/05\/repossi-Bracelet-Letters-MUM-OR_Vue1-1-1-edited.jpg\"><img decoding=\"async\" loading=\"lazy\" width=\"859\" height=\"859\" data-wp-class--hide=\"state.isContentHidden\" data-wp-class--show=\"state.isContentVisible\" data-wp-init=\"callbacks.setButtonStyles\" data-wp-on--click=\"actions.showLightbox\" data-wp-on--load=\"callbacks.setButtonStyles\" data-wp-on-window--resize=\"callbacks.setButtonStyles\" src=\"https:\/\/numero.com\/wp-content\/uploads\/2026\/05\/repossi-Bracelet-Letters-MUM-OR_Vue1-1-1-edited.jpg\" alt=\"Bracelet Letters MUM, en or rose, Repossi.\" class=\"wp-image-842195\"><button class=\"lightbox-trigger\" type=\"button\" aria-haspopup=\"dialog\" aria-label=\"Agrandir\" data-wp-init=\"callbacks.initTriggerButton\" data-wp-on--click=\"actions.showLightbox\" data-wp-style--right=\"state.imageButtonRight\" data-wp-style--top=\"state.imageButtonTop\"><\/p>\n<p>\t\t<\/button><\/figure>\n<h3 class=\"wp-block-heading\">Bracelet Letters MUM, Repossi.<\/h3>\n<p>En or rose, 2 570 \u20ac. Disponible sur <strong><a href=\"https:\/\/intl.repossi.com\/products\/letters-bracelet-1\">repossi.com<\/a><\/strong>.<\/p>\n<figure data-wp-context='{\"imageId\":\"6a0c807fe5c4b\"}' data-wp-interactive=\"core\/image\" data-wp-key=\"6a0c807fe5c4b\" class=\"wp-block-image size-full wp-lightbox-container\"><img loading=\"lazy\" decoding=\"async\" width=\"847\" height=\"847\" data-wp-class--hide=\"state.isContentHidden\" data-wp-class--show=\"state.isContentVisible\" data-wp-init=\"callbacks.setButtonStyles\" data-wp-on--click=\"actions.showLightbox\" data-wp-on--load=\"callbacks.setButtonStyles\" data-wp-on-window--resize=\"callbacks.setButtonStyles\" src=\"\/\/www.w3.org\/2000\/svg'%20viewBox='0%200%20847%20847'%3E%3C\/svg%3E\" alt=\"Bague en or jaune satin\u00e9 bross\u00e9 et en diamants, S\u00e8ve.\" class=\"wp-image-842208\" data-lazy-src=\"https:\/\/numero.com\/wp-content\/uploads\/2026\/05\/seve-4158_V2Brosse-edited.jpg\"><img decoding=\"async\" loading=\"lazy\" width=\"847\" height=\"847\" data-wp-class--hide=\"state.isContentHidden\" data-wp-class--show=\"state.isContentVisible\" data-wp-init=\"callbacks.setButtonStyles\" data-wp-on--click=\"actions.showLightbox\" data-wp-on--load=\"callbacks.setButtonStyles\" data-wp-on-window--resize=\"callbacks.setButtonStyles\" src=\"https:\/\/numero.com\/wp-content\/uploads\/2026\/05\/seve-4158_V2Brosse-edited.jpg\" alt=\"Bague en or jaune satin\u00e9 bross\u00e9 et en diamants, S\u00e8ve.\" class=\"wp-image-842208\"><button class=\"lightbox-trigger\" type=\"button\" aria-haspopup=\"dialog\" aria-label=\"Agrandir\" data-wp-init=\"callbacks.initTriggerButton\" data-wp-on--click=\"actions.showLightbox\" data-wp-style--right=\"state.imageButtonRight\" data-wp-style--top=\"state.imageButtonTop\"><\/p>\n<p>\t\t<\/button><\/figure>\n<h3 class=\"wp-block-heading\">Bague R\u00e9silience, S\u00e8ve.<\/h3>\n<p>En or jaune satin\u00e9 bross\u00e9, 9 590 \u20ac. Disponible sur<strong><a href=\"https:\/\/seve-paris.com\/products\/resilience-ring-1?variant=48138309239119\"> seve.com<\/a><\/strong>.<\/p>\n<figure data-wp-context='{\"imageId\":\"6a0c807fe5fae\"}' data-wp-interactive=\"core\/image\" data-wp-key=\"6a0c807fe5fae\" class=\"wp-block-image size-full wp-lightbox-container\"><img loading=\"lazy\" decoding=\"async\" width=\"1000\" height=\"1000\" data-wp-class--hide=\"state.isContentHidden\" data-wp-class--show=\"state.isContentVisible\" data-wp-init=\"callbacks.setButtonStyles\" data-wp-on--click=\"actions.showLightbox\" data-wp-on--load=\"callbacks.setButtonStyles\" data-wp-on-window--resize=\"callbacks.setButtonStyles\" src=\"\/\/www.w3.org\/2000\/svg'%20viewBox='0%200%201000%201000'%3E%3C\/svg%3E\" alt=\"Pendentif Balance Arm Neo, en or jaune et perles Akoya, Tasaki.\" class=\"wp-image-842214\" data-lazy-src=\"https:\/\/numero.com\/wp-content\/uploads\/2026\/05\/tazaki-CollectionLine_balancearmneo_2026_Pendant_P_17330_YG_RGB.jpg\"><img decoding=\"async\" loading=\"lazy\" width=\"1000\" height=\"1000\" data-wp-class--hide=\"state.isContentHidden\" data-wp-class--show=\"state.isContentVisible\" data-wp-init=\"callbacks.setButtonStyles\" data-wp-on--click=\"actions.showLightbox\" data-wp-on--load=\"callbacks.setButtonStyles\" data-wp-on-window--resize=\"callbacks.setButtonStyles\" src=\"https:\/\/numero.com\/wp-content\/uploads\/2026\/05\/tazaki-CollectionLine_balancearmneo_2026_Pendant_P_17330_YG_RGB.jpg\" alt=\"Pendentif Balance Arm Neo, en or jaune et perles Akoya, Tasaki.\" class=\"wp-image-842214\"><button class=\"lightbox-trigger\" type=\"button\" aria-haspopup=\"dialog\" aria-label=\"Agrandir\" data-wp-init=\"callbacks.initTriggerButton\" data-wp-on--click=\"actions.showLightbox\" data-wp-style--right=\"state.imageButtonRight\" data-wp-style--top=\"state.imageButtonTop\"><\/p>\n<p>\t\t<\/button><\/figure>\n<h3 class=\"wp-block-heading\">Pendentif Balance Arm Neo, Akoya, Tasaki.<\/h3>\n<p>En or jaune et perles Akoya, Tasaki, 4\u202f290 \u20ac. Disponible sur<strong><a href=\"https:\/\/www.tasaki.fr\/p-17330-18kyg.html\"> tasaki.fr<\/a><\/strong>.<\/p>\n<figure data-wp-context='{\"imageId\":\"6a0c807fe6339\"}' data-wp-interactive=\"core\/image\" data-wp-key=\"6a0c807fe6339\" class=\"wp-block-image size-full wp-lightbox-container\"><img loading=\"lazy\" decoding=\"async\" width=\"947\" height=\"947\" data-wp-class--hide=\"state.isContentHidden\" data-wp-class--show=\"state.isContentVisible\" data-wp-init=\"callbacks.setButtonStyles\" data-wp-on--click=\"actions.showLightbox\" data-wp-on--load=\"callbacks.setButtonStyles\" data-wp-on-window--resize=\"callbacks.setButtonStyles\" src=\"\/\/www.w3.org\/2000\/svg'%20viewBox='0%200%20947%20947'%3E%3C\/svg%3E\" alt=\"Broche Elsa Peretti, en or rose et diamants, Tiffany &amp; Co.\" class=\"wp-image-842220\" data-lazy-src=\"https:\/\/numero.com\/wp-content\/uploads\/2026\/05\/tiffany-74223583_BR_MAIN-edited.jpg\"><img decoding=\"async\" loading=\"lazy\" width=\"947\" height=\"947\" data-wp-class--hide=\"state.isContentHidden\" data-wp-class--show=\"state.isContentVisible\" data-wp-init=\"callbacks.setButtonStyles\" data-wp-on--click=\"actions.showLightbox\" data-wp-on--load=\"callbacks.setButtonStyles\" data-wp-on-window--resize=\"callbacks.setButtonStyles\" src=\"https:\/\/numero.com\/wp-content\/uploads\/2026\/05\/tiffany-74223583_BR_MAIN-edited.jpg\" alt=\"Broche Elsa Peretti, en or rose et diamants, Tiffany &amp; Co.\" class=\"wp-image-842220\"><button class=\"lightbox-trigger\" type=\"button\" aria-haspopup=\"dialog\" aria-label=\"Agrandir\" data-wp-init=\"callbacks.initTriggerButton\" data-wp-on--click=\"actions.showLightbox\" data-wp-style--right=\"state.imageButtonRight\" data-wp-style--top=\"state.imageButtonTop\"><\/p>\n<p>\t\t<\/button><\/figure>\n<h3 class=\"wp-block-heading\">Broche Elsa Peretti\u00ae, Tiffany &amp; Co.<\/h3>\n<p>En or rose et diamants, 43 900 \u20ac. Disponible sur <strong><a href=\"https:\/\/www.tiffany.fr\/jewelry\/brooches\/ep-open-heart-18k-rose-gold-round-brilliant-diamonds-brooches-1413482609.html?srsltid=AfmBOor2CECLz_KzxeT-8rH1l3RjGZWd7LMSiwQ4FM5gxHSJ08ErvPgC\">tiffany.fr<\/a><\/strong>.<\/p>\n<figure data-wp-context='{\"imageId\":\"6a0c807fe66b2\"}' data-wp-interactive=\"core\/image\" data-wp-key=\"6a0c807fe66b2\" class=\"wp-block-image size-full is-resized wp-lightbox-container\"><img loading=\"lazy\" decoding=\"async\" width=\"792\" height=\"792\" data-wp-class--hide=\"state.isContentHidden\" data-wp-class--show=\"state.isContentVisible\" data-wp-init=\"callbacks.setButtonStyles\" data-wp-on--click=\"actions.showLightbox\" data-wp-on--load=\"callbacks.setButtonStyles\" data-wp-on-window--resize=\"callbacks.setButtonStyles\" src=\"\/\/www.w3.org\/2000\/svg'%20viewBox='0%200%20792%20792'%3E%3C\/svg%3E\" alt=\"Pendentif Sweet Alhambra, en or rose et cornaline, Van Cleef &amp; Arpels.\" class=\"wp-image-842227\" style=\"width:840px;height:auto\" data-lazy-src=\"https:\/\/numero.com\/wp-content\/uploads\/2026\/05\/vcarn59m00-web-jewelry-alhambra-sweet-alhambra-pendant-detail-01-rose-gold-cornaline-edited.jpg\"><img decoding=\"async\" loading=\"lazy\" width=\"792\" height=\"792\" data-wp-class--hide=\"state.isContentHidden\" data-wp-class--show=\"state.isContentVisible\" data-wp-init=\"callbacks.setButtonStyles\" data-wp-on--click=\"actions.showLightbox\" data-wp-on--load=\"callbacks.setButtonStyles\" data-wp-on-window--resize=\"callbacks.setButtonStyles\" src=\"https:\/\/numero.com\/wp-content\/uploads\/2026\/05\/vcarn59m00-web-jewelry-alhambra-sweet-alhambra-pendant-detail-01-rose-gold-cornaline-edited.jpg\" alt=\"Pendentif Sweet Alhambra, en or rose et cornaline, Van Cleef &amp; Arpels.\" class=\"wp-image-842227\" style=\"width:840px;height:auto\"><button class=\"lightbox-trigger\" type=\"button\" aria-haspopup=\"dialog\" aria-label=\"Agrandir\" data-wp-init=\"callbacks.initTriggerButton\" data-wp-on--click=\"actions.showLightbox\" data-wp-style--right=\"state.imageButtonRight\" data-wp-style--top=\"state.imageButtonTop\"><\/p>\n<p>\t\t<\/button><\/figure>\n<h3 class=\"wp-block-heading\">Pendentif Sweet Alhambra, Van Cleef &amp; Arpels.<\/h3>\n<p>En or rose et cornaline, 1 860 \u20ac. Disponible sur <strong><a href=\"https:\/\/www.vancleefarpels.com\/fr\/fr\/collections\/jewelry\/alhambra\/vcarn59m00---sweet-alhambra-pendant.html?utm_source=google&amp;utm_source_platform=SA360&amp;utm_medium=cpc&amp;utm_campaign=A-VCAHQ-FR-FR-SHOPPING_BRAND_CORE_SELECTION-PROL-FY25-JEWX-MULTI_COLLECTION-PLA-AUC-PU-LXA-GG-BR-RICHHI4OEVU&amp;utm_id=21756790308&amp;gclsrc=aw.ds&amp;&amp;mid=2300tef18521&amp;mkwid=s_dc&amp;pcrid=715327906036&amp;kword=&amp;match=&amp;plid=&amp;gad_source=1&amp;gad_campaignid=21756790308&amp;gbraid=0AAAAADvwq3dPjsby1a_Th15ld9qkvWXrj&amp;gclid=CjwKCAjwwpDQBhAuEiwAa-4Wo6oIXazEt1KwUSct3M6Utq-OqwzAdaFBilL3481q831Zg1I0D_gMtxoC1o4QAvD_BwE\">vancleefarpels.com<\/a><\/strong>.<\/p>\n<figure data-wp-context='{\"imageId\":\"6a0c807fe6a42\"}' data-wp-interactive=\"core\/image\" data-wp-key=\"6a0c807fe6a42\" class=\"wp-block-image size-full wp-lightbox-container\"><img loading=\"lazy\" decoding=\"async\" width=\"2144\" height=\"2148\" data-wp-class--hide=\"state.isContentHidden\" data-wp-class--show=\"state.isContentVisible\" data-wp-init=\"callbacks.setButtonStyles\" data-wp-on--click=\"actions.showLightbox\" data-wp-on--load=\"callbacks.setButtonStyles\" data-wp-on-window--resize=\"callbacks.setButtonStyles\" src=\"\/\/www.w3.org\/2000\/svg'%20viewBox='0%200%202144%202148'%3E%3C\/svg%3E\" alt=\"Collier Python, Akillis.\n\nEn or jaune et diamants, Disponible sur akilis.com.\" class=\"wp-image-842363\" data-lazy-src=\"https:\/\/numero.com\/wp-content\/uploads\/2026\/05\/collier-akillis-python.png\"><img decoding=\"async\" loading=\"lazy\" width=\"2144\" height=\"2148\" data-wp-class--hide=\"state.isContentHidden\" data-wp-class--show=\"state.isContentVisible\" data-wp-init=\"callbacks.setButtonStyles\" data-wp-on--click=\"actions.showLightbox\" data-wp-on--load=\"callbacks.setButtonStyles\" data-wp-on-window--resize=\"callbacks.setButtonStyles\" src=\"https:\/\/numero.com\/wp-content\/uploads\/2026\/05\/collier-akillis-python.png\" alt=\"Collier Python, Akillis.\n\nEn or jaune et diamants, Disponible sur akilis.com.\" class=\"wp-image-842363\"><button class=\"lightbox-trigger\" type=\"button\" aria-haspopup=\"dialog\" aria-label=\"Agrandir\" data-wp-init=\"callbacks.initTriggerButton\" data-wp-on--click=\"actions.showLightbox\" data-wp-style--right=\"state.imageButtonRight\" data-wp-style--top=\"state.imageButtonTop\"><\/p>\n<p>\t\t<\/button><\/figure>\n<h3 class=\"wp-block-heading\">Collier Python, Akillis.<\/h3>\n<p>En or jaune et diamants, Disponible sur <strong><a href=\"https:\/\/akillis.com\/products\/python-collier-or-jaune-diamants-npy0006?variant=52312384242006\">akilis.com.<\/a><\/strong><\/p>\n<\/p><\/div>\n<\/p><\/div>\n<div class=\"col-lg-3\">\n<div class=\"suggested-posts padding-top-s\">\n<div class=\"title\">Recommand\u00e9<\/div>\n<div class=\"post-card\">\n\t\t\t\t\t\t\t\t\t\t<a class=\"post-link d-flex\" href=\"https:\/\/numero.com\/beaute\/les-indispensables-beaute-de-la-semaine-dior-celine-skincycles\/\"><\/p>\n<div class=\"container-img \">\n\t\t\t\t\t\t\t\t\t\t\t\t<img loading=\"lazy\" decoding=\"async\" width=\"640\" height=\"853\" src=\"https:\/\/numero.com\/wp-content\/uploads\/2026\/04\/thumb_skincycles_celine_dior_ok-768x1024.png\" class=\"img-fluid\" alt=\"SkinCycles, Celine_Dior, les trois indispensables beaut\u00e9 de la semaine\">\t\t\t\t\t\t\t\t\t\t\t\t<\/p>\n<p class=\"number\">28<\/p>\n<\/p><\/div>\n<div class=\"card-info d-flex\">\n<div>\n<p class=\"cat-title\">Beaut\u00e9<\/p>\n<h3 class=\"post-title\">Les 3 indispensables beaut\u00e9 de la semaine :  Dior, Celine, SkinCycles<\/h3>\n<\/p><\/div>\n<p class=\"date\">\n\t\t\t\t\t\t\t\t\t\t\t\t\t28 avr 2026\t\t\t\t\t\t\t\t\t\t\t\t<\/p>\n<\/p><\/div>\n<p>\t\t\t\t\t\t\t\t\t\t<\/a>\n\t\t\t\t\t\t\t\t\t<\/div>\n<div class=\"post-card\">\n\t\t\t\t\t\t\t\t\t\t<a class=\"post-link d-flex\" href=\"https:\/\/numero.com\/joaillerie\/horlogerie\/7-montres-joaillieres-dexception-reperees-a-watches-and-wonders-2026\/\"><\/p>\n<div class=\"container-img \">\n\t\t\t\t\t\t\t\t\t\t\t\t<img loading=\"lazy\" decoding=\"async\" width=\"640\" height=\"800\" src=\"\/\/www.w3.org\/2000\/svg'%20viewBox='0%200%20640%20800'%3E%3C\/svg%3E\" class=\"img-fluid\" alt=\"montres joailli\u00e8res cartier watches and wonders 2026\" data-lazy-src=\"https:\/\/numero.com\/wp-content\/uploads\/2026\/04\/PUWA11947_WW26_BAIGNOIRE_24x30_RVB-768x960.jpg\"><img decoding=\"async\" width=\"640\" height=\"800\" src=\"https:\/\/numero.com\/wp-content\/uploads\/2026\/04\/PUWA11947_WW26_BAIGNOIRE_24x30_RVB-768x960.jpg\" class=\"img-fluid\" alt=\"montres joailli\u00e8res cartier watches and wonders 2026\" loading=\"lazy\">\t\t\t\t\t\t\t\t\t\t\t\t<\/p>\n<p class=\"number\">21<\/p>\n<\/p><\/div>\n<div class=\"card-info d-flex\">\n<div>\n<p class=\"cat-title\">Horlogerie<\/p>\n<h3 class=\"post-title\">7 montres joailli\u00e8res d\u2019exception rep\u00e9r\u00e9es \u00e0 Watches and Wonders 2026<\/h3>\n<\/p><\/div>\n<p class=\"date\">\n\t\t\t\t\t\t\t\t\t\t\t\t\t21 avr 2026\t\t\t\t\t\t\t\t\t\t\t\t<\/p>\n<\/p><\/div>\n<p>\t\t\t\t\t\t\t\t\t\t<\/a>\n\t\t\t\t\t\t\t\t\t<\/div>\n<div class=\"post-card\">\n\t\t\t\t\t\t\t\t\t\t<a class=\"post-link d-flex\" href=\"https:\/\/numero.com\/mode\/fashion-week\/les-celebrites-au-defile-chanel-a-biarritz\/\"><\/p>\n<div class=\"container-img \">\n\t\t\t\t\t\t\t\t\t\t\t\t<img loading=\"lazy\" decoding=\"async\" width=\"640\" height=\"959\" src=\"\/\/www.w3.org\/2000\/svg'%20viewBox='0%200%20640%20959'%3E%3C\/svg%3E\" class=\"img-fluid\" alt=\"asap rocky d\u00e9fil\u00e9 chanel biarritz\" data-lazy-src=\"https:\/\/numero.com\/wp-content\/uploads\/2026\/04\/asap-rocky-de\u0301file\u0301-chanel-cruise-biarritz-768x1151.jpg\"><img decoding=\"async\" width=\"640\" height=\"959\" src=\"https:\/\/numero.com\/wp-content\/uploads\/2026\/04\/asap-rocky-de%CC%81file%CC%81-chanel-cruise-biarritz-768x1151.jpg\" class=\"img-fluid\" alt=\"asap rocky d\u00e9fil\u00e9 chanel biarritz\" loading=\"lazy\">\t\t\t\t\t\t\t\t\t\t\t\t<\/p>\n<p class=\"number\">28<\/p>\n<\/p><\/div>\n<div class=\"card-info d-flex\">\n<div>\n<p class=\"cat-title\">Fashion Week<\/p>\n<h3 class=\"post-title\">Les c\u00e9l\u00e9brit\u00e9s au d\u00e9fil\u00e9 Chanel \u00e0 Biarritz avec Asap Rocky et Nicole Kidman<\/h3>\n<\/p><\/div>\n<p class=\"date\">\n\t\t\t\t\t\t\t\t\t\t\t\t\t28 avr 2026\t\t\t\t\t\t\t\t\t\t\t\t<\/p>\n<\/p><\/div>\n<p>\t\t\t\t\t\t\t\t\t\t<\/a>\n\t\t\t\t\t\t\t\t\t<\/div>\n<div class=\"post-card\">\n\t\t\t\t\t\t\t\t\t\t<a class=\"post-link d-flex\" href=\"https:\/\/numero.com\/mode\/nouveaux-directeurs-artistiques-tout-ce-quil-faut-savoir-sur-le-grand-turn-over-de-la-mode\/\"><\/p>\n<div class=\"container-img \">\n\t\t\t\t\t\t\t\t\t\t\t\t<img loading=\"lazy\" decoding=\"async\" width=\"640\" height=\"804\" src=\"\/\/www.w3.org\/2000\/svg'%20viewBox='0%200%20640%20804'%3E%3C\/svg%3E\" class=\"img-fluid\" alt=\"drew henry directeur artistique courreges\" data-lazy-src=\"https:\/\/numero.com\/wp-content\/uploads\/2026\/03\/thumb-768x965.jpg\"><img decoding=\"async\" width=\"640\" height=\"804\" src=\"https:\/\/numero.com\/wp-content\/uploads\/2026\/03\/thumb-768x965.jpg\" class=\"img-fluid\" alt=\"drew henry directeur artistique courreges\" loading=\"lazy\">\t\t\t\t\t\t\t\t\t\t\t\t<\/p>\n<p class=\"number\">31<\/p>\n<\/p><\/div>\n<div class=\"card-info d-flex\">\n<div>\n<p class=\"cat-title\">Mode<\/p>\n<h3 class=\"post-title\">Courr\u00e8ges : Drew Henry nomm\u00e9 directeur artistique<\/h3>\n<\/p><\/div>\n<p class=\"date\">\n\t\t\t\t\t\t\t\t\t\t\t\t\t31 mars 2026\t\t\t\t\t\t\t\t\t\t\t\t<\/p>\n<\/p><\/div>\n<p>\t\t\t\t\t\t\t\t\t\t<\/a>\n\t\t\t\t\t\t\t\t\t<\/div>\n<\/p><\/div>\n<\/p><\/div>\n<\/p><\/div>\n<div class=\"padding-top-s\">\n<div class=\"ad banner desktop\">\n<div class=\"container\">\n<div class=\"row\">\n            <!-- \/21730003857\/numero-ad-unit\/numero-banner-1 --><\/p>\n<div class=\"ad-responsive\">\n<div id=\"div-gpt-ad-1773673267712-0\" class=\"ads-pub\">\n<p>                        googletag.cmd.push(function () {<br \/>\n                            googletag.display(&#8216;div-gpt-ad-1773673267712-0&#8217;);<br \/>\n                        });<\/p><\/div>\n<\/p><\/div>\n<\/p><\/div>\n<\/p><\/div>\n<\/div><\/div>\n<\/p><\/div>\n<\/section>\n<p>        <button class=\"btn-newsletter btn-outline-white my-5\" id=\"open-modal-newsletter\">Inscrivez-vous \u00e0 la newsletter<\/button>\t\t<\/p>\n<section class=\"related-posts post-list padding-top-m padding-bottom-s\">\n<div class=\"container\">\n<h2 class=\"title mx-auto\">\u00c0 lire aussi<\/h2>\n<div class=\"row\">\n<div class=\"col-lg-3\">\n<div class=\"post-card desktop\">\n\t\t\t\t\t\t\t\t\t\t<a class=\"post-link\" href=\"https:\/\/numero.com\/culture\/cinema\/simone-ashley-portrait-projets\/\"><\/p>\n<div class=\"container-img\">\n<p>                                                <img decoding=\"async\" src=\"\/\/www.w3.org\/2000\/svg'%20viewBox='0%200%200%200'%3E%3C\/svg%3E\" alt=\"Simone Ashley en Chopard lors du 79e Festival de Cannes, le 15 mai 2026. \u00a9 Samir Hussein\/WireImage.\" data-lazy-src=\"https:\/\/numero.com\/wp-content\/uploads\/2026\/05\/Simone-Ashley-.jpg\"><img decoding=\"async\" src=\"https:\/\/numero.com\/wp-content\/uploads\/2026\/05\/Simone-Ashley-.jpg\" alt=\"Simone Ashley en Chopard lors du 79e Festival de Cannes, le 15 mai 2026. \u00a9 Samir Hussein\/WireImage.\"><\/p>\n<div class=\"number\">17<\/div>\n<\/p><\/div>\n<div class=\"card-info\">\n<div class=\"meta d-flex justify-content-between\">\n<p class=\"cat-title\">Cin\u00e9ma<\/p>\n<p class=\"date\">\n\t\t\t\t\t\t\t\t\t\t\t\t\t\t17 mai 2026\t\t\t\t\t\t\t\t\t\t\t\t\t<\/p>\n<\/p><\/div>\n<div class=\"post-title\">Cannes 2026 : rencontre avec Simone Ashley, actrice magn\u00e9tique et engag\u00e9e\u00a0<\/div>\n<\/p><\/div>\n<p>\t\t\t\t\t\t\t\t\t\t<\/a>\n\t\t\t\t\t\t\t\t\t<\/div>\n<div class=\"post-card mobile\">\n\t\t\t\t\t\t\t\t\t\t<a class=\"post-link d-flex\" href=\"https:\/\/numero.com\/culture\/cinema\/simone-ashley-portrait-projets\/\"><\/p>\n<div class=\"container-img\">\n\t\t\t\t\t\t\t\t\t\t\t\t<img loading=\"lazy\" decoding=\"async\" width=\"640\" height=\"804\" src=\"\/\/www.w3.org\/2000\/svg'%20viewBox='0%200%20640%20804'%3E%3C\/svg%3E\" class=\"img-fluid\" alt=\"Simone Ashley en Chopard lors du 79e Festival de Cannes, le 15 mai 2026. \u00a9 Samir Hussein\/WireImage.\" data-lazy-src=\"https:\/\/numero.com\/wp-content\/uploads\/2026\/05\/Simone-Ashley--768x965.jpg\"><img decoding=\"async\" width=\"640\" height=\"804\" src=\"https:\/\/numero.com\/wp-content\/uploads\/2026\/05\/Simone-Ashley--768x965.jpg\" class=\"img-fluid\" alt=\"Simone Ashley en Chopard lors du 79e Festival de Cannes, le 15 mai 2026. \u00a9 Samir Hussein\/WireImage.\" loading=\"lazy\">\t\t\t\t\t\t\t\t\t\t\t\t<\/p>\n<div class=\"number\">17<\/div>\n<\/p><\/div>\n<div class=\"card-info d-flex\">\n<div>\n<p class=\"cat-title\">Cin\u00e9ma<\/p>\n<h3 class=\"post-title\">Cannes 2026 : rencontre avec Simone Ashley, actrice magn\u00e9tique et engag\u00e9e\u00a0<\/h3>\n<\/p><\/div>\n<p class=\"date\">\n\t\t\t\t\t\t\t\t\t\t\t\t\t17 mai 2026\t\t\t\t\t\t\t\t\t\t\t\t<\/p>\n<\/p><\/div>\n<p>\t\t\t\t\t\t\t\t\t\t<\/a>\n\t\t\t\t\t\t\t\t\t<\/div>\n<\/p><\/div>\n<div class=\"col-lg-3\">\n<div class=\"post-card desktop\">\n\t\t\t\t\t\t\t\t\t\t<a class=\"post-link\" href=\"https:\/\/numero.com\/culture\/cinema\/garance-adele-exarchopoulos-jeanne-herry\/\"><\/p>\n<div class=\"container-img\">\n<p>                                                <img decoding=\"async\" src=\"\/\/www.w3.org\/2000\/svg'%20viewBox='0%200%200%200'%3E%3C\/svg%3E\" alt=\"Ad\u00e8le Exarchopoulos dans le film Garance.\" data-lazy-src=\"https:\/\/numero.com\/wp-content\/uploads\/2026\/04\/adele-exarchopoulos-garance3.jpg\"><img decoding=\"async\" src=\"https:\/\/numero.com\/wp-content\/uploads\/2026\/04\/adele-exarchopoulos-garance3.jpg\" alt=\"Ad\u00e8le Exarchopoulos dans le film Garance.\"><\/p>\n<div class=\"number\">17<\/div>\n<\/p><\/div>\n<div class=\"card-info\">\n<div class=\"meta d-flex justify-content-between\">\n<p class=\"cat-title\">Cin\u00e9ma<\/p>\n<p class=\"date\">\n\t\t\t\t\t\t\t\t\t\t\t\t\t\t17 mai 2026\t\t\t\t\t\t\t\t\t\t\t\t\t<\/p>\n<\/p><\/div>\n<div class=\"post-title\">Cannes 2026 : pourquoi on attend impatiemment le film Garance<\/div>\n<\/p><\/div>\n<p>\t\t\t\t\t\t\t\t\t\t<\/a>\n\t\t\t\t\t\t\t\t\t<\/div>\n<div class=\"post-card mobile\">\n\t\t\t\t\t\t\t\t\t\t<a class=\"post-link d-flex\" href=\"https:\/\/numero.com\/culture\/cinema\/garance-adele-exarchopoulos-jeanne-herry\/\"><\/p>\n<div class=\"container-img\">\n\t\t\t\t\t\t\t\t\t\t\t\t<img loading=\"lazy\" decoding=\"async\" width=\"640\" height=\"804\" src=\"\/\/www.w3.org\/2000\/svg'%20viewBox='0%200%20640%20804'%3E%3C\/svg%3E\" class=\"img-fluid\" alt=\"Ad\u00e8le Exarchopoulos dans le film Garance.\" data-lazy-src=\"https:\/\/numero.com\/wp-content\/uploads\/2026\/04\/adele-exarchopoulos-garance3-768x965.jpg\"><img decoding=\"async\" width=\"640\" height=\"804\" src=\"https:\/\/numero.com\/wp-content\/uploads\/2026\/04\/adele-exarchopoulos-garance3-768x965.jpg\" class=\"img-fluid\" alt=\"Ad\u00e8le Exarchopoulos dans le film Garance.\" loading=\"lazy\">\t\t\t\t\t\t\t\t\t\t\t\t<\/p>\n<div class=\"number\">17<\/div>\n<\/p><\/div>\n<div class=\"card-info d-flex\">\n<div>\n<p class=\"cat-title\">Cin\u00e9ma<\/p>\n<h3 class=\"post-title\">Cannes 2026 : pourquoi on attend impatiemment le film Garance<\/h3>\n<\/p><\/div>\n<p class=\"date\">\n\t\t\t\t\t\t\t\t\t\t\t\t\t17 mai 2026\t\t\t\t\t\t\t\t\t\t\t\t<\/p>\n<\/p><\/div>\n<p>\t\t\t\t\t\t\t\t\t\t<\/a>\n\t\t\t\t\t\t\t\t\t<\/div>\n<\/p><\/div>\n<div class=\"col-lg-3\">\n<div class=\"post-card desktop\">\n\t\t\t\t\t\t\t\t\t\t<a class=\"post-link\" href=\"https:\/\/numero.com\/culture\/musique\/ibeyi-interview-album\/\"><\/p>\n<div class=\"container-img\">\n<p>                                                <img decoding=\"async\" src=\"\/\/www.w3.org\/2000\/svg'%20viewBox='0%200%200%200'%3E%3C\/svg%3E\" alt=\"Ibeyi.\" data-lazy-src=\"https:\/\/numero.com\/wp-content\/uploads\/2026\/04\/thumb-ibeyi.jpg\"><img decoding=\"async\" src=\"https:\/\/numero.com\/wp-content\/uploads\/2026\/04\/thumb-ibeyi.jpg\" alt=\"Ibeyi.\"><\/p>\n<div class=\"number\">15<\/div>\n<\/p><\/div>\n<div class=\"card-info\">\n<div class=\"meta d-flex justify-content-between\">\n<p class=\"cat-title\">Musique<\/p>\n<p class=\"date\">\n\t\t\t\t\t\t\t\t\t\t\t\t\t\t15 mai 2026\t\t\t\t\t\t\t\t\t\t\t\t\t<\/p>\n<\/p><\/div>\n<div class=\"post-title\">Ibeyi : \u201c\u00catre spirituelle peut autant signifier twerker dans un club \u00e0 Atlanta que faire vibrer un bol tib\u00e9tain\u201d<\/div>\n<\/p><\/div>\n<p>\t\t\t\t\t\t\t\t\t\t<\/a>\n\t\t\t\t\t\t\t\t\t<\/div>\n<div class=\"post-card mobile\">\n\t\t\t\t\t\t\t\t\t\t<a class=\"post-link d-flex\" href=\"https:\/\/numero.com\/culture\/musique\/ibeyi-interview-album\/\"><\/p>\n<div class=\"container-img\">\n\t\t\t\t\t\t\t\t\t\t\t\t<img loading=\"lazy\" decoding=\"async\" width=\"640\" height=\"804\" src=\"\/\/www.w3.org\/2000\/svg'%20viewBox='0%200%20640%20804'%3E%3C\/svg%3E\" class=\"img-fluid\" alt=\"Ibeyi.\" data-lazy-src=\"https:\/\/numero.com\/wp-content\/uploads\/2026\/04\/thumb-ibeyi-768x965.jpg\"><img decoding=\"async\" width=\"640\" height=\"804\" src=\"https:\/\/numero.com\/wp-content\/uploads\/2026\/04\/thumb-ibeyi-768x965.jpg\" class=\"img-fluid\" alt=\"Ibeyi.\" loading=\"lazy\">\t\t\t\t\t\t\t\t\t\t\t\t<\/p>\n<div class=\"number\">15<\/div>\n<\/p><\/div>\n<div class=\"card-info d-flex\">\n<div>\n<p class=\"cat-title\">Musique<\/p>\n<h3 class=\"post-title\">Ibeyi : \u201c\u00catre spirituelle peut autant signifier twerker dans un club \u00e0 Atlanta que faire vibrer un bol tib\u00e9tain\u201d<\/h3>\n<\/p><\/div>\n<p class=\"date\">\n\t\t\t\t\t\t\t\t\t\t\t\t\t15 mai 2026\t\t\t\t\t\t\t\t\t\t\t\t<\/p>\n<\/p><\/div>\n<p>\t\t\t\t\t\t\t\t\t\t<\/a>\n\t\t\t\t\t\t\t\t\t<\/div>\n<\/p><\/div>\n<div class=\"col-lg-3\">\n<div class=\"post-card desktop\">\n\t\t\t\t\t\t\t\t\t\t<a class=\"post-link\" href=\"https:\/\/numero.com\/culture\/cinema\/club-kid-cara-delevingne-jordan-firstman\/\"><\/p>\n<div class=\"container-img\">\n<p>                                                <img decoding=\"async\" src=\"\/\/www.w3.org\/2000\/svg'%20viewBox='0%200%200%200'%3E%3C\/svg%3E\" alt=\"Club Kid de Jordan Firstman avec Cara Delevingne et Diego Calva, en s\u00e9lection Un Certain Regard \u00e0 Cannes 2026.\" data-lazy-src=\"https:\/\/numero.com\/wp-content\/uploads\/2026\/04\/thumb-club-kid-numero-magazine.jpg\"><img decoding=\"async\" src=\"https:\/\/numero.com\/wp-content\/uploads\/2026\/04\/thumb-club-kid-numero-magazine.jpg\" alt=\"Club Kid de Jordan Firstman avec Cara Delevingne et Diego Calva, en s\u00e9lection Un Certain Regard \u00e0 Cannes 2026.\"><\/p>\n<div class=\"number\">15<\/div>\n<\/p><\/div>\n<div class=\"card-info\">\n<div class=\"meta d-flex justify-content-between\">\n<p class=\"cat-title\">Cin\u00e9ma<\/p>\n<p class=\"date\">\n\t\t\t\t\t\t\t\t\t\t\t\t\t\t15 mai 2026\t\t\t\t\t\t\t\t\t\t\t\t\t<\/p>\n<\/p><\/div>\n<div class=\"post-title\">Cannes 2026 : Cara Delevingne en soir\u00e9e underground dans le film Club Kid<\/div>\n<\/p><\/div>\n<p>\t\t\t\t\t\t\t\t\t\t<\/a>\n\t\t\t\t\t\t\t\t\t<\/div>\n<div class=\"post-card mobile\">\n\t\t\t\t\t\t\t\t\t\t<a class=\"post-link d-flex\" href=\"https:\/\/numero.com\/culture\/cinema\/club-kid-cara-delevingne-jordan-firstman\/\"><\/p>\n<div class=\"container-img\">\n\t\t\t\t\t\t\t\t\t\t\t\t<img loading=\"lazy\" decoding=\"async\" width=\"640\" height=\"804\" src=\"\/\/www.w3.org\/2000\/svg'%20viewBox='0%200%20640%20804'%3E%3C\/svg%3E\" class=\"img-fluid\" alt=\"Club Kid de Jordan Firstman avec Cara Delevingne et Diego Calva, en s\u00e9lection Un Certain Regard \u00e0 Cannes 2026.\" data-lazy-src=\"https:\/\/numero.com\/wp-content\/uploads\/2026\/04\/thumb-club-kid-numero-magazine-768x965.jpg\"><img decoding=\"async\" width=\"640\" height=\"804\" src=\"https:\/\/numero.com\/wp-content\/uploads\/2026\/04\/thumb-club-kid-numero-magazine-768x965.jpg\" class=\"img-fluid\" alt=\"Club Kid de Jordan Firstman avec Cara Delevingne et Diego Calva, en s\u00e9lection Un Certain Regard \u00e0 Cannes 2026.\" loading=\"lazy\">\t\t\t\t\t\t\t\t\t\t\t\t<\/p>\n<div class=\"number\">15<\/div>\n<\/p><\/div>\n<div class=\"card-info d-flex\">\n<div>\n<p class=\"cat-title\">Cin\u00e9ma<\/p>\n<h3 class=\"post-title\">Cannes 2026 : Cara Delevingne en soir\u00e9e underground dans le film Club Kid<\/h3>\n<\/p><\/div>\n<p class=\"date\">\n\t\t\t\t\t\t\t\t\t\t\t\t\t15 mai 2026\t\t\t\t\t\t\t\t\t\t\t\t<\/p>\n<\/p><\/div>\n<p>\t\t\t\t\t\t\t\t\t\t<\/a>\n\t\t\t\t\t\t\t\t\t<\/div>\n<\/p><\/div>\n<\/p><\/div>\n<\/p><\/div>\n<\/section>\n<div class=\"padding-bottom-s\">\n<div class=\"ad banner desktop\">\n<div class=\"container\">\n<div class=\"row\">\n            <!-- \/21730003857\/numero-ad-unit\/numero-banner-1 --><\/p>\n<div class=\"ad-responsive\">\n<div id=\"div-gpt-ad-1773673267712-0\" class=\"ads-pub\">\n<p>                        googletag.cmd.push(function () {<br \/>\n                            googletag.display(&#8216;div-gpt-ad-1773673267712-0&#8217;);<br \/>\n                        });<\/p><\/div>\n<\/p><\/div>\n<\/p><\/div>\n<\/p><\/div>\n<\/div><\/div>\n<\/p><\/div>\n","protected":false},"excerpt":{"rendered":"<p>19 19 googletag.cmd.push(function () { googletag.display(&#8216;div-gpt-ad-1773673590069-0&#8217;); }); Lien copi\u00e9 Joaillerie 19 mai 2026 20 bijoux \u00e0 offrir au printemps, pour les f\u00eates ou pour soi Entre pi\u00e8ces statement et valeurs s\u00fbres, les bijoux restent des id\u00e9es de cadeaux incontournables. Pour le printemps, la s\u00e9lection se fait plus lumineuse, . D\u00e9couvrez 20 bijoux \u00e0 offrir ou [&hellip;]<\/p>\n","protected":false},"author":1,"featured_media":0,"comment_status":"open","ping_status":"","sticky":false,"template":"","format":"standard","meta":{"footnotes":""},"categories":[1],"tags":[226,258],"class_list":["post-1943448","post","type-post","status-publish","format-standard","hentry","category-uncategorized","tag-crawlmanager","tag-numero-com"],"_links":{"self":[{"href":"https:\/\/analyse.optim.biz\/index.php?rest_route=\/wp\/v2\/posts\/1943448","targetHints":{"allow":["GET"]}}],"collection":[{"href":"https:\/\/analyse.optim.biz\/index.php?rest_route=\/wp\/v2\/posts"}],"about":[{"href":"https:\/\/analyse.optim.biz\/index.php?rest_route=\/wp\/v2\/types\/post"}],"author":[{"embeddable":true,"href":"https:\/\/analyse.optim.biz\/index.php?rest_route=\/wp\/v2\/users\/1"}],"replies":[{"embeddable":true,"href":"https:\/\/analyse.optim.biz\/index.php?rest_route=%2Fwp%2Fv2%2Fcomments&post=1943448"}],"version-history":[{"count":0,"href":"https:\/\/analyse.optim.biz\/index.php?rest_route=\/wp\/v2\/posts\/1943448\/revisions"}],"wp:attachment":[{"href":"https:\/\/analyse.optim.biz\/index.php?rest_route=%2Fwp%2Fv2%2Fmedia&parent=1943448"}],"wp:term":[{"taxonomy":"category","embeddable":true,"href":"https:\/\/analyse.optim.biz\/index.php?rest_route=%2Fwp%2Fv2%2Fcategories&post=1943448"},{"taxonomy":"post_tag","embeddable":true,"href":"https:\/\/analyse.optim.biz\/index.php?rest_route=%2Fwp%2Fv2%2Ftags&post=1943448"}],"curies":[{"name":"wp","href":"https:\/\/api.w.org\/{rel}","templated":true}]}}