{"id":1943269,"date":"2026-05-19T07:42:19","date_gmt":"2026-05-19T04:42:19","guid":{"rendered":"https:\/\/analyse.optim.biz\/?p=1943269"},"modified":"2026-05-19T07:42:19","modified_gmt":"2026-05-19T04:42:19","slug":"p-lectie-practica-de-permacultura-si-muzica-corala-la-noaptea-muzeelor-pe-frumosul-domeniu-marghiloman","status":"publish","type":"post","link":"https:\/\/analyse.optim.biz\/?p=1943269","title":{"rendered":"(P) Lec\u021bie practic\u0103 de permacultur\u0103 \u0219i muzic\u0103 coral\u0103, la Noaptea Muzeelor, pe frumosul domeniu Marghiloman"},"content":{"rendered":"<p>[analyse_image type=&#8221;featured&#8221; src=&#8221;https:\/\/buzaulinreportaje.ro\/wp-content\/uploads\/2026\/05\/WhatsApp-Image-2026-05-19-at-10.46.07-1.jpeghttps:\/\/buzaulinreportaje.ro\/wp-content\/uploads\/2026\/05\/WhatsApp-Image-2026-05-19-at-10.46.07-1.jpeg&#8221;]<\/p>\n<div class=\"entry-content herald-entry-content\">\n<p><strong>COMUNICAT DE PRES\u0102<\/strong><\/p>\n<p><strong>Noaptea Muzeelor pe Domeniul Marghiloman<\/strong><\/p>\n<p>S\u00e2mb\u0103t\u0103, 23 mai, este Noaptea \u00een care cultura devine accesibil\u0103 tuturor! Cu ocazia Nop\u021bii Muzeelor, \u00een intervalul 19:00-23:00, complexul Marghiloman este deschis publicului larg. Activit\u0103\u021bile Centrului Cultural \u0219i Educa\u021bional\u00a0\u201eAlexandru Marghiloman\u201d (CCAM) se\u00a0\u00eenscriu sub tema\u00a0<em>Patrimoniu. Tradi\u021bii.\u00a0<\/em><\/p>\n<p>Deschidem cl\u0103dirile de pe domeniu pentru a le spune povestea, pentru a prezenta publicului cele dou\u0103 coruri de tradi\u021bie ale ora\u0219ului (Corul Lyra \u0219i Happy Kids) \u0219i pentru a lansa primul program al CCAM dedicat adolescen\u021bilor.<\/p>\n<p>Sub semnul tradi\u021biei, la <strong>Grajduri \u2013 Complexul Hipic, corpul A<\/strong> \u2013 vom g\u0103zdui \u201eMo\u0219tenire pentru Rom\u00e2nia\u201d, o expozi\u021bie de obiecte confec\u021bionate \u0219i colec\u021bionate de Amelia Papazissu \u201eTezaur uman viu\u201d UNESCO, Distinc\u021bia \u201eMeritul cultural\u201d 2015.<\/p>\n<figure class=\"wp-block-gallery has-nested-images columns-default is-cropped wp-block-gallery-1 is-layout-flex wp-block-gallery-is-layout-flex\">\n<figure class=\"wp-block-image size-large\"><img loading=\"lazy\" decoding=\"async\" width=\"819\" height=\"1024\" src=\"https:\/\/buzaulinreportaje.ro\/wp-content\/uploads\/2026\/05\/2605-Noaptea-Alba%CC%86-la-Vila-Albatros_PostareProgram-1-819x1024.png\" alt class=\"wp-image-28214\"><\/figure>\n<\/figure>\n<p>Elevii Liceului de Arte, coordona\u021bi de prof. Valeriu \u0218u\u0219nea vor expune sub titlul \u201eTradi\u021bii. Obiceiuri\u201d la <strong>Vila Albatros (subsol)<\/strong> o expozi\u021bie special preg\u0103tit\u0103 cu aceast\u0103 ocazie \u0219i dedicat\u0103 satului rom\u00e2nesc.<\/p>\n<p><strong>La Vila Albatros\u00a0<\/strong>programul se compune din vizite ghidate care spun povestea domeniului \u0219i a lui Alexandru Marghiloman. Tot la Vil\u0103, \u00een Salonul de Muzic\u0103, se lanseaz\u0103 Programul \u201eEcouri din viitor: Tinerii \u0219i cultura\u201d prin ateliere de 30 de minute croite\u00a0special pentru adolescen\u021bi.<\/p>\n<p><strong>La Vila Albatros \u0219i la Casa de Oaspe\u021bi <\/strong>vizitatorii vor asculta alternativ corurile patronate de CCAM.<\/p>\n<figure class=\"wp-block-gallery has-nested-images columns-default is-cropped wp-block-gallery-2 is-layout-flex wp-block-gallery-is-layout-flex\">\n<figure class=\"wp-block-image size-large\"><img decoding=\"async\" loading=\"lazy\" width=\"819\" height=\"1024\" src=\"https:\/\/buzaulinreportaje.ro\/wp-content\/uploads\/2026\/05\/2605-Noaptea-Alba%CC%86-la-Vila-Albatros_Postare_ExpoPapazissu-2-819x1024.png\" alt class=\"wp-image-28216\"><\/figure>\n<figure class=\"wp-block-image size-large\"><img decoding=\"async\" loading=\"lazy\" width=\"819\" height=\"1024\" src=\"https:\/\/buzaulinreportaje.ro\/wp-content\/uploads\/2026\/05\/2605-Noaptea-Alba%CC%86-la-Vila-Albatros_PostareProgram-1-1-819x1024.png\" alt class=\"wp-image-28215\"><\/figure>\n<\/figure>\n<p><strong>Centrul Educa\u021bional pentru Permacultur\u0103 \u0219i Hran\u0103 S\u0103n\u0103toas\u0103 \u201eCasa Gr\u0103dinarului\u201d\u00a0<\/strong>este deschis publicului \u0219i poate fi vizitat, admirat \u0219i fotografiat. Vom spune povestea acestui concept inovator tuturor vizitatorilor.<\/p>\n<div class=\"wp-block-image\">\n<figure class=\"aligncenter size-full\"><img decoding=\"async\" loading=\"lazy\" width=\"707\" height=\"792\" src=\"https:\/\/buzaulinreportaje.ro\/wp-content\/uploads\/2026\/05\/sera-Marghiloman.jpeg\" alt class=\"wp-image-28217\"><\/figure>\n<\/div>\n<p>Programul serii este urm\u0103torul:<\/p>\n<p><strong>VILA ALBATROS<\/strong><\/p>\n<p><strong>19:00<\/strong> Vizit\u0103 ghidat\u0103 la Conac<\/p>\n<p><strong>19:30<\/strong> Muzic\u0103: Happy Kids<\/p>\n<p><strong>20:30<\/strong> Vizit\u0103 ghidat\u0103 la Conac<\/p>\n<p><strong>21:30<\/strong> Muzic\u0103: Happy Kids<\/p>\n<p><strong>22:00<\/strong> Vizit\u0103 ghidat\u0103 la Conac<\/p>\n<p><strong>22:30<\/strong> Muzic\u0103: Happy Kids<\/p>\n<p><strong>CASA DE OASPE\u021aI<\/strong><\/p>\n<p><strong>20:00 \u0219i 21:00 <\/strong>Muzic\u0103: Corul Lyra<\/p>\n<p><strong>Salonul de Muzic\u0103<\/strong><\/p>\n<figure class=\"wp-block-gallery has-nested-images columns-default is-cropped wp-block-gallery-3 is-layout-flex wp-block-gallery-is-layout-flex\">\n<figure class=\"wp-block-image size-large\"><img decoding=\"async\" loading=\"lazy\" width=\"1024\" height=\"768\" src=\"https:\/\/buzaulinreportaje.ro\/wp-content\/uploads\/2026\/05\/WhatsApp-Image-2026-05-19-at-10.46.07-1-1024x768.jpeg\" alt class=\"wp-image-28220\"><\/figure>\n<figure class=\"wp-block-image size-large\"><img decoding=\"async\" loading=\"lazy\" width=\"1024\" height=\"768\" src=\"https:\/\/buzaulinreportaje.ro\/wp-content\/uploads\/2026\/05\/WhatsApp-Image-2026-05-19-at-10.46.08-1024x768.jpeg\" alt class=\"wp-image-28221\"><\/figure>\n<figure class=\"wp-block-image size-large\"><img decoding=\"async\" loading=\"lazy\" width=\"768\" height=\"1024\" src=\"https:\/\/buzaulinreportaje.ro\/wp-content\/uploads\/2026\/05\/WhatsApp-Image-2026-05-19-at-10.46.07-768x1024.jpeg\" alt class=\"wp-image-28222\"><\/figure>\n<figure class=\"wp-block-image size-large\"><img decoding=\"async\" loading=\"lazy\" width=\"1024\" height=\"768\" src=\"https:\/\/buzaulinreportaje.ro\/wp-content\/uploads\/2026\/05\/WhatsApp-Image-2026-05-19-at-10.46.02-1024x768.jpeg\" alt class=\"wp-image-28219\"><\/figure>\n<figure class=\"wp-block-image size-large\"><img decoding=\"async\" loading=\"lazy\" width=\"1024\" height=\"768\" src=\"https:\/\/buzaulinreportaje.ro\/wp-content\/uploads\/2026\/05\/WhatsApp-Image-2026-05-19-at-10.45.56-1024x768.jpeg\" alt class=\"wp-image-28223\"><\/figure>\n<\/figure>\n<p><strong>18:30 \u2013 19:00 \/ 20:00 -20:30 \/ 21:30-22:00 <\/strong>Atelierul cultural al tinerilor: <em>Perspective. Inspira\u021bie \u0219i Impact<\/em><\/p>\n<p><strong>Subsol<\/strong><\/p>\n<p><strong>19:00 \u2013 23:00 \u201eTradi\u021bii. Obiceiuri\u201d <\/strong>Expozi\u021bia Liceului de Arte \u201eMargareta Sterian\u201d sub coordonarea Prof. Valeriu \u0218u\u0219nea<\/p>\n<p><strong>COMPLEXUL HIPIC (CORP A)<\/strong><\/p>\n<p><strong>19:00 \u2013 23:00 <\/strong>Expozi\u021bia \u201eMo\u0219tenire pentru Rom\u00e2nia\u201d. Obiecte confec\u021bionate \u0219i colec\u021bionate de Amelia Papazissu \u201eTezaur Uman Viu\u201d UNESCO, Distinc\u021bia \u201eMeritul Cultural\u201d 2015<\/p>\n<p><strong>CENTRUL EDUCA\u021aIONAL PENTRU PERMACULTUR\u0102 \u0218I HRAN\u0102 S\u0102N\u0102TOAS\u0102 \u201eCASA GR\u0102DINARULUI\u201d<\/strong><\/p>\n<p><strong>19:00-22:00 <\/strong>Vizite ghidate<\/p>\n<div class=\"meta-tags\"><span>etichete<\/span><a href=\"https:\/\/buzaulinreportaje.ro\/tag\/buzau-2\/\" rel=\"tag\">Buz\u0103u<\/a><a href=\"https:\/\/buzaulinreportaje.ro\/tag\/domeniul-marghiloman\/\" rel=\"tag\">Domeniul Marghiloman<\/a><a href=\"https:\/\/buzaulinreportaje.ro\/tag\/hrana-sanatoasa\/\" rel=\"tag\">hran\u0103 s\u0103n\u0103toas\u0103<\/a><a href=\"https:\/\/buzaulinreportaje.ro\/tag\/noaptea-muzeelor\/\" rel=\"tag\">Noaptea Muzeelor<\/a><a href=\"https:\/\/buzaulinreportaje.ro\/tag\/permacultura\/\" rel=\"tag\">permacultur\u0103<\/a><a href=\"https:\/\/buzaulinreportaje.ro\/tag\/roxana-ripeanu\/\" rel=\"tag\">Roxana R\u00eepeanu<\/a><a href=\"https:\/\/buzaulinreportaje.ro\/tag\/vila-albastros\/\" rel=\"tag\">Vila Albastros<\/a><\/div>\n<div class=\"herald-share-content\">\n<div class=\"meks_ess layout-5-1 transparent no-labels solid\"><a href=\"https:\/\/buzaulinreportaje.ro\/p-lectie-practica-de-permacultura-si-muzica-corala-la-noaptea-muzeelor-pe-frumosul-domeniu-marghiloman\/\" class=\"meks_ess-item socicon-facebook\" data-url=\"http:\/\/www.facebook.com\/sharer\/sharer.php?u=https%3A%2F%2Fbuzaulinreportaje.ro%2Fp-lectie-practica-de-permacultura-si-muzica-corala-la-noaptea-muzeelor-pe-frumosul-domeniu-marghiloman%2F&amp;t=%28P%29%20Lec%C8%9Bie%20practic%C4%83%20de%20permacultur%C4%83%20%C8%99i%20muzic%C4%83%20coral%C4%83%2C%20la%20Noaptea%20Muzeelor%2C%20pe%20frumosul%20domeniu%20Marghiloman\"><span>Facebook<\/span><\/a><a href=\"https:\/\/api.whatsapp.com\/send?text=%28P%29%20Lec%C8%9Bie%20practic%C4%83%20de%20permacultur%C4%83%20%C8%99i%20muzic%C4%83%20coral%C4%83%2C%20la%20Noaptea%20Muzeelor%2C%20pe%20frumosul%20domeniu%20Marghiloman%20https%3A%2F%2Fbuzaulinreportaje.ro%2Fp-lectie-practica-de-permacultura-si-muzica-corala-la-noaptea-muzeelor-pe-frumosul-domeniu-marghiloman%2F\" class=\"meks_ess-item socicon-whatsapp prevent-share-popup\"><span>WhatsApp<\/span><\/a><a href=\"https:\/\/buzaulinreportaje.ro\/p-lectie-practica-de-permacultura-si-muzica-corala-la-noaptea-muzeelor-pe-frumosul-domeniu-marghiloman\/\" class=\"meks_ess-item socicon-twitter\" data-url=\"http:\/\/twitter.com\/intent\/tweet?url=https%3A%2F%2Fbuzaulinreportaje.ro%2Fp-lectie-practica-de-permacultura-si-muzica-corala-la-noaptea-muzeelor-pe-frumosul-domeniu-marghiloman%2F&amp;text=%28P%29%20Lec%C8%9Bie%20practic%C4%83%20de%20permacultur%C4%83%20%C8%99i%20muzic%C4%83%20coral%C4%83%2C%20la%20Noaptea%20Muzeelor%2C%20pe%20frumosul%20domeniu%20Marghiloman\"><span>X<\/span><\/a><\/div>\n<\/div>\n<\/div>\n<p>[analyse_source url=&#8221;https:\/\/buzaulinreportaje.ro\/p-lectie-practica-de-permacultura-si-muzica-corala-la-noaptea-muzeelor-pe-frumosul-domeniu-marghiloman\/&#8221;]<\/p>\n","protected":false},"excerpt":{"rendered":"<p>[analyse_image type=&#8221;featured&#8221; src=&#8221;https:\/\/buzaulinreportaje.ro\/wp-content\/uploads\/2026\/05\/WhatsApp-Image-2026-05-19-at-10.46.07-1.jpeghttps:\/\/buzaulinreportaje.ro\/wp-content\/uploads\/2026\/05\/WhatsApp-Image-2026-05-19-at-10.46.07-1.jpeg&#8221;] COMUNICAT DE PRES\u0102 Noaptea Muzeelor pe Domeniul Marghiloman S\u00e2mb\u0103t\u0103, 23 mai, este Noaptea \u00een care cultura devine accesibil\u0103 tuturor! Cu ocazia Nop\u021bii Muzeelor, \u00een intervalul 19:00-23:00, complexul Marghiloman este deschis publicului larg. Activit\u0103\u021bile Centrului Cultural \u0219i Educa\u021bional\u00a0\u201eAlexandru Marghiloman\u201d (CCAM) se\u00a0\u00eenscriu sub tema\u00a0Patrimoniu. Tradi\u021bii.\u00a0 Deschidem cl\u0103dirile de pe domeniu pentru a le spune [&hellip;]<\/p>\n","protected":false},"author":1,"featured_media":0,"comment_status":"open","ping_status":"","sticky":false,"template":"","format":"standard","meta":{"footnotes":""},"categories":[2],"tags":[59,226],"class_list":["post-1943269","post","type-post","status-publish","format-standard","hentry","category-politics","tag-buzaulinreportaje-ro","tag-crawlmanager"],"_links":{"self":[{"href":"https:\/\/analyse.optim.biz\/index.php?rest_route=\/wp\/v2\/posts\/1943269","targetHints":{"allow":["GET"]}}],"collection":[{"href":"https:\/\/analyse.optim.biz\/index.php?rest_route=\/wp\/v2\/posts"}],"about":[{"href":"https:\/\/analyse.optim.biz\/index.php?rest_route=\/wp\/v2\/types\/post"}],"author":[{"embeddable":true,"href":"https:\/\/analyse.optim.biz\/index.php?rest_route=\/wp\/v2\/users\/1"}],"replies":[{"embeddable":true,"href":"https:\/\/analyse.optim.biz\/index.php?rest_route=%2Fwp%2Fv2%2Fcomments&post=1943269"}],"version-history":[{"count":0,"href":"https:\/\/analyse.optim.biz\/index.php?rest_route=\/wp\/v2\/posts\/1943269\/revisions"}],"wp:attachment":[{"href":"https:\/\/analyse.optim.biz\/index.php?rest_route=%2Fwp%2Fv2%2Fmedia&parent=1943269"}],"wp:term":[{"taxonomy":"category","embeddable":true,"href":"https:\/\/analyse.optim.biz\/index.php?rest_route=%2Fwp%2Fv2%2Fcategories&post=1943269"},{"taxonomy":"post_tag","embeddable":true,"href":"https:\/\/analyse.optim.biz\/index.php?rest_route=%2Fwp%2Fv2%2Ftags&post=1943269"}],"curies":[{"name":"wp","href":"https:\/\/api.w.org\/{rel}","templated":true}]}}