{"id":194088,"date":"2014-10-28T12:08:13","date_gmt":"2014-10-28T09:08:13","guid":{"rendered":"https:\/\/analyse.optim.biz\/?p=194088"},"modified":"2014-10-28T12:08:13","modified_gmt":"2014-10-28T09:08:13","slug":"traian-basescu-va-fi-un-congres-la-pmp-dupa-alegeri-dar-nu-cu-mine-candidat-la-presedintia-partidului","status":"publish","type":"post","link":"https:\/\/analyse.optim.biz\/?p=194088","title":{"rendered":"Traian B\u0103sescu: Va fi un congres la PMP dup\u0103 alegeri, dar nu cu mine candidat la pre\u015fedin\u0163ia partidului"},"content":{"rendered":"<div class=\"entry data-app-meta data-app-meta-article\" data-embed-base-url-canonical=\"https:\/\/www.digi24.ro\/embed\/stiri\/actualitate\/politica\/traian-basescu-va-fi-un-congres-la-pmp-dupa-alegeri-dar-nu-cu-mine-candidat-la-presedintia-partidului-313577\">\n<p data-index=\"1\"><img decoding=\"async\" src=\"https:\/\/analyse.optim.biz\/wp-content\/uploads\/2024\/09\/dz04mdamagfzad1izdrjyzbkymrlywmwnwrjnzrjmjvhnjmyytviodewzg-thumb_.jpg\" data-skip-htmlfix=\"1\" title=\"dz04mdamagfzad1izdrjyzbkymrlywmwnwrjnzrjmjvhnjmyytviodewzg-thumb_\"><\/p>\n<p data-index=\"2\"><span><em>Traian B\u0103sescu \u0219i pre\u0219edintele PMP, Elena Udrea<\/em> \/ Foto: Facebook<\/span><\/p>\n<p data-index=\"3\">\u201e<span>Va fi un congres la PMP, dar nu cum mine candidat la pre\u015fedin\u0163ia partidului\u201d, a spusTraian B\u0103sescu la<a href=\"http:\/\/adevarul.ro\/\" target=\"_blank\" data-skip-linkfix=\"1\" rel=\"noopener\"> Adev\u0103rul Live<\/a>.<\/span><\/p>\n<p data-index=\"4\">\u00cen opinia sa, este nevoie de \u201eun alt fel de partid, care s\u0103 nu aib\u0103 ag\u0103\u0163ate compromisuri ur\u00e2te\u201d. Traian B\u0103sescu a mai spus c\u0103 tipul acesta de \u201ecompromisuri grosiere\u201d, pe care \u015fi el le-a f\u0103cut, nu mai trebuie f\u0103cute \u0219i c\u0103 PMP trebuie s\u0103 fie \u201eun partid care s\u0103 ia rezultatul alegerilor ca pe o realitate politic\u0103, care s\u0103 fac\u0103 alian\u0163e politice morale\u201d.<\/p>\n<p data-index=\"5\">\u201e<span>\u015ei alian\u0163a cu PSD a PDL, nu pot s\u0103 spun c\u0103 nu am sus\u0163inut-o, dar a fost de asemenea o solu\u0163ie politic\u0103 \u00een care m-am iluzionat c\u0103 vom avea majoritatea pentru revizuirea Constitu\u0163iei \u015fi s-a dovedit o alian\u0163\u0103 toxic\u0103. Rom\u00e2nia are nevoie de un partid nou, PMP, un partid nou, care abia s-a a\u015fezat\u201d, a spus Traian B\u0103sescu, potrivit Mediafax.<\/span><\/p>\n<h5><a href=\"https:\/\/www.digi24.ro\/Stiri\/Digi24\/Actualitate\/Politica\/FOTO+Traian+Basescu+din+nou+la+restaurant+cu+Elena+Udrea\" target=\"_blank\" data-skip-linkfix=\"1\" rel=\"noopener\"><span>FOTO. Traian B\u0103sescu, din nou la restaurant cu Elena Udrea<\/span><\/a><\/h5>\n<p data-index=\"6\">El a \u0163inut s\u0103 men\u0163ioneze c\u0103 \u201etrebuie creat\u0103 o structur\u0103 de selectare a oamenilor care intr\u0103 \u00een politic\u0103 \u015fi care s\u0103 aib\u0103 convingerea c\u0103 fac un alt fel de politic\u0103\u201d.<\/p>\n<p data-index=\"7\">Pre\u015fedintele Traian B\u0103sescu a declarat, s\u0103pt\u0103m\u00e2na trecut\u0103, \u00eenaintea plec\u0103rii la Consiliul European, c\u0103 a doua zi dup\u0103 terminarea mandatului va deveni membru al Partidului Mi\u015fcarea Popular\u0103 \u015fi c\u0103 inten\u0163ia sa este de a construi un partid nou, pentru ca \u00een 2016 rom\u00e2nii s\u0103 aib\u0103 \u201eo alternativ\u0103 curat\u0103\u201d.<\/p>\n<\/div>\n<p> Source URL: https:\/\/www.digi24.ro\/stiri\/actualitate\/politica\/traian-basescu-va-fi-un-congres-la-pmp-dupa-alegeri-dar-nu-cu-mine-candidat-la-presedintia-partidului-313577<\/p>\n","protected":false},"excerpt":{"rendered":"<p>Traian B\u0103sescu \u0219i pre\u0219edintele PMP, Elena Udrea \/ Foto: Facebook \u201eVa fi un congres la PMP, dar nu cum mine candidat la pre\u015fedin\u0163ia partidului\u201d, a spusTraian B\u0103sescu la Adev\u0103rul Live. \u00cen opinia sa, este nevoie de \u201eun alt fel de partid, care s\u0103 nu aib\u0103 ag\u0103\u0163ate compromisuri ur\u00e2te\u201d. Traian B\u0103sescu a mai spus c\u0103 tipul [&hellip;]<\/p>\n","protected":false},"author":1,"featured_media":194089,"comment_status":"open","ping_status":"","sticky":false,"template":"","format":"standard","meta":{"footnotes":""},"categories":[2],"tags":[11],"class_list":["post-194088","post","type-post","status-publish","format-standard","has-post-thumbnail","hentry","category-politics","tag-digi24"],"_links":{"self":[{"href":"https:\/\/analyse.optim.biz\/index.php?rest_route=\/wp\/v2\/posts\/194088","targetHints":{"allow":["GET"]}}],"collection":[{"href":"https:\/\/analyse.optim.biz\/index.php?rest_route=\/wp\/v2\/posts"}],"about":[{"href":"https:\/\/analyse.optim.biz\/index.php?rest_route=\/wp\/v2\/types\/post"}],"author":[{"embeddable":true,"href":"https:\/\/analyse.optim.biz\/index.php?rest_route=\/wp\/v2\/users\/1"}],"replies":[{"embeddable":true,"href":"https:\/\/analyse.optim.biz\/index.php?rest_route=%2Fwp%2Fv2%2Fcomments&post=194088"}],"version-history":[{"count":0,"href":"https:\/\/analyse.optim.biz\/index.php?rest_route=\/wp\/v2\/posts\/194088\/revisions"}],"wp:featuredmedia":[{"embeddable":true,"href":"https:\/\/analyse.optim.biz\/index.php?rest_route=\/wp\/v2\/media\/194089"}],"wp:attachment":[{"href":"https:\/\/analyse.optim.biz\/index.php?rest_route=%2Fwp%2Fv2%2Fmedia&parent=194088"}],"wp:term":[{"taxonomy":"category","embeddable":true,"href":"https:\/\/analyse.optim.biz\/index.php?rest_route=%2Fwp%2Fv2%2Fcategories&post=194088"},{"taxonomy":"post_tag","embeddable":true,"href":"https:\/\/analyse.optim.biz\/index.php?rest_route=%2Fwp%2Fv2%2Ftags&post=194088"}],"curies":[{"name":"wp","href":"https:\/\/api.w.org\/{rel}","templated":true}]}}