{"id":1935497,"date":"2026-05-14T19:12:54","date_gmt":"2026-05-14T16:12:54","guid":{"rendered":"https:\/\/analyse.optim.biz\/?p=1935497"},"modified":"2026-05-14T19:12:54","modified_gmt":"2026-05-14T16:12:54","slug":"exclusiv-vulcanii-noroiosi-premiu-in-gala-oscarurilor-din-turismul-romanesc","status":"publish","type":"post","link":"https:\/\/analyse.optim.biz\/?p=1935497","title":{"rendered":"EXCLUSIV. Vulcanii Noroio\u0219i \u2013 premiu \u00een gala Oscarurilor din turismul rom\u00e2nesc"},"content":{"rendered":"<p>[analyse_image type=&#8221;featured&#8221; src=&#8221;https:\/\/buzaulinreportaje.ro\/wp-content\/uploads\/2026\/05\/Destinatia-3.jpeghttps:\/\/buzaulinreportaje.ro\/wp-content\/uploads\/2026\/05\/Destinatia-3.jpeg&#8221;]<\/p>\n<div class=\"entry-content herald-entry-content\">\n<p class=\"has-large-font-size\" id=\"block-f7e57d0f-7801-424b-bbd4-ef475894bcea\">Peste 250 de juc\u0103tori din industria ospitalit\u0103\u021bii, oficiali din institu\u021bii ce conduc \u00een acest moment ministere, asocia\u021bii, departamente sau c\u00e2te astfel de structuri din turismul rom\u00e2nesc iau parte \u00een seara zilei de 14 mai 2026, la Cazinoul din Constan\u021ba la Gala Destina\u021bia Anului \u2013 Oscarurile din turismul rom\u00e2nesc.<\/p>\n<div class=\"wp-block-image\">\n<figure class=\"aligncenter\"><a href=\"http:\/\/l.facebook.com\/l.php?u=https%3A%2F%2Fwww.youtube.com%2Fwatch%3Fv%3DVBbkkz5i-b4%26fbclid%3DIwZXh0bgNhZW0CMTEAc3J0YwZhcHBfaWQQMjIyMDM5MTc4ODIwMDg5MgABHnUbScZezCa0fRD3zbcCmJjfkgyYIeO9P0yL6HjdKcBZ4LU23ig4EjEwQR6__aem_Q2B04LK4N_39hF-pGUnx-g&amp;h=AUAilMVOumw9dfrXxxCNipP2RM8Q5YhjCLCtNxinRBv_MRwZT5dVioMrw4HM12f84hdXWaowKpXjdaksUYI2aec233NHRK68tfqIt6R5fMDCDbZFCnVQo_1KNZocckAy8V9hDAHHnEQTvmqY_jl3HC4WowfbDoSr&amp;__tn__=%2CmH-R&amp;c%5B0%5D=AUDyzRi4kbAav4iXnAgGFyf8RNzKUyUsl0w08zg0uZ3tpywCotHSeTFGzxMTzVUDQgzJwdWvL2UJFJxPu1eazLRw8x_Lqh137hoDDXfX6hGC0TReKp0bykw4sIqj49s6NpIOa_8g7sfAEvXB2RzbY-4aSGv4onCu-hU0NiG28j5dmcEXYS-k8chIOTs4mM9ZTyQ3aQRiBNI76MNyXGJKipsPXw\"><img decoding=\"async\" src=\"https:\/\/buzaulinreportaje.ro\/wp-content\/uploads\/2026\/05\/destinatia-819x1024.jpg\" alt=\"Aceast\u0103 imagine are atributul alt gol; numele fi\u0219ierului este destinatia-819x1024.jpg\"><\/a><\/figure>\n<\/div>\n<p class=\"has-large-font-size\" id=\"block-bbacbc1c-2a12-438d-b81b-0ae68360ebd8\"><a href=\"https:\/\/buzaulinreportaje.ro\/iubiti-buzaul-votati-muzeul-chihlimbarului-vulcanii-noroiosi-si-tinutul-buzaului-in-competitia-nationala-destinatia-anului\/\">Buz\u0103ul a participat<\/a> al\u0103turi de alte 250 de destina\u021bii sau institu\u021bii de cultur\u0103 din Rom\u00e2nia, la competi\u021bia na\u021bional\u0103 Destina\u021bia Anului, iar \u00een final\u0103 au r\u0103mas, la trei categorii diferite Muzeul Chihlimbarului, Vulcanii Noroio\u0219i \u0219i Geoparcul UNESCO \u021ainutul Buz\u0103ului. <a href=\"https:\/\/buzaulinreportaje.ro\/sase-din-250-siriul-se-inscrie-din-acest-an-in-randul-statiunilor-montane-de-iarna\/\">450.000 de voturi <\/a>au fost exprimate \u00een \u00eentreg concursul, iar la ora scrierii acestei \u0219tiri se decernau premiile marilor c\u00e2\u0219tig\u0103tori ai fiec\u0103rei categorii \u00een parte.<\/p>\n<figure class=\"wp-block-gallery has-nested-images columns-default is-cropped wp-block-gallery-1 is-layout-flex wp-block-gallery-is-layout-flex\">\n<figure class=\"wp-block-image size-large\"><img loading=\"lazy\" decoding=\"async\" width=\"1024\" height=\"768\" src=\"https:\/\/buzaulinreportaje.ro\/wp-content\/uploads\/2026\/05\/CJB-Destinatia-1-1024x768.jpeg\" alt class=\"wp-image-28191\"><\/figure>\n<figure class=\"wp-block-image size-large\"><img decoding=\"async\" loading=\"lazy\" width=\"768\" height=\"1024\" src=\"https:\/\/buzaulinreportaje.ro\/wp-content\/uploads\/2026\/05\/Destinatia-3-768x1024.jpeg\" alt class=\"wp-image-28189\"><\/figure>\n<\/figure>\n<p class=\"has-large-font-size\" id=\"block-7b74a50a-8624-43be-8d86-32ea9afef322\">Buz\u0103ul a fost reprezentat la gala Destina\u021bia Anului, de la Constan\u021ba, din 2026, de Mariana Prun\u0103, director al Asocia\u021biei \u021ainutul Buz\u0103ului \u0219i de Adrian Robert Petre, vicepre\u0219edinte al Consiliului Jude\u021bean Buz\u0103u.<\/p>\n<div class=\"wp-block-image\">\n<figure class=\"aligncenter\" id=\"block-818edddb-272e-4692-9cad-1640921c36b2\"><img decoding=\"async\" src=\"https:\/\/buzaulinreportaje.ro\/wp-content\/uploads\/2026\/05\/Destinatia-2-995x1024.jpeg\" alt=\"Aceast\u0103 imagine are atributul alt gol; numele fi\u0219ierului este Destinatia-2-995x1024.jpeg\"><\/figure>\n<\/div>\n<p class=\"has-large-font-size\" id=\"block-14de89ca-232a-425a-a597-ce4a7faef542\">Surprinz\u0103tor sau nu, Vulcanii Noroio\u0219i au ocupat locul III la categoria Comori Naturale, venind u\u0219or-u\u0219or \u0219i r\u00e2ndul Buz\u0103ului de a-i fi confirmat aportul la cartea de valori a turismului rom\u00e2nesc din totdeauna.<\/p>\n<p class=\"has-large-font-size\" id=\"block-2a4366e5-9eae-4996-b8cf-3075fd100dcf\">Iat\u0103 ce a declarat la momentul decern\u0103rii vicepre\u0219edintele CJB, Adrian Robert Petre despre rolul acestui obiectiv turistic major de la Curbura Carpa\u021bilor, nu doar din Geoparcul UNESCO \u021ainutul Buz\u0103ului.<\/p>\n<div class=\"wp-block-image\">\n<figure class=\"aligncenter size-large\"><img decoding=\"async\" loading=\"lazy\" width=\"768\" height=\"1024\" src=\"https:\/\/buzaulinreportaje.ro\/wp-content\/uploads\/2026\/04\/destinatia-3-768x1024.jpg\" alt class=\"wp-image-27976\"><\/figure>\n<\/div>\n<p class=\"has-large-font-size\" id=\"block-1296b7e4-9818-4f68-a543-4c3543875903\">Recunoa\u0219terea na\u021bional\u0103 a Vulcanilor Noroio\u0219i, rezerva\u021bie natural\u0103 cu<a href=\"https:\/\/buzaulinreportaje.ro\/video-paclele-mici-cea-mai-mare-rezervatie-din-europa-cu-vulcani-noroiosi\/\"> patru zone distincte de vulcani <\/a>de acest tip, \u00een jude\u021bul Buz\u0103u, vine \u00eentr-un an \u00een care Consiliul Jude\u021bean Buz\u0103u face demersurile legale pentru a prelua \u00een administrare acest obiectiv turistic major, totul fiind la distan\u021b\u0103 de doar o semn\u0103tur\u0103, cea a ministrului Mediului \u0219i Turismului, Diana Buzoianu. Tot 2026, potrivit informa\u021biilor recente furnizate \u00een declara\u021bii de pres\u0103 de pre\u0219edintele CJ Buz\u0103u, Marcel Ciolacu, va fi anul \u00een care se d\u0103 start \u0219i lucr\u0103rilor concrete de refacere a celor dou\u0103 drumuri jude\u021bene ce se completeaz\u0103 \u0219i duc \u00een rezerva\u021bie. Un aspect \u00een plus \u021bine \u0219i de statisticile anuale din turism care arat\u0103 c\u0103 Vulcanii Noroio\u0219i r\u0103m\u00e2n obiectivul turistic cel mai vizitat din jude\u021bul Buz\u0103u, paritatea fiind de opt turi\u0219ti la Vulcani, unul \u00een alte zone din teritoriul Buz\u0103ului.<\/p>\n<div class=\"herald-share-content\">\n<div class=\"meks_ess layout-5-1 transparent no-labels solid\"><a href=\"https:\/\/buzaulinreportaje.ro\/exclusiv-vulcanii-noroiosi-premiu-in-gala-oscarurilor-din-turismul-romanesc\/\" class=\"meks_ess-item socicon-facebook\" data-url=\"http:\/\/www.facebook.com\/sharer\/sharer.php?u=https%3A%2F%2Fbuzaulinreportaje.ro%2Fexclusiv-vulcanii-noroiosi-premiu-in-gala-oscarurilor-din-turismul-romanesc%2F&amp;t=EXCLUSIV.%20Vulcanii%20Noroio%C8%99i%20%E2%80%93%20premiu%20%C3%AEn%20gala%20Oscarurilor%20din%20turismul%20rom%C3%A2nesc\"><span>Facebook<\/span><\/a><a href=\"https:\/\/api.whatsapp.com\/send?text=EXCLUSIV.%20Vulcanii%20Noroio%C8%99i%20%E2%80%93%20premiu%20%C3%AEn%20gala%20Oscarurilor%20din%20turismul%20rom%C3%A2nesc%20https%3A%2F%2Fbuzaulinreportaje.ro%2Fexclusiv-vulcanii-noroiosi-premiu-in-gala-oscarurilor-din-turismul-romanesc%2F\" class=\"meks_ess-item socicon-whatsapp prevent-share-popup\"><span>WhatsApp<\/span><\/a><a href=\"https:\/\/buzaulinreportaje.ro\/exclusiv-vulcanii-noroiosi-premiu-in-gala-oscarurilor-din-turismul-romanesc\/\" class=\"meks_ess-item socicon-twitter\" data-url=\"http:\/\/twitter.com\/intent\/tweet?url=https%3A%2F%2Fbuzaulinreportaje.ro%2Fexclusiv-vulcanii-noroiosi-premiu-in-gala-oscarurilor-din-turismul-romanesc%2F&amp;text=EXCLUSIV.%20Vulcanii%20Noroio%C8%99i%20%E2%80%93%20premiu%20%C3%AEn%20gala%20Oscarurilor%20din%20turismul%20rom%C3%A2nesc\"><span>X<\/span><\/a><\/div>\n<\/div>\n<\/div>\n<p>[analyse_source url=&#8221;https:\/\/buzaulinreportaje.ro\/exclusiv-vulcanii-noroiosi-premiu-in-gala-oscarurilor-din-turismul-romanesc\/&#8221;]<\/p>\n","protected":false},"excerpt":{"rendered":"<p>[analyse_image type=&#8221;featured&#8221; src=&#8221;https:\/\/buzaulinreportaje.ro\/wp-content\/uploads\/2026\/05\/Destinatia-3.jpeghttps:\/\/buzaulinreportaje.ro\/wp-content\/uploads\/2026\/05\/Destinatia-3.jpeg&#8221;] Peste 250 de juc\u0103tori din industria ospitalit\u0103\u021bii, oficiali din institu\u021bii ce conduc \u00een acest moment ministere, asocia\u021bii, departamente sau c\u00e2te astfel de structuri din turismul rom\u00e2nesc iau parte \u00een seara zilei de 14 mai 2026, la Cazinoul din Constan\u021ba la Gala Destina\u021bia Anului \u2013 Oscarurile din turismul rom\u00e2nesc. Buz\u0103ul a participat al\u0103turi [&hellip;]<\/p>\n","protected":false},"author":1,"featured_media":0,"comment_status":"open","ping_status":"","sticky":false,"template":"","format":"standard","meta":{"footnotes":""},"categories":[2],"tags":[59,226],"class_list":["post-1935497","post","type-post","status-publish","format-standard","hentry","category-politics","tag-buzaulinreportaje-ro","tag-crawlmanager"],"_links":{"self":[{"href":"https:\/\/analyse.optim.biz\/index.php?rest_route=\/wp\/v2\/posts\/1935497","targetHints":{"allow":["GET"]}}],"collection":[{"href":"https:\/\/analyse.optim.biz\/index.php?rest_route=\/wp\/v2\/posts"}],"about":[{"href":"https:\/\/analyse.optim.biz\/index.php?rest_route=\/wp\/v2\/types\/post"}],"author":[{"embeddable":true,"href":"https:\/\/analyse.optim.biz\/index.php?rest_route=\/wp\/v2\/users\/1"}],"replies":[{"embeddable":true,"href":"https:\/\/analyse.optim.biz\/index.php?rest_route=%2Fwp%2Fv2%2Fcomments&post=1935497"}],"version-history":[{"count":0,"href":"https:\/\/analyse.optim.biz\/index.php?rest_route=\/wp\/v2\/posts\/1935497\/revisions"}],"wp:attachment":[{"href":"https:\/\/analyse.optim.biz\/index.php?rest_route=%2Fwp%2Fv2%2Fmedia&parent=1935497"}],"wp:term":[{"taxonomy":"category","embeddable":true,"href":"https:\/\/analyse.optim.biz\/index.php?rest_route=%2Fwp%2Fv2%2Fcategories&post=1935497"},{"taxonomy":"post_tag","embeddable":true,"href":"https:\/\/analyse.optim.biz\/index.php?rest_route=%2Fwp%2Fv2%2Ftags&post=1935497"}],"curies":[{"name":"wp","href":"https:\/\/api.w.org\/{rel}","templated":true}]}}