{"id":193444,"date":"2014-11-13T10:32:01","date_gmt":"2014-11-13T07:32:01","guid":{"rendered":"https:\/\/analyse.optim.biz\/?p=193444"},"modified":"2014-11-13T10:32:01","modified_gmt":"2014-11-13T07:32:01","slug":"romania-rosie-versus-romania-albastra-ce-spun-sociologii-despre-harta-votului-si-ce-asteptari-au-romanii-din-aceste-zone-de-la-candidatii-lor","status":"publish","type":"post","link":"https:\/\/analyse.optim.biz\/?p=193444","title":{"rendered":"\u201eRom\u00e2nia ro\u0219ie\u201d versus \u201eRom\u00e2nia albastr\u0103\u201d. Ce spun sociologii despre harta votului \u0219i ce a\u0219tept\u0103ri au rom\u00e2nii din aceste zone de la candida\u021bii lor?\u00a0"},"content":{"rendered":"<div class=\"entry data-app-meta data-app-meta-article\" data-embed-base-url-canonical=\"https:\/\/www.digi24.ro\/embed\/stiri\/actualitate\/politica\/romania-rosie-versus-romania-albastra-ce-spun-sociologii-despre-harta-votului-si-ce-asteptari-au-romanii-din-aceste-zone-de-la-candidatii-lor-321083\">\n<p data-index=\"1\">Segmentarea electoral\u0103 a Rom\u00e2niei \u00een dou\u0103 culori, ro\u015fu pentru st\u00e2nga \u015fi albastru pentru dreapta, are o istorie de peste dou\u0103 decenii. Moldova, Dobrogea \u015fi Muntenia s-au colorat \u00een ro\u015fu, dup\u0103 primul tur al alegerilor preziden\u0163iale. Victor Ponta a dominat \u00een preferin\u0163ele aleg\u0103torilor din estul \u015fi sudul \u0163\u0103rii. \u00cen total, voturile din 27 de jude\u0163e \u015fi cinci sectoare ale Capitalei l-au declarat \u00eenving\u0103tor.<\/p>\n<p data-index=\"2\"><strong>\u201e<\/strong><span><strong>\u00cen zonele s\u0103race, unde exist\u0103 o pondere mare a oamenilor care depind de sursele alocate de stat. Au a\u015ftept\u0103ri fa\u0163\u0103 de un candidat de st\u00e2nga, c\u0103 acesta va acorda mai mare aten\u0163ie protec\u0163iei sociale\u201d<\/strong>, a spus sociologul Mircea Kivu. <\/span>\u201eS\u0103 ne dea pensiile mai mari \u015fi nou\u0103, c\u0103 nu avem, muic\u0103. Suntem bolnave, nu putem, s\u0103 ne dea \u015fi nou\u0103 mai bine\u201d. \u201ePentru c\u0103 o s\u0103 ne angajeze, noi suntem tineret, cu un viitor \u00een fa\u0163\u0103. A\u015ftept\u0103m \u015fi noi acum\u201d.<\/p>\n<h2 id=\"highlight-321083-1\"><a href=\"https:\/\/www.digi24.ro\/Stiri\/Digi24\/Special\/COTROCENI+2014\/REZULTATE+ALEGERI+HARTA+VOTULUI+O+tara+doua+Romanii\" target=\"_blank\" data-skip-linkfix=\"1\" rel=\"noopener\">HARTA VOTULUI. O \u021bar\u0103, dou\u0103 Rom\u00e2nii<\/a><\/h2>\n<p data-index=\"3\"><strong>Albastru, culoarea candidatului de dreapta, a colorat centrul \u015fi vestul \u0163\u0103rii, dar \u015fi diaspora.<\/strong><\/p>\n<p data-index=\"4\">Sa\u015fii au fost oameni gospodari \u015fi el a fost om gospodar aici \u00een Sibiu, a pus Sibiul la punct \u015fi s\u0103 pun\u0103 \u015fi \u0163ara la punct. <span>\u201e\u00cen jurul aeroportului este o zon\u0103 industrial\u0103 foarte important\u0103, cu peste 12.000 de locuri de munc\u0103 foarte bine pl\u0103tite. Iar de turism nu mai vorbim\u201d. <\/span>\u201ePersoana candidatului este extrem de important\u0103 \u015fi face ca alegerile de multe ori s\u0103 fie emo\u0163ionale, mai degrab\u0103, dec\u00e2t ra\u0163ionale. Mai pu\u0163in programe, pentru c\u0103 sigur, cum spunea Caragiale, ele sunt frumoase, sunt sublime, dar lipsesc cu des\u0103v\u00e2r\u015fire\u201d, a declarat Alexandru Radu, politolog.<\/p>\n<p data-index=\"5\"><strong>\u00cen interiorul acestor zone compacte ro\u015fii sau albastre, \u00eens\u0103, exist\u0103 \u015fi oaze de culori opuse. Datele arat\u0103 c\u0103 diferen\u0163ele apar \u00een func\u0163ie de dezvoltarea economic\u0103 \u015fi de mediu.<\/strong> \u201eSpre exemplu, dac\u0103 ne uit\u0103m cu aten\u0163ie \u00een zonele mai dezvoltate din Muntenia, distribu\u0163ia voturilor seaman\u0103 mai mult cu anumite zone din Transilvania\u201d, a mai spus sociologul Mircea Kivu.<\/p>\n<p data-index=\"6\">Harta cu dou\u0103 culori este inspirat\u0103 de modelul electoral american, dar sociologii spun c\u0103 ea nu este complet corect\u0103 pentru Rom\u00e2nia. \u201eNoi avem vot universal, prin urmare daca \u00eentr-un anumit jude\u021b un cadidat ob\u021bine locul \u00eent\u00e2i s\u0103 zicem cu 30-40% \u0219i candidatul de pe locul al doilea \u00eenregistreaz\u0103 \u0219i el un vot consistent de 29%, acele voturi nu sunt voturi pierdute, ca \u00een sistemul mixt american. Pe \u021bar\u0103, ele se \u00eensumeaz\u0103\u201d, a spus Ion Bogdan Lefter, analist politic. Rom\u00e2nii vor merge din nou la vot pe 16 noiembrie s\u0103 \u00ee\u015fi aleag\u0103 pre\u015fedintele. Ei vor stabili ce culoare va avea, \u00een cele din urm\u0103, toat\u0103 Rom\u00e2nia.\u00a0<\/p>\n<h2 id=\"highlight-321083-2\"><a href=\"https:\/\/www.digi24.ro\/Stiri\/Digi24\/Actualitate\/Politica\/HARTA+ROMANIA+HUREZEANU+DOUA+ROMANII\" target=\"_blank\" data-skip-linkfix=\"1\" rel=\"noopener\"><span>Emil Hurezeanu, despre harta celor dou\u0103 Rom\u00e2nii profilate dup\u0103 alegerile preziden\u021biale: \u201eS\u0103 nu ne facem singuri r\u0103u\u201d<\/span><\/a><\/h2>\n<\/div>\n<p> Source URL: https:\/\/www.digi24.ro\/stiri\/actualitate\/politica\/romania-rosie-versus-romania-albastra-ce-spun-sociologii-despre-harta-votului-si-ce-asteptari-au-romanii-din-aceste-zone-de-la-candidatii-lor-321083<\/p>\n","protected":false},"excerpt":{"rendered":"<p>Segmentarea electoral\u0103 a Rom\u00e2niei \u00een dou\u0103 culori, ro\u015fu pentru st\u00e2nga \u015fi albastru pentru dreapta, are o istorie de peste dou\u0103 decenii. Moldova, Dobrogea \u015fi Muntenia s-au colorat \u00een ro\u015fu, dup\u0103 primul tur al alegerilor preziden\u0163iale. Victor Ponta a dominat \u00een preferin\u0163ele aleg\u0103torilor din estul \u015fi sudul \u0163\u0103rii. \u00cen total, voturile din 27 de jude\u0163e \u015fi [&hellip;]<\/p>\n","protected":false},"author":1,"featured_media":193445,"comment_status":"open","ping_status":"","sticky":false,"template":"","format":"standard","meta":{"footnotes":""},"categories":[2],"tags":[11],"class_list":["post-193444","post","type-post","status-publish","format-standard","has-post-thumbnail","hentry","category-politics","tag-digi24"],"_links":{"self":[{"href":"https:\/\/analyse.optim.biz\/index.php?rest_route=\/wp\/v2\/posts\/193444","targetHints":{"allow":["GET"]}}],"collection":[{"href":"https:\/\/analyse.optim.biz\/index.php?rest_route=\/wp\/v2\/posts"}],"about":[{"href":"https:\/\/analyse.optim.biz\/index.php?rest_route=\/wp\/v2\/types\/post"}],"author":[{"embeddable":true,"href":"https:\/\/analyse.optim.biz\/index.php?rest_route=\/wp\/v2\/users\/1"}],"replies":[{"embeddable":true,"href":"https:\/\/analyse.optim.biz\/index.php?rest_route=%2Fwp%2Fv2%2Fcomments&post=193444"}],"version-history":[{"count":0,"href":"https:\/\/analyse.optim.biz\/index.php?rest_route=\/wp\/v2\/posts\/193444\/revisions"}],"wp:featuredmedia":[{"embeddable":true,"href":"https:\/\/analyse.optim.biz\/index.php?rest_route=\/wp\/v2\/media\/193445"}],"wp:attachment":[{"href":"https:\/\/analyse.optim.biz\/index.php?rest_route=%2Fwp%2Fv2%2Fmedia&parent=193444"}],"wp:term":[{"taxonomy":"category","embeddable":true,"href":"https:\/\/analyse.optim.biz\/index.php?rest_route=%2Fwp%2Fv2%2Fcategories&post=193444"},{"taxonomy":"post_tag","embeddable":true,"href":"https:\/\/analyse.optim.biz\/index.php?rest_route=%2Fwp%2Fv2%2Ftags&post=193444"}],"curies":[{"name":"wp","href":"https:\/\/api.w.org\/{rel}","templated":true}]}}