{"id":193441,"date":"2014-11-13T13:22:21","date_gmt":"2014-11-13T10:22:21","guid":{"rendered":"https:\/\/analyse.optim.biz\/?p=193441"},"modified":"2014-11-13T13:22:21","modified_gmt":"2014-11-13T10:22:21","slug":"adrian-nastase-mesaj-pentru-v-ponta-dupa-confruntarea-cu-k-iohannis-da-victor-spune-ca-esti-de-acord","status":"publish","type":"post","link":"https:\/\/analyse.optim.biz\/?p=193441","title":{"rendered":"Adrian N\u0103stase, mesaj pentru V. Ponta dup\u0103 confruntarea cu K. Iohannis: \u201eDa, Victor, spune c\u0103 e\u0219ti de acord\u201d"},"content":{"rendered":"<div class=\"entry data-app-meta data-app-meta-article\" data-embed-base-url-canonical=\"https:\/\/www.digi24.ro\/embed\/stiri\/actualitate\/politica\/adrian-nastase-mesaj-pentru-v-ponta-dupa-confruntarea-cu-k-iohannis-da-victor-spune-ca-esti-de-acord-321226\">\n<p data-index=\"1\">\u00a0<img decoding=\"async\" src=\"https:\/\/analyse.optim.biz\/wp-content\/uploads\/2024\/09\/mczoyxnoptk1odzhndy4n2uxzdy0mty1mdk3yzywn2vkowmwywqy-thumb_.jpg\" data-skip-htmlfix=\"1\" title=\"mczoyxnoptk1odzhndy4n2uxzdy0mty1mdk3yzywn2vkowmwywqy-thumb_\"><\/p>\n<p data-index=\"2\"><a href=\"https:\/\/www.digi24.ro\/Stiri\/Digi24\/Special\/COTROCENI+2014\/DEZBATERE+ELECTORALA+Victor+Ponta+a+indicat+trei+liberali+cu+sen\" target=\"_blank\" data-skip-linkfix=\"1\" rel=\"noopener\">Klaus Iohannis l-a provocat pe Victor Ponta \u00een confruntarea de la B1.<\/a> Liderul PNL a solicitat acordul din partea lui Victor Ponta de a solicita convocarea Parlamentului pentru a respinge Legea amnistiei \u015fi gra\u0163ierii. \u00a0<\/p>\n<p data-index=\"3\"><strong>Candidatul ACL a declarat miercuri \u00eentr-o declara\u021bie de pres\u0103, c\u0103 dore\u0219te convocarea de urgen\u021b\u0103 a Parlamentului pentru dezbaterea legi amnistiei \u0219i gra\u021bierii \u0219i ca aceasta s\u0103 fie picat\u0103.<\/strong> De asemenea, cu aceast\u0103 ocazie s\u0103 se \u00eencuviin\u021beze toate solicit\u0103rile justi\u021biei indiferent de culoarea politic\u0103.<\/p>\n<p data-index=\"4\"><strong>Fostul premier Adrian N\u0103stase spune c\u0103 respingerea proiectului din Parlament nu va conduce la \u00eengroparea definitiv\u0103 a legii amnistiei \u015fi a gra\u0163ierii.<\/strong><\/p>\n<p data-index=\"5\">\u201eCare este problema ca ACEST proiect s\u0103 fie supus votului si respins? Un vot negativ pe ACEST proiect nu ar insemna respingerea pentru eternitate a unei legi a gratierii si amnistiei. Parlamentul are dreptul de a relua acest subiect, cu un nou proiect de lege (initiativ\u0103 legislativ\u0103) intr-o alt\u0103 sesiune in urma unei dezbateri publice \u2013 care s\u0103 clarifice categoriile de persoane si de infractiuni vizate, limitele pedepselor etc \u2013 proiect elaborat de o comisie speciala din parlament, pe baza discutiilor cu MJ, ANP si avizat de guvern.<\/p>\n<p data-index=\"6\"><strong>Concluzie: dac\u0103 problema e atat de serioas\u0103 pentru \u201cb\u0103rbati\u201d inainte de duminica votului, nu v\u0103d de ce nu ar fi de acord Ponta cu propunerea lui Iohannis \u2013 f\u0103cut\u0103, probabil, in b\u0103sc\u0103lie \u2013 \u00a0ca Parlamentul s\u0103 se reuneasc\u0103 vineri pentru a da un vot negativ ACESTUI proiect de lege.<\/strong> Evident, stim cu totii c\u0103, tehnic, convocarea Camerei Deputatilor de pe o zi pe alta este imposibil\u0103 dar ar trebui aruncat cartoful fierbinte inapoi la Iohannis. Da, Victor, spune c\u0103 esti de acord cu propunerea de convocare a Parlamentului. Dac\u0103 \u0103sta este principalul motiv pentru care Iohannis vrea s\u0103 fie presedintele Rom\u00e2niei\u2026\u201d, a scris Adrian N\u0103stase pe <a href=\"http:\/\/nastase.wordpress.com\/\" target=\"_blank\" data-skip-linkfix=\"1\" rel=\"noopener\">blogul lui.\u00a0<\/a><\/p>\n<h5><a href=\"https:\/\/www.digi24.ro\/Stiri\/Digi24\/Special\/COTROCENI+2014\/DEZBATERE+Klaus+Iohannis-Victor+Ponta+cea+de-a+doua+confruntare\" target=\"_blank\" data-skip-linkfix=\"1\" rel=\"noopener\"><span>DEZBATERE Klaus Iohannis-Victor Ponta. Cea de-a doua confruntare: promisiuni \u0219i atacuri<\/span><\/a><\/h5>\n<\/div>\n<p> Source URL: https:\/\/www.digi24.ro\/stiri\/actualitate\/politica\/adrian-nastase-mesaj-pentru-v-ponta-dupa-confruntarea-cu-k-iohannis-da-victor-spune-ca-esti-de-acord-321226<\/p>\n","protected":false},"excerpt":{"rendered":"<p>\u00a0 Klaus Iohannis l-a provocat pe Victor Ponta \u00een confruntarea de la B1. Liderul PNL a solicitat acordul din partea lui Victor Ponta de a solicita convocarea Parlamentului pentru a respinge Legea amnistiei \u015fi gra\u0163ierii. \u00a0 Candidatul ACL a declarat miercuri \u00eentr-o declara\u021bie de pres\u0103, c\u0103 dore\u0219te convocarea de urgen\u021b\u0103 a Parlamentului pentru dezbaterea legi [&hellip;]<\/p>\n","protected":false},"author":1,"featured_media":193442,"comment_status":"open","ping_status":"","sticky":false,"template":"","format":"standard","meta":{"footnotes":""},"categories":[2],"tags":[11],"class_list":["post-193441","post","type-post","status-publish","format-standard","has-post-thumbnail","hentry","category-politics","tag-digi24"],"_links":{"self":[{"href":"https:\/\/analyse.optim.biz\/index.php?rest_route=\/wp\/v2\/posts\/193441","targetHints":{"allow":["GET"]}}],"collection":[{"href":"https:\/\/analyse.optim.biz\/index.php?rest_route=\/wp\/v2\/posts"}],"about":[{"href":"https:\/\/analyse.optim.biz\/index.php?rest_route=\/wp\/v2\/types\/post"}],"author":[{"embeddable":true,"href":"https:\/\/analyse.optim.biz\/index.php?rest_route=\/wp\/v2\/users\/1"}],"replies":[{"embeddable":true,"href":"https:\/\/analyse.optim.biz\/index.php?rest_route=%2Fwp%2Fv2%2Fcomments&post=193441"}],"version-history":[{"count":0,"href":"https:\/\/analyse.optim.biz\/index.php?rest_route=\/wp\/v2\/posts\/193441\/revisions"}],"wp:featuredmedia":[{"embeddable":true,"href":"https:\/\/analyse.optim.biz\/index.php?rest_route=\/wp\/v2\/media\/193442"}],"wp:attachment":[{"href":"https:\/\/analyse.optim.biz\/index.php?rest_route=%2Fwp%2Fv2%2Fmedia&parent=193441"}],"wp:term":[{"taxonomy":"category","embeddable":true,"href":"https:\/\/analyse.optim.biz\/index.php?rest_route=%2Fwp%2Fv2%2Fcategories&post=193441"},{"taxonomy":"post_tag","embeddable":true,"href":"https:\/\/analyse.optim.biz\/index.php?rest_route=%2Fwp%2Fv2%2Ftags&post=193441"}],"curies":[{"name":"wp","href":"https:\/\/api.w.org\/{rel}","templated":true}]}}