{"id":1933417,"date":"2026-05-13T13:15:10","date_gmt":"2026-05-13T10:15:10","guid":{"rendered":"https:\/\/analyse.optim.biz\/?p=1933417"},"modified":"2026-05-13T13:15:10","modified_gmt":"2026-05-13T10:15:10","slug":"vin-dansatori-de-pe-trei-continente","status":"publish","type":"post","link":"https:\/\/analyse.optim.biz\/?p=1933417","title":{"rendered":"Vin dansatori de pe trei continente!"},"content":{"rendered":"<p>[analyse_image type=&#8221;featured&#8221; src=&#8221;https:\/\/buzaulinreportaje.ro\/wp-content\/uploads\/2026\/05\/dans-4.jpghttps:\/\/buzaulinreportaje.ro\/wp-content\/uploads\/2026\/05\/dans-4.jpg&#8221;]<\/p>\n<div class=\"entry-content herald-entry-content\">\n<p class=\"has-large-font-size\">Pe 13 mai 2026 au ap\u0103rut primele informa\u021bii despre edi\u021bia a Xi-a a Festivalului Interna\u021bional de Foclor Plaiurile Miori\u021bei, eveniment g\u00e2ndit \u0219i organizat de Centrul Jude\u021bean de Cultur\u0103 \u0219i Art\u0103 Buz\u0103u \u0219i finan\u021bat de c\u0103tre Consiliului Jude\u021bean Buz\u0103u. Singura perioad\u0103 \u00een care nu s-a f\u0103cut parad\u0103 pe str\u0103zile Buz\u0103ului \u00een costum popular din diverse state ale lumii a fost cea pandemic\u0103 \u00eenceput\u0103 \u00een 2020. <\/p>\n<figure class=\"wp-block-image size-large\"><img loading=\"lazy\" decoding=\"async\" width=\"1024\" height=\"576\" src=\"https:\/\/buzaulinreportaje.ro\/wp-content\/uploads\/2026\/05\/dans-5-1024x576.jpg\" alt class=\"wp-image-28175\"><\/figure>\n<p class=\"has-large-font-size\">\u00cen fotografia de mai sus sunt membri ai Ansamblului Plaiurile Miori\u021bei, \u00een fapt, gazdele de pe scen\u0103 \u0219i din fiecare zi de festival, ana de an, ale dansatorilor populari care \u00een 2026 vin de pe trei continente \u2013 Asia, Europa \u0219i America. <\/p>\n<figure class=\"wp-block-gallery has-nested-images columns-default is-cropped wp-block-gallery-1 is-layout-flex wp-block-gallery-is-layout-flex\">\n<figure class=\"wp-block-image size-large\"><img decoding=\"async\" loading=\"lazy\" width=\"1024\" height=\"683\" src=\"https:\/\/buzaulinreportaje.ro\/wp-content\/uploads\/2026\/05\/dans-2-1024x683.jpg\" alt class=\"wp-image-28176\"><\/figure>\n<figure class=\"wp-block-image size-large\"><img decoding=\"async\" loading=\"lazy\" width=\"1024\" height=\"683\" src=\"https:\/\/buzaulinreportaje.ro\/wp-content\/uploads\/2026\/05\/dans-1-1024x683.jpg\" alt class=\"wp-image-28177\"><\/figure>\n<\/figure>\n<p class=\"has-large-font-size\">Potrivit anun\u021bului oficial f\u0103cut de c\u0103tre organizatorii festivalului, la Buz\u0103u vor dansa \u00eentre 23 \u0219i 26 iulie 2026 Asocia\u021bia Folcloric\u0103 \u201cLefko\u0219a\u201d din Cipru de Nord, Grupul Folcloric \u201eKokle\u201d din Letonia, \u201eChum Sarang Muae\u201d ocmai din Coreea, Ansamblul Folcloric \u201eElectroporcelan\u201d din Serbia, Ansamblul Folcloric \u201eKom\u00e1r\u0148an\u201d din Slovacia , Grupul de dansuri \u201eDos Hermanas\u201d din Spania, \u201eWici Song and Dance Theater\u201d din SUA \u0219i gazdele de la Ansamblul Folcloric \u201ePlaiurile Miori\u021bei\u201d din Buz\u0103u. <\/p>\n<figure class=\"wp-block-gallery has-nested-images columns-default is-cropped wp-block-gallery-2 is-layout-flex wp-block-gallery-is-layout-flex\">\n<figure class=\"wp-block-image size-large\"><img decoding=\"async\" loading=\"lazy\" width=\"717\" height=\"1024\" src=\"https:\/\/buzaulinreportaje.ro\/wp-content\/uploads\/2026\/05\/dans-4-717x1024.jpg\" alt class=\"wp-image-28179\"><\/figure>\n<figure class=\"wp-block-image size-large\"><img decoding=\"async\" loading=\"lazy\" width=\"660\" height=\"438\" src=\"https:\/\/buzaulinreportaje.ro\/wp-content\/uploads\/2026\/05\/dans-3.jpg\" alt class=\"wp-image-28178\"><\/figure>\n<\/figure>\n<p class=\"has-large-font-size\"><a href=\"https:\/\/buzaulinreportaje.ro\/tineri-artisti-din-sapte-state-ale-lumii-si-au-asumat-salvgardarea-patrimoniului-folcloric-printr-un-festival-ce-incepe-azi-la-buzau\/\">Edi\u021bia a X-a<\/a>, cea din 2025 \u0219i-a propus <a href=\"https:\/\/buzaulinreportaje.ro\/tineri-artisti-din-sapte-state-ale-lumii-si-au-asumat-salvgardarea-patrimoniului-folcloric-printr-un-festival-ce-incepe-azi-la-buzau\/\">salvgardarea<\/a> patrimoniului folcloric, \u021bin\u00e2nd cont de diversitatea din acest an e posibil ca ideea de baz\u0103 s\u0103 mearg\u0103 spre r\u0103d\u0103cinile unui astfel de festival \u2013 unitatea prin diversitate popular\u0103. <\/p>\n<p class=\"has-large-font-size\">Un singur aspect ar putea fi notat \u00een plus, \u0219i anume c\u0103, potrivit declara\u021biilor actualului pre\u0219edinte de Conisliu Jude\u021bean Buz\u0103u, Marcel Ciolacu, Centrul Jude\u021bean de Cultur\u0103 \u0219i Art\u0103 ar urma s\u0103 fie unit cu Teatrul George Ciprian. \u00cen aceast\u0103 perioad\u0103 este \u00een a\u0219ezare organigrama CJB, probabil c\u0103 vor intra pe acela\u0219i f\u0103ga\u0219 \u0219i institu\u021biile din subordine, iar pentru noua institu\u021bie sunt deja vehiculate dou\u0103 nume, doi regizori, unul de film \u0219i altul de teatru de operet\u0103, care ar putea prelua conducerea institu\u021biei alc\u0103tuit\u0103 din teatru \u0219i dans popular. P\u00e2n\u0103 la festival exist\u0103 posibilitatea clarific\u0103rii acestor propuneri ale pre\u0219edintelui CJB. <\/p>\n<div class=\"meta-tags\"><span>etichete<\/span><a href=\"https:\/\/buzaulinreportaje.ro\/tag\/festivalul-international-de-folclor-plaiurile-mioritei\/\" rel=\"tag\">Festivalul International de Folclor Plaiurile Mioritei<\/a><\/div>\n<div class=\"herald-share-content\">\n<div class=\"meks_ess layout-5-1 transparent no-labels solid\"><a href=\"https:\/\/buzaulinreportaje.ro\/vin-dansatori-de-pe-trei-continente\/\" class=\"meks_ess-item socicon-facebook\" data-url=\"http:\/\/www.facebook.com\/sharer\/sharer.php?u=https%3A%2F%2Fbuzaulinreportaje.ro%2Fvin-dansatori-de-pe-trei-continente%2F&amp;t=Vin%20dansatori%20de%20pe%20trei%20continente%21\"><span>Facebook<\/span><\/a><a href=\"https:\/\/api.whatsapp.com\/send?text=Vin%20dansatori%20de%20pe%20trei%20continente%21%20https%3A%2F%2Fbuzaulinreportaje.ro%2Fvin-dansatori-de-pe-trei-continente%2F\" class=\"meks_ess-item socicon-whatsapp prevent-share-popup\"><span>WhatsApp<\/span><\/a><a href=\"https:\/\/buzaulinreportaje.ro\/vin-dansatori-de-pe-trei-continente\/\" class=\"meks_ess-item socicon-twitter\" data-url=\"http:\/\/twitter.com\/intent\/tweet?url=https%3A%2F%2Fbuzaulinreportaje.ro%2Fvin-dansatori-de-pe-trei-continente%2F&amp;text=Vin%20dansatori%20de%20pe%20trei%20continente%21\"><span>X<\/span><\/a><\/div>\n<\/div>\n<\/div>\n<p>[analyse_source url=&#8221;https:\/\/buzaulinreportaje.ro\/vin-dansatori-de-pe-trei-continente\/&#8221;]<\/p>\n","protected":false},"excerpt":{"rendered":"<p>[analyse_image type=&#8221;featured&#8221; src=&#8221;https:\/\/buzaulinreportaje.ro\/wp-content\/uploads\/2026\/05\/dans-4.jpghttps:\/\/buzaulinreportaje.ro\/wp-content\/uploads\/2026\/05\/dans-4.jpg&#8221;] Pe 13 mai 2026 au ap\u0103rut primele informa\u021bii despre edi\u021bia a Xi-a a Festivalului Interna\u021bional de Foclor Plaiurile Miori\u021bei, eveniment g\u00e2ndit \u0219i organizat de Centrul Jude\u021bean de Cultur\u0103 \u0219i Art\u0103 Buz\u0103u \u0219i finan\u021bat de c\u0103tre Consiliului Jude\u021bean Buz\u0103u. Singura perioad\u0103 \u00een care nu s-a f\u0103cut parad\u0103 pe str\u0103zile Buz\u0103ului \u00een costum popular [&hellip;]<\/p>\n","protected":false},"author":1,"featured_media":0,"comment_status":"open","ping_status":"","sticky":false,"template":"","format":"standard","meta":{"footnotes":""},"categories":[2],"tags":[59,226],"class_list":["post-1933417","post","type-post","status-publish","format-standard","hentry","category-politics","tag-buzaulinreportaje-ro","tag-crawlmanager"],"_links":{"self":[{"href":"https:\/\/analyse.optim.biz\/index.php?rest_route=\/wp\/v2\/posts\/1933417","targetHints":{"allow":["GET"]}}],"collection":[{"href":"https:\/\/analyse.optim.biz\/index.php?rest_route=\/wp\/v2\/posts"}],"about":[{"href":"https:\/\/analyse.optim.biz\/index.php?rest_route=\/wp\/v2\/types\/post"}],"author":[{"embeddable":true,"href":"https:\/\/analyse.optim.biz\/index.php?rest_route=\/wp\/v2\/users\/1"}],"replies":[{"embeddable":true,"href":"https:\/\/analyse.optim.biz\/index.php?rest_route=%2Fwp%2Fv2%2Fcomments&post=1933417"}],"version-history":[{"count":0,"href":"https:\/\/analyse.optim.biz\/index.php?rest_route=\/wp\/v2\/posts\/1933417\/revisions"}],"wp:attachment":[{"href":"https:\/\/analyse.optim.biz\/index.php?rest_route=%2Fwp%2Fv2%2Fmedia&parent=1933417"}],"wp:term":[{"taxonomy":"category","embeddable":true,"href":"https:\/\/analyse.optim.biz\/index.php?rest_route=%2Fwp%2Fv2%2Fcategories&post=1933417"},{"taxonomy":"post_tag","embeddable":true,"href":"https:\/\/analyse.optim.biz\/index.php?rest_route=%2Fwp%2Fv2%2Ftags&post=1933417"}],"curies":[{"name":"wp","href":"https:\/\/api.w.org\/{rel}","templated":true}]}}