{"id":193163,"date":"2014-11-17T15:36:26","date_gmt":"2014-11-17T12:36:26","guid":{"rendered":"https:\/\/analyse.optim.biz\/?p=193163"},"modified":"2014-11-17T15:36:26","modified_gmt":"2014-11-17T12:36:26","slug":"g-firea-psd-ramane-la-guvernare-in-aceste-clipe-trebuie-sa-fim-uniti","status":"publish","type":"post","link":"https:\/\/analyse.optim.biz\/?p=193163","title":{"rendered":"G. Firea: PSD r\u0103m\u00e2ne la guvernare, \u00een aceste clipe trebuie s\u0103 fim uni\u0163i"},"content":{"rendered":"<div class=\"entry data-app-meta data-app-meta-article\" data-embed-base-url-canonical=\"https:\/\/www.digi24.ro\/embed\/stiri\/actualitate\/politica\/g-firea-psd-ramane-la-guvernare-in-aceste-clipe-trebuie-sa-fim-uniti-322835\">\n<p data-index=\"1\"><img decoding=\"async\" src=\"https:\/\/analyse.optim.biz\/wp-content\/uploads\/2024\/09\/ytazy2q5ymywzjq3nje4mzgwnzjjmgvin2rlotizng-thumb_.jpg\" data-skip-htmlfix=\"1\" title=\"ytazy2q5ymywzjq3nje4mzgwnzjjmgvin2rlotizng-thumb_\"><\/p>\n<p data-index=\"2\">\u201d<strong>PSD<\/strong> r\u0103m\u00e2ne la guvernare. Sub conducerea lui Victor Ponta, rezultatele guvern\u0103rii sunt notabile. Au fost reparate toate nedrept\u0103\u0163ile f\u0103cute \u00eempotriva popula\u0163iei, de c\u0103tre fosta <strong>guvernare<\/strong>\u201d, arat\u0103 <strong>Gabriela Firea<\/strong>, \u00een comunicatul de pres\u0103 citat de Mediafax.<\/p>\n<p data-index=\"3\">Potrivit acesteia, \u201dPSD, al\u0103turi de alia\u0163ii s\u0103i, UNPR \u015fi PC, a c\u00e2\u015ftigat alegerile parlamentare \u015fi, implicit, guvernarea\u201d.<\/p>\n<p data-index=\"4\">\u201dVom avea \u00een zilele urm\u0103toare \u015fedinte ale Biroului Permanent Na\u0163ional \u015fi ale Comitetului Executiv, \u00een urma c\u0103rora vom lua decizii corecte, care nu vor fi influen\u0163ate de dezam\u0103gire momentului. \u00cen aceste clipe trebuie s\u0103 fim uni\u0163i. O echip\u0103 puternic\u0103 este cea a c\u0103rei membri sunt \u00eempreun\u0103 \u015fi la bine \u015fi la greu. Aceasta este o dovad\u0103 de caracter. Iar \u00een politic\u0103 e nevoie de oameni de caracter\u201d, a mai transmis <strong>vicepre\u015fedintele PSD<\/strong>.<\/p>\n<\/div>\n<p> Source URL: https:\/\/www.digi24.ro\/stiri\/actualitate\/politica\/g-firea-psd-ramane-la-guvernare-in-aceste-clipe-trebuie-sa-fim-uniti-322835<\/p>\n","protected":false},"excerpt":{"rendered":"<p>\u201dPSD r\u0103m\u00e2ne la guvernare. Sub conducerea lui Victor Ponta, rezultatele guvern\u0103rii sunt notabile. Au fost reparate toate nedrept\u0103\u0163ile f\u0103cute \u00eempotriva popula\u0163iei, de c\u0103tre fosta guvernare\u201d, arat\u0103 Gabriela Firea, \u00een comunicatul de pres\u0103 citat de Mediafax. Potrivit acesteia, \u201dPSD, al\u0103turi de alia\u0163ii s\u0103i, UNPR \u015fi PC, a c\u00e2\u015ftigat alegerile parlamentare \u015fi, implicit, guvernarea\u201d. \u201dVom avea \u00een [&hellip;]<\/p>\n","protected":false},"author":1,"featured_media":193164,"comment_status":"open","ping_status":"","sticky":false,"template":"","format":"standard","meta":{"footnotes":""},"categories":[2],"tags":[11],"class_list":["post-193163","post","type-post","status-publish","format-standard","has-post-thumbnail","hentry","category-politics","tag-digi24"],"_links":{"self":[{"href":"https:\/\/analyse.optim.biz\/index.php?rest_route=\/wp\/v2\/posts\/193163","targetHints":{"allow":["GET"]}}],"collection":[{"href":"https:\/\/analyse.optim.biz\/index.php?rest_route=\/wp\/v2\/posts"}],"about":[{"href":"https:\/\/analyse.optim.biz\/index.php?rest_route=\/wp\/v2\/types\/post"}],"author":[{"embeddable":true,"href":"https:\/\/analyse.optim.biz\/index.php?rest_route=\/wp\/v2\/users\/1"}],"replies":[{"embeddable":true,"href":"https:\/\/analyse.optim.biz\/index.php?rest_route=%2Fwp%2Fv2%2Fcomments&post=193163"}],"version-history":[{"count":0,"href":"https:\/\/analyse.optim.biz\/index.php?rest_route=\/wp\/v2\/posts\/193163\/revisions"}],"wp:featuredmedia":[{"embeddable":true,"href":"https:\/\/analyse.optim.biz\/index.php?rest_route=\/wp\/v2\/media\/193164"}],"wp:attachment":[{"href":"https:\/\/analyse.optim.biz\/index.php?rest_route=%2Fwp%2Fv2%2Fmedia&parent=193163"}],"wp:term":[{"taxonomy":"category","embeddable":true,"href":"https:\/\/analyse.optim.biz\/index.php?rest_route=%2Fwp%2Fv2%2Fcategories&post=193163"},{"taxonomy":"post_tag","embeddable":true,"href":"https:\/\/analyse.optim.biz\/index.php?rest_route=%2Fwp%2Fv2%2Ftags&post=193163"}],"curies":[{"name":"wp","href":"https:\/\/api.w.org\/{rel}","templated":true}]}}