{"id":193152,"date":"2014-11-17T15:47:19","date_gmt":"2014-11-17T12:47:19","guid":{"rendered":"https:\/\/analyse.optim.biz\/?p=193152"},"modified":"2014-11-17T15:47:19","modified_gmt":"2014-11-17T12:47:19","slug":"de-la-doamna-profesoara-la-prima-doamna-cine-este-carmen-iohannis","status":"publish","type":"post","link":"https:\/\/analyse.optim.biz\/?p=193152","title":{"rendered":"De la doamna profesoar\u0103 la Prima Doamn\u0103. Cine este Carmen Iohannis"},"content":{"rendered":"<div class=\"entry data-app-meta data-app-meta-article\" data-embed-base-url-canonical=\"https:\/\/www.digi24.ro\/embed\/stiri\/actualitate\/politica\/de-la-doamna-profesoara-la-prima-doamna-cine-este-carmen-iohannis-322846\">\n<p data-index=\"1\">L-a cunoscut pe Klaus Iohannis pe c\u00e2nd erau \u00een facultate \u015fi de atunci nu s-au mai desp\u0103r\u0163it. Carmen a fost \u015fi motivul pentru care Klaus Iohannis nu \u015fi-a urmat p\u0103rin\u0163ii, ce au emigrat \u00een Germania. \u201e<span>Va fi al\u0103turi de mine, va avea \u015fi apari\u0163ii publice, va fi o prim\u0103 doamn\u0103! \u015etie foarte bine c\u00e2nd este cazul s\u0103 participe la evenimentele publice \u015fi pot s\u0103 v\u0103 spun c\u0103 are o presta\u0163ie excep\u0163ional\u0103 c\u00e2nd o face\u201d, a spus Klaus Iohannis.<\/span>\u00a0<\/p>\n<p data-index=\"2\">P\u00e2n\u0103 s\u0103 o vedem la evenimente, afl\u0103m c\u0103 povestea de iubire dintre Carmen \u015fi Klaus a \u00eenceput pe c\u00e2nd aveau 22 de ani, \u00eentr-o excursie. A fost dragoste la prima vedere \u015fi ca s\u0103 \u00eentre\u0163in\u0103 fiorul, Iohannis nu s-a dat \u00eenapoi de la nimic. Dup\u0103 facultate, a fost repartizat la o \u015fcoal\u0103 care era la 60 de kilometri de Sibiu. F\u0103ce naveta, pe biciclet\u0103, ca s\u0103 \u00ee\u015fi vad\u0103 iubita.<\/p>\n<p data-index=\"3\"><strong>Iubirea de Carmen l-a legat \u015fi de Rom\u00e2nia. P\u0103rin\u0163ii lui au emigrat \u00een Germania \u00een anii 90, dar Iohannis a r\u0103mas aici. Nu a regretat niciun moment decizia&#8230;\u00a0<\/strong>\u201eEvident c\u0103 o parte semnificativ\u0103 este so\u0163ia mea \u015fi \u0163in foarte mult la ea p\u00e2n\u0103 \u00een ziua de ast\u0103zi. Deci sigur a f\u0103cut parte \u00een mod decisiv aproape din aceast\u0103 g\u00e2ndire\u201d, a spus Klaus Iohannis.<\/p>\n<p data-index=\"4\">De\u015fi colegii de liceu \u00ee\u015fi aduc aminte c\u0103 Iohannis f\u0103cea u\u015for fetele s\u0103 suspine, odat\u0103 ce a \u00eent\u00e2lnit-o pe Carmen, nu a mai avut ochi pentru altcineva. \u201eAdev\u0103rata mea dragoste a venit mult mai t\u00e2rziu \u015fi p\u00e2n\u0103 \u00een ziua de azi am r\u0103mas cu ea. Este so\u0163ia mea, Carmen!\u201d, a spus Klaus Iohannis.<\/p>\n<p data-index=\"5\"><strong>Carmen Iohannis l-a r\u0103spl\u0103tit cu aceea\u015fi moned\u0103 a iubirii \u015fi rafinamentului. Modest\u0103, s-a ferit de lumina reflectoarelor c\u00e2nd so\u0163ul ei a ajuns primarul Sibiului \u015fi, mai apoi, pre\u015fedintele Partidului Na\u0163ional Liberal.<\/strong> \u00cen rarele ei apari\u0163ii publice a impresionat prin elegan\u0163\u0103 \u015fi discre\u0163ie. Este amatoare de teatru, ador\u0103 s\u0103 c\u00e2nte la pian, este pasionat\u0103 de mod\u0103 \u015fi nu se fere\u015fte s\u0103 intre \u00een buc\u0103t\u0103rie. Dimpotriv\u0103&#8230; Carmen Iohannis a \u00eemplinit 54 de ani \u00een ziua primului tur de scrutin pentru alegerile preziden\u0163iale.<\/p>\n<\/div>\n<p> Source URL: https:\/\/www.digi24.ro\/stiri\/actualitate\/politica\/de-la-doamna-profesoara-la-prima-doamna-cine-este-carmen-iohannis-322846<\/p>\n","protected":false},"excerpt":{"rendered":"<p>L-a cunoscut pe Klaus Iohannis pe c\u00e2nd erau \u00een facultate \u015fi de atunci nu s-au mai desp\u0103r\u0163it. Carmen a fost \u015fi motivul pentru care Klaus Iohannis nu \u015fi-a urmat p\u0103rin\u0163ii, ce au emigrat \u00een Germania. \u201eVa fi al\u0103turi de mine, va avea \u015fi apari\u0163ii publice, va fi o prim\u0103 doamn\u0103! \u015etie foarte bine c\u00e2nd este [&hellip;]<\/p>\n","protected":false},"author":1,"featured_media":193153,"comment_status":"open","ping_status":"","sticky":false,"template":"","format":"standard","meta":{"footnotes":""},"categories":[2],"tags":[11],"class_list":["post-193152","post","type-post","status-publish","format-standard","has-post-thumbnail","hentry","category-politics","tag-digi24"],"_links":{"self":[{"href":"https:\/\/analyse.optim.biz\/index.php?rest_route=\/wp\/v2\/posts\/193152","targetHints":{"allow":["GET"]}}],"collection":[{"href":"https:\/\/analyse.optim.biz\/index.php?rest_route=\/wp\/v2\/posts"}],"about":[{"href":"https:\/\/analyse.optim.biz\/index.php?rest_route=\/wp\/v2\/types\/post"}],"author":[{"embeddable":true,"href":"https:\/\/analyse.optim.biz\/index.php?rest_route=\/wp\/v2\/users\/1"}],"replies":[{"embeddable":true,"href":"https:\/\/analyse.optim.biz\/index.php?rest_route=%2Fwp%2Fv2%2Fcomments&post=193152"}],"version-history":[{"count":0,"href":"https:\/\/analyse.optim.biz\/index.php?rest_route=\/wp\/v2\/posts\/193152\/revisions"}],"wp:featuredmedia":[{"embeddable":true,"href":"https:\/\/analyse.optim.biz\/index.php?rest_route=\/wp\/v2\/media\/193153"}],"wp:attachment":[{"href":"https:\/\/analyse.optim.biz\/index.php?rest_route=%2Fwp%2Fv2%2Fmedia&parent=193152"}],"wp:term":[{"taxonomy":"category","embeddable":true,"href":"https:\/\/analyse.optim.biz\/index.php?rest_route=%2Fwp%2Fv2%2Fcategories&post=193152"},{"taxonomy":"post_tag","embeddable":true,"href":"https:\/\/analyse.optim.biz\/index.php?rest_route=%2Fwp%2Fv2%2Ftags&post=193152"}],"curies":[{"name":"wp","href":"https:\/\/api.w.org\/{rel}","templated":true}]}}