{"id":193141,"date":"2014-11-17T16:00:03","date_gmt":"2014-11-17T13:00:03","guid":{"rendered":"https:\/\/analyse.optim.biz\/?p=193141"},"modified":"2014-11-17T16:00:03","modified_gmt":"2014-11-17T13:00:03","slug":"c-p-tariceanu-nu-inteleg-remarca-lui-k-iohannis-cu-ne-am-luat-tara-inapoi","status":"publish","type":"post","link":"https:\/\/analyse.optim.biz\/?p=193141","title":{"rendered":"C. P. T\u0103riceanu: Nu \u00een\u0163eleg remarca lui K. Iohannis cu &#8220;ne-am luat \u0163ara \u00eenapoi&#8221;"},"content":{"rendered":"<div class=\"entry data-app-meta data-app-meta-article\" data-embed-base-url-canonical=\"https:\/\/www.digi24.ro\/embed\/stiri\/actualitate\/politica\/c-p-tariceanu-nu-inteleg-remarca-lui-k-iohannis-cu-ne-am-luat-tara-inapoi-322858\">\n<p data-index=\"1\">\u201e<span>Domnul Klaus Iohannis, cu toate c\u0103 e c\u00e2\u015ftig\u0103torul r\u0103m\u00e2ne o persoan\u0103 inadecvat\u0103 pentru func\u0163ia de pre\u015fedinte. Nu are nici experien\u0163a, nici competen\u0163ele. Cred c\u0103 nu va reprezenta dec\u00e2t o continuare a regimului B\u0103sescu \u015fi, fiind \u00eenconjurat de PDL, o s\u0103 asist\u0103m la o continuare a regimului B\u0103sescu, care nu a l\u0103sat o amintire pl\u0103cut\u0103 \u00een Rom\u00e2nia.<\/span><\/p>\n<p data-index=\"2\"><span><strong><span><a href=\"https:\/\/www.digi24.ro\/Stiri\/Digi24\/Actualitate\/Politica\/Victor+Ponta+sustine+declaratii+la+15+15\" target=\"_blank\" data-skip-linkfix=\"1\" rel=\"noopener\">Victor Ponta: Sunt hot\u0103r\u00e2t s\u0103 r\u0103m\u00e2n \u00een func\u0163ia de prim-ministru. \u00cemi exprim dorin\u0163a de dialog cu Klaus Iohannis<\/a><\/span><\/strong><\/span><\/p>\n<p data-index=\"3\">Nu pot s\u0103 trec peste remarca pe care Klaus Iohannis a f\u0103cut-o ieri: ne-am luat \u0163ara \u00eenapoi. Nu o \u00een\u0163eleg, nu \u015ftiu cui era dat\u0103 \u0163ara. Mi se pare c\u0103 e o remarc\u0103 tipic\u0103 de B\u0103sescu, parc\u0103 ar fi fost rostit\u0103 de el \u015fi lucrul \u0103sta m\u0103 pune pe g\u00e2nduri pentru c\u0103 Iohannis s-a declarat un pre\u015fedinte al tuturor rom\u00e2nilor. Dac\u0103 va \u00eencepe iar s\u0103 divizeze Rom\u00e2nia e un semn prost\u201d, a declarat C\u0103lin Popescu T\u0103riceanu.<\/p>\n<\/div>\n<p> Source URL: https:\/\/www.digi24.ro\/stiri\/actualitate\/politica\/c-p-tariceanu-nu-inteleg-remarca-lui-k-iohannis-cu-ne-am-luat-tara-inapoi-322858<\/p>\n","protected":false},"excerpt":{"rendered":"<p>\u201eDomnul Klaus Iohannis, cu toate c\u0103 e c\u00e2\u015ftig\u0103torul r\u0103m\u00e2ne o persoan\u0103 inadecvat\u0103 pentru func\u0163ia de pre\u015fedinte. Nu are nici experien\u0163a, nici competen\u0163ele. Cred c\u0103 nu va reprezenta dec\u00e2t o continuare a regimului B\u0103sescu \u015fi, fiind \u00eenconjurat de PDL, o s\u0103 asist\u0103m la o continuare a regimului B\u0103sescu, care nu a l\u0103sat o amintire pl\u0103cut\u0103 \u00een [&hellip;]<\/p>\n","protected":false},"author":1,"featured_media":193142,"comment_status":"open","ping_status":"","sticky":false,"template":"","format":"standard","meta":{"footnotes":""},"categories":[2],"tags":[11],"class_list":["post-193141","post","type-post","status-publish","format-standard","has-post-thumbnail","hentry","category-politics","tag-digi24"],"_links":{"self":[{"href":"https:\/\/analyse.optim.biz\/index.php?rest_route=\/wp\/v2\/posts\/193141","targetHints":{"allow":["GET"]}}],"collection":[{"href":"https:\/\/analyse.optim.biz\/index.php?rest_route=\/wp\/v2\/posts"}],"about":[{"href":"https:\/\/analyse.optim.biz\/index.php?rest_route=\/wp\/v2\/types\/post"}],"author":[{"embeddable":true,"href":"https:\/\/analyse.optim.biz\/index.php?rest_route=\/wp\/v2\/users\/1"}],"replies":[{"embeddable":true,"href":"https:\/\/analyse.optim.biz\/index.php?rest_route=%2Fwp%2Fv2%2Fcomments&post=193141"}],"version-history":[{"count":0,"href":"https:\/\/analyse.optim.biz\/index.php?rest_route=\/wp\/v2\/posts\/193141\/revisions"}],"wp:featuredmedia":[{"embeddable":true,"href":"https:\/\/analyse.optim.biz\/index.php?rest_route=\/wp\/v2\/media\/193142"}],"wp:attachment":[{"href":"https:\/\/analyse.optim.biz\/index.php?rest_route=%2Fwp%2Fv2%2Fmedia&parent=193141"}],"wp:term":[{"taxonomy":"category","embeddable":true,"href":"https:\/\/analyse.optim.biz\/index.php?rest_route=%2Fwp%2Fv2%2Fcategories&post=193141"},{"taxonomy":"post_tag","embeddable":true,"href":"https:\/\/analyse.optim.biz\/index.php?rest_route=%2Fwp%2Fv2%2Ftags&post=193141"}],"curies":[{"name":"wp","href":"https:\/\/api.w.org\/{rel}","templated":true}]}}