{"id":193132,"date":"2014-11-17T16:46:26","date_gmt":"2014-11-17T13:46:26","guid":{"rendered":"https:\/\/analyse.optim.biz\/?p=193132"},"modified":"2014-11-17T16:46:26","modified_gmt":"2014-11-17T13:46:26","slug":"c-p-tariceanu-cer-marti-vot-la-senat-pe-incompatibilitatea-lui-akos-mora-sa-si-inceteze-mandatul","status":"publish","type":"post","link":"https:\/\/analyse.optim.biz\/?p=193132","title":{"rendered":"C. P. T\u0103riceanu: Cer mar\u0163i vot la Senat pe incompatibilitatea lui Akos Mora, s\u0103-\u015fi \u00eenceteze mandatul"},"content":{"rendered":"<div class=\"entry data-app-meta data-app-meta-article\" data-embed-base-url-canonical=\"https:\/\/www.digi24.ro\/embed\/stiri\/actualitate\/politica\/c-p-tariceanu-cer-marti-vot-la-senat-pe-incompatibilitatea-lui-akos-mora-sa-si-inceteze-mandatul-322881\">\n<p data-index=\"1\"><img decoding=\"async\" src=\"https:\/\/analyse.optim.biz\/wp-content\/uploads\/2024\/09\/ptgwmczoyxnoptayyze1odm5njjkotg0mzzmmtblnzg0odc5mwjjnzhi-thumb_.jpg\" data-skip-htmlfix=\"1\" title=\"ptgwmczoyxnoptayyze1odm5njjkotg0mzzmmtblnzg0odc5mwjjnzhi-thumb_\"><\/p>\n<p data-index=\"2\">&#8220;M\u00e2ine voi pune pe ordinea de zi adoptarea unei hot\u0103r\u00e2ri \u00een ceea ce \u00eel prive\u015fte pe senatorul<strong> Akos Mora (foto)<\/strong>, care, dup\u0103 cum \u015fti\u0163i, a fost g\u0103sit incompatibil de ANI \u015fi de instan\u0163ele de judecat\u0103. \u00cen mod normal ar fi trebuit, cred eu, ca gest politic, s\u0103 \u00ee\u015fi depun\u0103 demisia, dac\u0103 nu voi cere un vot \u00een plenul Senatului pentru a constata starea de incompatibilitate prin care urmeaz\u0103 s\u0103 \u00ee\u015fi \u00eenceteze mandatul&#8221;, a spus C\u0103lin Popescu T\u0103riceanu, potrivit Mediafax.<\/p>\n<p data-index=\"3\">Senatorul PNL Akos Mora, declarat incompabitil, a anun\u0163at, joi, c\u0103 se autosuspend\u0103 din partid ca s\u0103 nu-i mai dea ocazia lui\u00a0Victor Ponta\u00a0&#8220;s\u0103 spun\u0103 minciuni&#8221; referitoare la situa\u0163ia sa, ad\u0103ug\u00e2nd \u00eens\u0103 c\u0103 mandatul s\u0103u de senator &#8220;merge mai departe,&#8221; p\u00e2n\u0103 c\u00e2nd Parlamentul &#8220;va vota pe acest subiect&#8221;.<\/p>\n<p data-index=\"4\">\u00cen dezbaterea televizat\u0103 de miercuri sear\u0103, Victor Ponta a sus\u0163inut c\u0103 \u00een PNL exist\u0103 trei persoane condamnate definitiv \u015fi irevocabil, indic\u00e2ndu-i pe pre\u015fedintele CJ Boto\u015fani,\u00a0Florin \u0162urcanu, \u015fi senatorii\u00a0Tudor Chiuariu \u015fi Akos Mora.<\/p>\n<p data-index=\"5\">Co-pre\u015fedintele ACL\u00a0Klaus Iohannis\u00a0declara, recent, c\u0103 senatorul liberal Akos Mora ar trebui s\u0103 demisioneze din Parlament, iar deputatul Tudor Chiuariu s\u0103 plece din PNL, \u00een condi\u0163iile \u00een care primul a fost declarat incompatibil, iar cel de-al doilea, condamnat pentru corup\u0163ie. \u00a0<\/p>\n<\/div>\n<p> Source URL: https:\/\/www.digi24.ro\/stiri\/actualitate\/politica\/c-p-tariceanu-cer-marti-vot-la-senat-pe-incompatibilitatea-lui-akos-mora-sa-si-inceteze-mandatul-322881<\/p>\n","protected":false},"excerpt":{"rendered":"<p>&#8220;M\u00e2ine voi pune pe ordinea de zi adoptarea unei hot\u0103r\u00e2ri \u00een ceea ce \u00eel prive\u015fte pe senatorul Akos Mora (foto), care, dup\u0103 cum \u015fti\u0163i, a fost g\u0103sit incompatibil de ANI \u015fi de instan\u0163ele de judecat\u0103. \u00cen mod normal ar fi trebuit, cred eu, ca gest politic, s\u0103 \u00ee\u015fi depun\u0103 demisia, dac\u0103 nu voi cere un [&hellip;]<\/p>\n","protected":false},"author":1,"featured_media":193133,"comment_status":"open","ping_status":"","sticky":false,"template":"","format":"standard","meta":{"footnotes":""},"categories":[2],"tags":[11],"class_list":["post-193132","post","type-post","status-publish","format-standard","has-post-thumbnail","hentry","category-politics","tag-digi24"],"_links":{"self":[{"href":"https:\/\/analyse.optim.biz\/index.php?rest_route=\/wp\/v2\/posts\/193132","targetHints":{"allow":["GET"]}}],"collection":[{"href":"https:\/\/analyse.optim.biz\/index.php?rest_route=\/wp\/v2\/posts"}],"about":[{"href":"https:\/\/analyse.optim.biz\/index.php?rest_route=\/wp\/v2\/types\/post"}],"author":[{"embeddable":true,"href":"https:\/\/analyse.optim.biz\/index.php?rest_route=\/wp\/v2\/users\/1"}],"replies":[{"embeddable":true,"href":"https:\/\/analyse.optim.biz\/index.php?rest_route=%2Fwp%2Fv2%2Fcomments&post=193132"}],"version-history":[{"count":0,"href":"https:\/\/analyse.optim.biz\/index.php?rest_route=\/wp\/v2\/posts\/193132\/revisions"}],"wp:featuredmedia":[{"embeddable":true,"href":"https:\/\/analyse.optim.biz\/index.php?rest_route=\/wp\/v2\/media\/193133"}],"wp:attachment":[{"href":"https:\/\/analyse.optim.biz\/index.php?rest_route=%2Fwp%2Fv2%2Fmedia&parent=193132"}],"wp:term":[{"taxonomy":"category","embeddable":true,"href":"https:\/\/analyse.optim.biz\/index.php?rest_route=%2Fwp%2Fv2%2Fcategories&post=193132"},{"taxonomy":"post_tag","embeddable":true,"href":"https:\/\/analyse.optim.biz\/index.php?rest_route=%2Fwp%2Fv2%2Ftags&post=193132"}],"curies":[{"name":"wp","href":"https:\/\/api.w.org\/{rel}","templated":true}]}}