{"id":1930532,"date":"2026-03-31T02:26:00","date_gmt":"2026-03-30T23:26:00","guid":{"rendered":"https:\/\/analyse.optim.biz\/?p=1930532"},"modified":"2026-03-31T02:26:00","modified_gmt":"2026-03-30T23:26:00","slug":"pourquoi-il-faut-revoir-the-brutalist-avec-adrien-brody","status":"publish","type":"post","link":"https:\/\/analyse.optim.biz\/?p=1930532","title":{"rendered":"Pourquoi il faut (re)voir The Brutalist avec Adrien Brody"},"content":{"rendered":"<div class=\"entry-content\">\n<section class=\"single-header padding-top-s\">\n<div class=\"container\">\n<div class=\"row justify-content-between\">\n<div class=\"col-lg-9 col-xl-8\">\n<div class=\"video-container\">\n\t\t\t\t\t\t\t\t\t\t\t\t\t<\/div>\n<div class=\"container-img desktop\">\n                                <img loading=\"lazy\" decoding=\"async\" width=\"640\" height=\"408\" src=\"\/\/www.w3.org\/2000\/svg'%20viewBox='0%200%20640%20408'%3E%3C\/svg%3E\" class=\"img-fluid\" alt=\"Adrien Brody dans le film The Brutalist de Brady Corbet. \u00a9 Universal Pictures. Courtesy of A24.\" data-lazy-src=\"https:\/\/numero.com\/wp-content\/uploads\/2025\/02\/push-le-film-the-brutalist-de-brady-corbet-avec-adrien-brody-et-felicity-jones-768x490.jpg\"><img decoding=\"async\" width=\"640\" height=\"408\" src=\"https:\/\/numero.com\/wp-content\/uploads\/2025\/02\/push-le-film-the-brutalist-de-brady-corbet-avec-adrien-brody-et-felicity-jones-768x490.jpg\" class=\"img-fluid\" alt=\"Adrien Brody dans le film The Brutalist de Brady Corbet. \u00a9 Universal Pictures. Courtesy of A24.\" loading=\"lazy\">\t\t\t\t\t\t\t\t<\/p>\n<p class=\"number big\">12<\/p>\n<\/p><\/div>\n<div class=\"container-img mobile\">\n                                <img loading=\"lazy\" decoding=\"async\" width=\"640\" height=\"804\" src=\"\/\/www.w3.org\/2000\/svg'%20viewBox='0%200%20640%20804'%3E%3C\/svg%3E\" class=\"img-fluid\" alt=\"Adrien Brody dans le film The Brutalist de Brady Corbet. \u00a9 Universal Pictures. Courtesy of A24.\" data-lazy-src=\"https:\/\/numero.com\/wp-content\/uploads\/2025\/02\/thumb-le-film-the-brutalist-de-brady-corbet-avec-adrien-brody-et-felicity-jones-768x965.jpg\"><img decoding=\"async\" width=\"640\" height=\"804\" src=\"https:\/\/numero.com\/wp-content\/uploads\/2025\/02\/thumb-le-film-the-brutalist-de-brady-corbet-avec-adrien-brody-et-felicity-jones-768x965.jpg\" class=\"img-fluid\" alt=\"Adrien Brody dans le film The Brutalist de Brady Corbet. \u00a9 Universal Pictures. Courtesy of A24.\" loading=\"lazy\">\t\t\t\t\t\t\t\t<\/p>\n<p class=\"number big\">12<\/p>\n<\/p><\/div>\n<\/p><\/div>\n<div class=\"col col-lg-3 col-xl-4 desktop\">\n<div class=\"ad grand-angle desktop\">\n    <!-- \/21730003857\/numero-ad-unit\/numero-grand-angle --><\/p>\n<div class=\"ad-responsive\">\n<div id=\"div-gpt-ad-1773673590069-0\" class=\"ads-pub px-0\">\n<p>                googletag.cmd.push(function () {<br \/>\n                    googletag.display(&#8216;div-gpt-ad-1773673590069-0&#8217;);<br \/>\n                });<\/p><\/div>\n<\/p><\/div>\n<\/div><\/div>\n<\/p><\/div>\n<\/p><\/div>\n<\/section>\n<section class=\"post-content\">\n<div class=\"container\">\n<div class=\"row g-0 justify-content-between\">\n<div class=\"col-lg-9 col-xl-8 padding-top-s\">\n<p class=\"share-widget\" id=\"share-widget\"><img decoding=\"async\" src=\"\/\/www.w3.org\/2000\/svg'%20viewBox='0%200%200%200'%3E%3C\/svg%3E\" alt=\"share-widget\" data-lazy-src=\"https:\/\/numero.com\/wp-content\/themes\/understrap-child-main\/src\/public\/images\/share.svg\"><\/p>\n<p><img decoding=\"async\" src=\"https:\/\/numero.com\/wp-content\/themes\/understrap-child-main\/src\/public\/images\/share.svg\" alt=\"share-widget\"><\/p>\n<div class=\"share-icons\" id=\"share-icons\">\n<p class=\"copy-link\"><img decoding=\"async\" src=\"\/\/www.w3.org\/2000\/svg'%20viewBox='0%200%200%200'%3E%3C\/svg%3E\" alt=\"copy-link\" data-lazy-src=\"https:\/\/numero.com\/wp-content\/themes\/understrap-child-main\/src\/public\/images\/copy-link.svg\"><\/p>\n<p><img decoding=\"async\" src=\"https:\/\/numero.com\/wp-content\/themes\/understrap-child-main\/src\/public\/images\/copy-link.svg\" alt=\"copy-link\"><br \/>\n\t\t\t\t\t\t\t<a href=\"https:\/\/www.facebook.com\/sharer\/sharer.php?u=https:\/\/numero.com\/culture\/cinema\/the-brutalist-brady-corbet-adrien-brody\/\" class=\"facebook\" target=\"_blank\" rel=\"noopener\"><img decoding=\"async\" src=\"\/\/www.w3.org\/2000\/svg'%20viewBox='0%200%200%200'%3E%3C\/svg%3E\" alt=\"facebook\" data-lazy-src=\"https:\/\/numero.com\/wp-content\/themes\/understrap-child-main\/src\/public\/images\/facebook.svg\"><img decoding=\"async\" src=\"https:\/\/numero.com\/wp-content\/themes\/understrap-child-main\/src\/public\/images\/facebook.svg\" alt=\"facebook\"><\/a><br \/>\n\t\t\t\t\t\t\t<a href=\"https:\/\/twitter.com\/share?url=https:\/\/numero.com\/culture\/cinema\/the-brutalist-brady-corbet-adrien-brody\/\" class=\"twitter\" target=\"_blank\" rel=\"noopener\"><img decoding=\"async\" src=\"\/\/www.w3.org\/2000\/svg'%20viewBox='0%200%200%200'%3E%3C\/svg%3E\" alt=\"twitter\" data-lazy-src=\"https:\/\/numero.com\/wp-content\/themes\/understrap-child-main\/src\/public\/images\/twitter.svg\"><img decoding=\"async\" src=\"https:\/\/numero.com\/wp-content\/themes\/understrap-child-main\/src\/public\/images\/twitter.svg\" alt=\"twitter\"><\/a>\n\t\t\t\t\t\t<\/div>\n<p>\t\t\t\t\t\t<span class id=\"custom-tooltip\">Lien copi\u00e9<\/span><\/p>\n<div class=\"col-lg-10\">\n<div class=\"meta d-flex justify-content-between align-items-center\">\n<div class=\"cat\">\n\t\t\t\t\t\t\t\t\t<a class=\"cat-title\" href=\"https:\/\/numero.com\/category\/culture\/cinema\/\">Cin\u00e9ma<\/a>\t\t\t\t\t\t\t\t<\/div>\n<p class=\"date\">\n\t\t\t\t\t\t\t\t\t12 mai 2026\t\t\t\t\t\t\t\t<\/p>\n<\/p><\/div>\n<h1>Pourquoi il faut (re)voir The Brutalist avec Adrien Brody<\/h1>\n<div class=\"introduction\">\n<p class=\"p1\">Dans le troisi\u00e8me long-m\u00e9trage de Brady Corbet, Adrien Brody campe un immigr\u00e9 juif hongrois rescap\u00e9 de l\u2019enfer nazi, qui d\u00e9barque \u00e0 New York en 1947. Son histoire incarne une \u00e9pop\u00e9e am\u00e9ricaine d\u00e9ploy\u00e9e sur trois heures trente-cinq, avec un entracte. Ce film sacr\u00e9 aux Golden Globes et aux Oscars \u2013 disponible d\u00e8s le 12 mai 2026 sur Netflix \u2013 , s\u2019impose d\u00e9j\u00e0 comme un chef-d\u2019\u0153uvre du septi\u00e8me art.<\/p>\n<\/div>\n<li class=\"credits d-flex\">\n<p>\n\t\t\t\t\t\t\t\t\t\t\tpar\t\t\t\t\t\t\t\t\t\t\t\t\t\t\t\t\t\t\t\t\t\t\t<a href=\"https:\/\/numero.com\/contributor\/olivier-joyard\/\">Olivier Joyard<\/a>.\t\t\t\t\t\t\t\t\t\t\t\t\t\t\t\t\t\t\t\t\t<\/p>\n<\/li>\n<p class=\"edition-date\">Publi\u00e9 le 14 octobre 2025. Modifi\u00e9 le 12 mai 2026.<\/p>\n<div id=\"ads03\" class=\"mobile\">\n<div class=\"ad-wrapper\">\n\t\t\t\t\t\t\t\t\t<!-- \/21730003857\/numero-ad-unit\/numero-interscroller --><\/p>\n<div class=\"ad ad-responsive interscroller-slot\">\n<div id=\"div-gpt-ad-1773673675628-0\" class=\"ads-pub\">\n<p>            googletag.cmd.push(function () {<br \/>\n                googletag.display(&#8216;div-gpt-ad-1773673675628-0&#8217;);<br \/>\n            });<\/p><\/div>\n<\/div><\/div>\n<\/p><\/div>\n<p>\t\t\t\t\t\t\t&lt;!&#8211; <\/p>\n<div class=\"padding-bottom-s\">\n\t\t\t\t\t\t\t\t\t\t\t\t\t\t\t<\/div>\n<p> &#8211;&gt;<\/p>\n<figure data-wp-context='{\"imageId\":\"6a02cf5877ff8\"}' data-wp-interactive=\"core\/image\" data-wp-key=\"6a02cf5877ff8\" class=\"wp-block-image size-full wp-lightbox-container\"><img loading=\"lazy\" decoding=\"async\" width=\"1000\" height=\"562\" data-wp-class--hide=\"state.isContentHidden\" data-wp-class--show=\"state.isContentVisible\" data-wp-init=\"callbacks.setButtonStyles\" data-wp-on--click=\"actions.showLightbox\" data-wp-on--load=\"callbacks.setButtonStyles\" data-wp-on-window--resize=\"callbacks.setButtonStyles\" src=\"\/\/www.w3.org\/2000\/svg'%20viewBox='0%200%201000%20562'%3E%3C\/svg%3E\" alt class=\"wp-image-635027\" data-lazy-src=\"https:\/\/numero.com\/wp-content\/uploads\/2025\/02\/le-film-the-brutalist-de-brady-corbet-avec-adrien-brody-et-felicity-jones9.jpg\"><img loading=\"lazy\" decoding=\"async\" width=\"1000\" height=\"562\" data-wp-class--hide=\"state.isContentHidden\" data-wp-class--show=\"state.isContentVisible\" data-wp-init=\"callbacks.setButtonStyles\" data-wp-on--click=\"actions.showLightbox\" data-wp-on--load=\"callbacks.setButtonStyles\" data-wp-on-window--resize=\"callbacks.setButtonStyles\" src=\"https:\/\/numero.com\/wp-content\/uploads\/2025\/02\/le-film-the-brutalist-de-brady-corbet-avec-adrien-brody-et-felicity-jones9.jpg\" alt class=\"wp-image-635027\"><button class=\"lightbox-trigger\" type=\"button\" aria-haspopup=\"dialog\" aria-label=\"Agrandir\" data-wp-init=\"callbacks.initTriggerButton\" data-wp-on--click=\"actions.showLightbox\" data-wp-style--right=\"state.imageButtonRight\" data-wp-style--top=\"state.imageButtonTop\"><\/p>\n<p>\t\t<\/button><figcaption class=\"wp-element-caption\">Adrien Brody dans le film <em>The Brutalist<\/em> de Brady Corbet. \u00a9 Universal Pictures. Courtesy of A24.<\/figcaption><\/figure>\n<h2 class=\"wp-block-heading\"><em>The Brutalist<\/em>, un film ambitieux avec Adrien Brody<\/h2>\n<p>Dans le contexte souvent cadenass\u00e9 du cin\u00e9ma am\u00e9ricain, entre blockbusters \u00e0 l\u2019inspiration de plus en plus faible et films ind\u00e9pendants pas toujours enthousiasmants, parfois, un projet surgit telle une \u00e9piphanie. <em><strong><a href=\"https:\/\/numero.com\/culture\/cinema\/the-brutalist-adrien-brody-brady-corbet-golden-globes-oscars-2025\/\" target=\"_blank\" rel=\"noreferrer noopener\">The Brutalist<\/a><\/strong><\/em>, le troisi\u00e8me long-m\u00e9trage de <strong><a href=\"https:\/\/numero.com\/tag\/brady-corbet\/\" target=\"_blank\" rel=\"noreferrer noopener\">Brady Corbet<\/a><\/strong> disponible sur <strong>Netflix<\/strong> en mai 2026, rend explicite en quelques sc\u00e8nes sa volont\u00e9 de faire partie des ambitieux.<\/p>\n<p>Nous sommes en 1947. Le h\u00e9ros, un immigr\u00e9 juif hongrois, a d\u00e9barqu\u00e9 \u00e0 <a href=\"https:\/\/numero.com\/lifestyle\/restaurants-expos-hotels-les-meilleures-adresses-pour-une-semaine-a-new-york\/\" target=\"_blank\" rel=\"noreferrer noopener\">New York<\/a> juste apr\u00e8s la Seconde Guerre mondiale, rescap\u00e9 de l\u2019enfer nazi et des camps. Architecte de formation, il doit repartir de z\u00e9ro sur la c\u00f4te est quand son cousin, qui travaille sur des chantiers, lui pr\u00e9sente le fils d\u2019un riche industriel de Philadelphie. Ce dernier lui demande de refaire la biblioth\u00e8que de son p\u00e8re pendant qu\u2019il s\u2019absente en voyage d\u2019affaires. <\/p>\n<p>Ce sera une surprise, dans tous les sens du terme. Car L\u00e1szl\u00f3 Toth (<a href=\"https:\/\/numero.com\/culture\/cinema\/les-meilleurs-roles-d-adrien-brody-du-pianiste-a-the-brutalist\/\" target=\"_blank\" rel=\"noreferrer noopener\"><strong>Adrien Brody<\/strong><\/a>) invente une structure qui se d\u00e9ploie et se referme sur toute la surface des murs, d\u2019une beaut\u00e9 confondante et d\u2019un modernisme total. \u00c9videmment, le businessman d\u00e9teste le r\u00e9sultat et l\u2019architecte ne sera m\u00eame pas pay\u00e9. Mais le design unique reste en place, comme une trace d\u2019humanit\u00e9. C\u2019est le v\u00e9ritable d\u00e9but du r\u00e9cit. En m\u00eame temps qu\u2019une profession de foi de la part du cin\u00e9aste, formul\u00e9e \u00e0 travers son personnage : quoi qu\u2019il arrive, quoi qu\u2019il lui en co\u00fbte, il ira au bout de ses visions.<\/p>\n<figure data-wp-context='{\"imageId\":\"6a02cf587846c\"}' data-wp-interactive=\"core\/image\" data-wp-key=\"6a02cf587846c\" class=\"wp-block-image size-full wp-lightbox-container\"><img loading=\"lazy\" decoding=\"async\" width=\"1000\" height=\"603\" data-wp-class--hide=\"state.isContentHidden\" data-wp-class--show=\"state.isContentVisible\" data-wp-init=\"callbacks.setButtonStyles\" data-wp-on--click=\"actions.showLightbox\" data-wp-on--load=\"callbacks.setButtonStyles\" data-wp-on-window--resize=\"callbacks.setButtonStyles\" src=\"\/\/www.w3.org\/2000\/svg'%20viewBox='0%200%201000%20603'%3E%3C\/svg%3E\" alt class=\"wp-image-635030\" data-lazy-src=\"https:\/\/numero.com\/wp-content\/uploads\/2025\/02\/le-film-the-brutalist-de-brady-corbet-avec-adrien-brody-et-felicity-jones8.jpg\"><img loading=\"lazy\" decoding=\"async\" width=\"1000\" height=\"603\" data-wp-class--hide=\"state.isContentHidden\" data-wp-class--show=\"state.isContentVisible\" data-wp-init=\"callbacks.setButtonStyles\" data-wp-on--click=\"actions.showLightbox\" data-wp-on--load=\"callbacks.setButtonStyles\" data-wp-on-window--resize=\"callbacks.setButtonStyles\" src=\"https:\/\/numero.com\/wp-content\/uploads\/2025\/02\/le-film-the-brutalist-de-brady-corbet-avec-adrien-brody-et-felicity-jones8.jpg\" alt class=\"wp-image-635030\"><button class=\"lightbox-trigger\" type=\"button\" aria-haspopup=\"dialog\" aria-label=\"Agrandir\" data-wp-init=\"callbacks.initTriggerButton\" data-wp-on--click=\"actions.showLightbox\" data-wp-style--right=\"state.imageButtonRight\" data-wp-style--top=\"state.imageButtonTop\"><\/p>\n<p>\t\t<\/button><figcaption class=\"wp-element-caption\">Adrien Brody dans le film <em>The Brutalist<\/em> de Brady Corbet. \u00a9 Universal Pictures. Courtesy of A24.<\/figcaption><\/figure>\n<h2 class=\"wp-block-heading\">Sept ann\u00e9es de travail pour un film de trois heures et demie<\/h2>\n<p><em><strong>The Brutalist <\/strong><\/em>survient, apr\u00e8s sept ans de travail, comme un bloc sombre, un r\u00e9cit d\u2019une ampleur rare, un projet total. Le film dure trois heures trente-cinq et se pr\u00e9sente avec un entracte d\u2019une quinzaine de minutes. Comme si le r\u00e9alisateur savait \u00e0 l\u2019avance que le temps de concentration des spectateurs et des spectatrices d\u2019aujourd\u2019hui devait \u00eatre pr\u00e9serv\u00e9. <\/p>\n<p>La premi\u00e8re partie s\u2019appelle <em>The Enigma of Arrival <\/em>et raconte les ann\u00e9es suivant l\u2019arriv\u00e9e de <strong>L\u00e1szl\u00f3 Toth<\/strong> en Am\u00e9rique, alors qu\u2019il se rapproche finalement de l\u2019industriel qui avait moqu\u00e9 sa biblioth\u00e8que. Plusieurs architectes et experts l\u2019ont admir\u00e9e et <strong>Harrison Lee Van Buren<\/strong> a chang\u00e9 d\u2019avis.<\/p>\n<p>Le puissant magnat commande m\u00eame \u00e0 son nouveau prot\u00e9g\u00e9 un centre culturel et communautaire. Avec un gymnase, un th\u00e9\u00e2tre, une chapelle et une biblioth\u00e8que\u2026 Le projet d\u2019une vie. La seconde partie du film, intitul\u00e9e<em> The Hardcore of Beauty<\/em>, commence en 1953, quand L\u00e1szl\u00f3 Toth parvient \u00e0 accueillir sa famille aux \u00c9tats-Unis. <\/p>\n<p>Mais le chaos guette. La drogue, la folie cr\u00e9ative et l\u2019antis\u00e9mitisme rendent tout difficile pour cet homme g\u00e9nial mais fragile, comme bloqu\u00e9 \u00e0 l\u2019\u00e9tage des opprim\u00e9s, des domin\u00e9s. L\u2019un des premiers plans du film avait donn\u00e9 le ton d\u2019une r\u00e9flexion am\u00e8re et dure sur les illusions violentes du r\u00eave am\u00e9ricain. On y voyait la statue de la Libert\u00e9, dans la baie de New York, film\u00e9e \u00e0 l\u2019envers. Soudain inqui\u00e9tante.<\/p>\n<figure class=\"wp-block-embed is-type-video is-provider-youtube wp-block-embed-youtube wp-embed-aspect-16-9 wp-has-aspect-ratio\">\n<div class=\"wp-block-embed__wrapper\">\n<div class=\"cookieconsent-optout-statistics cookieconsent-optout-marketing\"><\/div>\n<\/div><figcaption class=\"wp-element-caption\">La bande-annonce du film <em>The Brutalist<\/em> (2025) de Brady Corbet.<\/figcaption><\/figure>\n<h2 class=\"wp-block-heading\">Un projet \u00e9minemment politique<\/h2>\n<p><strong>Brady Corbet<\/strong> a lanc\u00e9 le projet de <em>The Brutalist<\/em> autour de 2017, alors que <a href=\"https:\/\/numero.com\/culture\/le-jour-ou-donald-trump-a-joue-dans-sex-and-the-city\/\" target=\"_blank\" rel=\"noreferrer noopener\">Donald Trump<\/a> venait d\u2019\u00eatre \u00e9lu pr\u00e9sident des \u00c9tats-Unis d\u2019Am\u00e9rique. Apr\u00e8s des ann\u00e9es d\u2019\u00e9criture avec sa compagne, l\u2019autrice et r\u00e9alisatrice <strong>Mona Fastvold<\/strong>, puis un tournage \u00e9pique, le film arrive en salle\u2026 Alors que le financier et politicien new-yorkais d\u00e9bute son second mandat, dans une atmosph\u00e8re de tension et de haine. Une boucle \u00e9trange. Deux mois apr\u00e8s avoir remport\u00e9 le Lion d\u2019argent de la meilleure r\u00e9alisation \u00e0 la <strong><a href=\"https:\/\/numero.com\/culture\/cinema\/paul-kircher-adrien-brody-harris-dickinson-louis-partridge-acteurs-mostra-de-venise\/\" target=\"_blank\" rel=\"noreferrer noopener\">Mostra de Venise<\/a><\/strong>, \u00e0 l\u2019automne dernier, le r\u00e9alisateur confiait avec une part d\u2019ironie ne pas s\u2019\u00eatre attendu \u00e0 un tel retour du m\u00eame. <\/p>\n<p>Comme si l\u2019histoire qu\u2019il raconte, celle d\u2019une Am\u00e9rique sens dessus dessous, emp\u00eatr\u00e9e dans son adoration de l\u2019argent, son racisme et ses in\u00e9galit\u00e9s, ne pouvait r\u00e9ellement exister que dans une atmosph\u00e8re d\u00e9l\u00e9t\u00e8re. Comme si le pessimisme de l\u2019art devait s\u2019aligner sur le pessimisme de la r\u00e9alit\u00e9, m\u00eame s\u2019il tente de la contester. Dans ce contexte, <em><strong>The Brutalist<\/strong><\/em> est un de ces rares films qui s\u2019affirment politiques par tous leurs pores. Port\u00e9s par la croyance que le cin\u00e9ma d\u00e9nonce et peut-\u00eatre r\u00e9pare les injustices \u2013 ce qui reste \u00e0 prouver. <\/p>\n<p>Corbet met toute son \u00e9nergie \u00e0 b\u00e2tir une \u0153uvre qui ne doit rien aux compromissions de l\u2019\u00e9poque. Une identit\u00e9 artistique que l\u2019on n\u2019avait pas forc\u00e9ment vu venir de la part de celui qui s\u2019est d\u2019abord fait conna\u00eetre en tant que com\u00e9dien, parmi beaucoup d\u2019autres.<\/p>\n<figure data-wp-context='{\"imageId\":\"6a02cf58789b2\"}' data-wp-interactive=\"core\/image\" data-wp-key=\"6a02cf58789b2\" class=\"wp-block-image size-full wp-lightbox-container\"><img loading=\"lazy\" decoding=\"async\" width=\"1000\" height=\"604\" data-wp-class--hide=\"state.isContentHidden\" data-wp-class--show=\"state.isContentVisible\" data-wp-init=\"callbacks.setButtonStyles\" data-wp-on--click=\"actions.showLightbox\" data-wp-on--load=\"callbacks.setButtonStyles\" data-wp-on-window--resize=\"callbacks.setButtonStyles\" src=\"\/\/www.w3.org\/2000\/svg'%20viewBox='0%200%201000%20604'%3E%3C\/svg%3E\" alt class=\"wp-image-635034\" data-lazy-src=\"https:\/\/numero.com\/wp-content\/uploads\/2025\/02\/le-film-the-brutalist-de-brady-corbet-avec-adrien-brody-et-felicity-jones6.jpg\"><img decoding=\"async\" loading=\"lazy\" width=\"1000\" height=\"604\" data-wp-class--hide=\"state.isContentHidden\" data-wp-class--show=\"state.isContentVisible\" data-wp-init=\"callbacks.setButtonStyles\" data-wp-on--click=\"actions.showLightbox\" data-wp-on--load=\"callbacks.setButtonStyles\" data-wp-on-window--resize=\"callbacks.setButtonStyles\" src=\"https:\/\/numero.com\/wp-content\/uploads\/2025\/02\/le-film-the-brutalist-de-brady-corbet-avec-adrien-brody-et-felicity-jones6.jpg\" alt class=\"wp-image-635034\"><button class=\"lightbox-trigger\" type=\"button\" aria-haspopup=\"dialog\" aria-label=\"Agrandir\" data-wp-init=\"callbacks.initTriggerButton\" data-wp-on--click=\"actions.showLightbox\" data-wp-style--right=\"state.imageButtonRight\" data-wp-style--top=\"state.imageButtonTop\"><\/p>\n<p>\t\t<\/button><figcaption class=\"wp-element-caption\">Adrien Brody dans le film <em>The Brutalist<\/em> de Brady Corbet (2025) \u00a9 Universal Pictures. Courtesy of A24.<\/figcaption><\/figure>\n<h2 class=\"wp-block-heading\">Brady Corbet, d\u2019acteur prolifique \u00e0 r\u00e9alisateur t\u00e9m\u00e9raire<\/h2>\n<p>Si le nom de <strong>Brady Corbet<\/strong> vous dit quelque chose, c\u2019est sans doute parce que vous \u00e9tiez dans le coin durant les ann\u00e9es 2000. \u00c0 l\u2019\u00e9poque, ce jeune Am\u00e9ricain de 17 ans est r\u00e9v\u00e9l\u00e9 dans le film ado <em>Thirteen<\/em> (2003) de Catherine Hardwicke. Et lance une carri\u00e8re qui aurait pu faire de lui une star \u00e0 la mode. Mais le jeune homme n\u00e9 \u00e0 Scottsdale, en Arizona, \u00e9lev\u00e9 par une m\u00e8re c\u00e9libataire et un oncle cin\u00e9phile, a d\u00e9j\u00e0 l\u2019ambition de devenir un cin\u00e9aste qui compte. Il dit m\u00eame qu\u2019il aurait pu s\u2019arr\u00eater de jouer \u00e0 cet \u00e2ge-l\u00e0. <\/p>\n<p>Comme il n\u2019a pas encore l\u2019occasion de tourner en son nom, il s\u2019offre aux r\u00e9alisateurs qui l\u2019int\u00e9ressent, plut\u00f4t du c\u00f4t\u00e9 du cin\u00e9ma d\u2019auteur, pour apprendre. On se souvient notamment de lui dans le magnifique <em>Mysterious Skin<\/em> (2004) de Gregg Araki. Face \u00e0 <a href=\"https:\/\/numero.com\/culture\/joseph-gordon-levitt-incarne-un-prof-tourmente-dans-une-serie-quil-a-ecrite-et-realisee\/\" target=\"_blank\" rel=\"noreferrer noopener\">Joseph Gordon-Levitt<\/a>, il se glisse dans la peau d\u2019un ado tortur\u00e9 et persuad\u00e9 qu\u2019il a \u00e9t\u00e9 enlev\u00e9 par des extraterrestres. <\/p>\n<p>On le croise dans la s\u00e9rie <em>Vingt-Quatre Heures chrono<\/em> (2001). L\u2019une des rares entorses \u00e0 la r\u00e8gle qu\u2019il s\u2019est lui-m\u00eame impos\u00e9e : ne travailler qu\u2019avec celles et ceux qui l\u2019inspirent et l\u2019\u00e9l\u00e8vent. Apr\u00e8s avoir particip\u00e9 \u00e0 la version am\u00e9ricaine de<em> Funny Games <\/em>(2007) avec l\u2019Autrichien <a href=\"https:\/\/numero.com\/culture\/les-personnages-les-plus-cruels-du-cinema-de-michael-haneke\/\" target=\"_blank\" rel=\"noreferrer noopener\">Michael Haneke<\/a>, <strong>Brady Corbet <\/strong>passe beaucoup de temps en Europe au d\u00e9but des ann\u00e9es 2010, pr\u00eat \u00e0 jouer l\u2019Am\u00e9ricain de service pour de grands noms qui appr\u00e9cient son amour du cin\u00e9ma. <\/p>\n<figure data-wp-context='{\"imageId\":\"6a02cf5878dd4\"}' data-wp-interactive=\"core\/image\" data-wp-key=\"6a02cf5878dd4\" class=\"wp-block-image size-full wp-lightbox-container\"><img loading=\"lazy\" decoding=\"async\" width=\"1000\" height=\"602\" data-wp-class--hide=\"state.isContentHidden\" data-wp-class--show=\"state.isContentVisible\" data-wp-init=\"callbacks.setButtonStyles\" data-wp-on--click=\"actions.showLightbox\" data-wp-on--load=\"callbacks.setButtonStyles\" data-wp-on-window--resize=\"callbacks.setButtonStyles\" src=\"\/\/www.w3.org\/2000\/svg'%20viewBox='0%200%201000%20602'%3E%3C\/svg%3E\" alt=\"Adrien Brody et Felicity Jones dans le film The Brutalist de Brady Corbet. \u00a9 Universal Pictures. Courtesy of A24.\" class=\"wp-image-635032\" data-lazy-src=\"https:\/\/numero.com\/wp-content\/uploads\/2025\/02\/le-film-the-brutalist-de-brady-corbet-avec-adrien-brody-et-felicity-jones15.jpg\"><img decoding=\"async\" loading=\"lazy\" width=\"1000\" height=\"602\" data-wp-class--hide=\"state.isContentHidden\" data-wp-class--show=\"state.isContentVisible\" data-wp-init=\"callbacks.setButtonStyles\" data-wp-on--click=\"actions.showLightbox\" data-wp-on--load=\"callbacks.setButtonStyles\" data-wp-on-window--resize=\"callbacks.setButtonStyles\" src=\"https:\/\/numero.com\/wp-content\/uploads\/2025\/02\/le-film-the-brutalist-de-brady-corbet-avec-adrien-brody-et-felicity-jones15.jpg\" alt=\"Adrien Brody et Felicity Jones dans le film The Brutalist de Brady Corbet. \u00a9 Universal Pictures. Courtesy of A24.\" class=\"wp-image-635032\"><button class=\"lightbox-trigger\" type=\"button\" aria-haspopup=\"dialog\" aria-label=\"Agrandir\" data-wp-init=\"callbacks.initTriggerButton\" data-wp-on--click=\"actions.showLightbox\" data-wp-style--right=\"state.imageButtonRight\" data-wp-style--top=\"state.imageButtonTop\"><\/p>\n<p>\t\t<\/button><figcaption class=\"wp-element-caption\">Adrien Brody et Felicity Jones dans le film <em>The Brutalist <\/em>(2025)<em> <\/em>de Brady Corbet \u00a9 Universal Pictures. Courtesy of A24.<\/figcaption><\/figure>\n<h2 class=\"wp-block-heading\">De Lars von Trier \u00e0 Noah Baumbach<\/h2>\n<p>Ce sera <em>Melancholia<\/em> (2011), le dernier grand film de <strong><a href=\"https:\/\/numero.com\/culture\/cinema\/lars-von-trier-en-4-films-derangeants\/\" target=\"_blank\" rel=\"noreferrer noopener\">Lars von Trier<\/a><\/strong>, puis, en 2014, un joli tir group\u00e9 de films fran\u00e7ais ultra chics. <em>Sils Maria<\/em> (2014) d\u2019<a href=\"https:\/\/numero.com\/culture\/olivier-assayas-au-cinema-il-faudra-choisir-entre-la-qualite-et-la-quantite\/\" target=\"_blank\" rel=\"noreferrer noopener\"><strong>Olivier Assayas<\/strong><\/a>, <em>Eden<\/em> (2014) de <a href=\"https:\/\/numero.com\/culture\/mia-hansen-love-invoque-ingmar-bergman-dans-son-film-presente-a-cannes\/\" target=\"_blank\" rel=\"noreferrer noopener\">Mia Hansen-L\u00f8ve<\/a> et <em>Saint Laurent <\/em>(2014) de <a href=\"https:\/\/numero.com\/culture\/cinema\/rencontre-avec-bertrand-bonello-jai-tellement-peur-de-ne-plus-faire-de-films-que-je-mets-tout-chaque-fois\/\" target=\"_blank\" rel=\"noreferrer noopener\">Bertrand Bonello<\/a>\u2026 Il n\u2019a pas tourn\u00e9 en tant qu\u2019acteur depuis 2014, avec <em>Snow Therapy <\/em>de <a href=\"https:\/\/numero.com\/culture\/cinema\/ruben-ostlund-des-videos-de-ski-a-la-palme-dor\/\" target=\"_blank\" rel=\"noreferrer noopener\">Ruben \u00d6stlund<\/a> \u2013 futur double Palme d\u2019or \u2013 et <em>While We\u2019re Young<\/em> de <a href=\"https:\/\/numero.com\/culture\/le-cineaste-noah-baumbach-decortique-lesthetique-de-brian-de-palma\/\" target=\"_blank\" rel=\"noreferrer noopener\">Noah Baumbach<\/a>.<\/p>\n<p>\u00c0 26 ans, sa carri\u00e8re d\u2019acteur est d\u00e9j\u00e0 finie. <strong>Brady Corbet<\/strong> n\u2019a pas l\u2019intention de jouer dans un futur proche, y compris dans son propre travail. Trop absorb\u00e9 par ce qu\u2019il met de lui dans le r\u00f4le qu\u2019il pr\u00e9f\u00e8re, celui de r\u00e9alisateur. <\/p>\n<p>Sa filmographie compte pour l\u2019instant trois longs-m\u00e9trages. <em>L\u2019Enfance d\u2019un chef<\/em> (2015) avec <a href=\"https:\/\/numero.com\/culture\/cinema\/the-drama-que-sait-on-du-film-avec-robert-pattinson-et-zendaya\/\" target=\"_blank\" rel=\"noreferrer noopener\"><strong>Robert Pattinson<\/strong><\/a>, adapt\u00e9 de la nouvelle de Jean-Paul Sartre. Puis <em>Vox Lux<\/em> (2018) l\u2019histoire d\u2019une pop star avec <strong><a href=\"https:\/\/numero.com\/culture\/cinema\/3-raisons-daller-voir-may-december-avec-natalie-portman-et-julianne-moore\/\" target=\"_blank\" rel=\"noreferrer noopener\">Natalie Portman<\/a><\/strong> et <a href=\"https:\/\/numero.com\/culture\/cinema\/jude-law-heros-du-mage-du-kremlin-d-olivier-assayas\/\" target=\"_blank\" rel=\"noreferrer noopener\"><strong>Jude Law<\/strong><\/a>. Et donc <em><strong>The Brutalist<\/strong><\/em>, qui le fait d\u2019ores et d\u00e9j\u00e0 passer dans une autre dimension, ses deux premiers films n\u2019ayant \u00e9t\u00e9 distribu\u00e9s que tr\u00e8s timidement en salle. La performance d\u2019<strong>Adrien Brody<\/strong> a marqu\u00e9 les esprits.<\/p>\n<figure data-wp-context='{\"imageId\":\"6a02cf58791c7\"}' data-wp-interactive=\"core\/image\" data-wp-key=\"6a02cf58791c7\" class=\"wp-block-image size-full wp-lightbox-container\"><img loading=\"lazy\" decoding=\"async\" width=\"1000\" height=\"562\" data-wp-class--hide=\"state.isContentHidden\" data-wp-class--show=\"state.isContentVisible\" data-wp-init=\"callbacks.setButtonStyles\" data-wp-on--click=\"actions.showLightbox\" data-wp-on--load=\"callbacks.setButtonStyles\" data-wp-on-window--resize=\"callbacks.setButtonStyles\" src=\"\/\/www.w3.org\/2000\/svg'%20viewBox='0%200%201000%20562'%3E%3C\/svg%3E\" alt class=\"wp-image-635040\" data-lazy-src=\"https:\/\/numero.com\/wp-content\/uploads\/2025\/02\/le-film-the-brutalist-de-brady-corbet-avec-adrien-brody-et-felicity-jones5.jpg\"><img decoding=\"async\" loading=\"lazy\" width=\"1000\" height=\"562\" data-wp-class--hide=\"state.isContentHidden\" data-wp-class--show=\"state.isContentVisible\" data-wp-init=\"callbacks.setButtonStyles\" data-wp-on--click=\"actions.showLightbox\" data-wp-on--load=\"callbacks.setButtonStyles\" data-wp-on-window--resize=\"callbacks.setButtonStyles\" src=\"https:\/\/numero.com\/wp-content\/uploads\/2025\/02\/le-film-the-brutalist-de-brady-corbet-avec-adrien-brody-et-felicity-jones5.jpg\" alt class=\"wp-image-635040\"><button class=\"lightbox-trigger\" type=\"button\" aria-haspopup=\"dialog\" aria-label=\"Agrandir\" data-wp-init=\"callbacks.initTriggerButton\" data-wp-on--click=\"actions.showLightbox\" data-wp-style--right=\"state.imageButtonRight\" data-wp-style--top=\"state.imageButtonTop\"><\/p>\n<p>\t\t<\/button><figcaption class=\"wp-element-caption\">Adrien Brody et Guy Pearce dans le film <em>The Brutalist<\/em> de Brady Corbet. \u00a9 Universal Pictures. Courtesy of A24.<\/figcaption><\/figure>\n<h2 class=\"wp-block-heading\">Un film prim\u00e9 aux Golden Globes et aux Oscars<\/h2>\n<p>Aux <a href=\"https:\/\/numero.com\/mode\/golden-globes-2025-les-meilleurs-looks-des-stars\/\" target=\"_blank\" rel=\"noreferrer noopener\"><strong>Golden Globes<\/strong><\/a>, le film a remport\u00e9 trois troph\u00e9es dont celui du meilleur r\u00e9alisateur, et \u00e9tait nomm\u00e9 dans sept cat\u00e9gories, notamment pour les prix du meilleur film dramatique et du meilleur sc\u00e9nario. Sans compter les performances des com\u00e9diens et com\u00e9diennes. <a href=\"https:\/\/numero.com\/culture\/cinema\/les-meilleurs-roles-d-adrien-brody-du-pianiste-a-the-brutalist\/\" target=\"_blank\" rel=\"noreferrer noopener\"><strong>Adrien Brody<\/strong><\/a> dans un r\u00f4le principal, mais aussi <strong>Felicity Jones<\/strong> et <strong>Guy Pearce<\/strong>, nomm\u00e9s en seconds r\u00f4les. Et aux<strong> Oscars<\/strong>, le long-m\u00e9trage a \u00e9t\u00e9 sacr\u00e9 par trois prix dont celui du meilleur acteur pour le com\u00e9dien principal.<\/p>\n<p>Avec ce film \u00e9pique, <strong>Brady<\/strong> <strong>Corbet<\/strong> trouve son style de r\u00e9alisateur. En m\u00ealant notamment la cam\u00e9ra port\u00e9e r\u00e9aliste, au plus pr\u00e8s des corps, et les grands mouvements d\u2019appareil capables de dessiner d\u2019\u00e9tonnantes compositions. Comme il le dit lui-m\u00eame, c\u2019est par refus du minimalisme ambiant que le cin\u00e9aste a voulu une expression m\u00e9lodramatique et noire. Comme s\u2019il fallait \u00e0 tout prix que le 7e art se d\u00e9marque, <a href=\"https:\/\/numero.com\/culture\/cinema\/intelligence-artificielle-oscars-the-brutalist-emilia-perez\/\" target=\"_blank\" rel=\"noreferrer noopener\">invente des mondes<\/a> plus grands que la vie. <em>The Brutalist <\/em>souffre parfois de sa volont\u00e9 de trop en imposer. Mais le film reste longtemps en m\u00e9moire, capable de regarder le 20e si\u00e8cle dans toutes ses duret\u00e9s, pour mieux nous parler du pr\u00e9sent.<\/p>\n<p><em>The Brutalist (2025) de Brady Corbet, disponible sur Netflix.<\/em><\/p>\n<\/p><\/div>\n<\/p><\/div>\n<div class=\"col-lg-3\">\n<div class=\"suggested-posts padding-top-s\">\n<div class=\"title\">Recommand\u00e9<\/div>\n<div class=\"post-card\">\n\t\t\t\t\t\t\t\t\t\t<a class=\"post-link d-flex\" href=\"https:\/\/numero.com\/culture\/cinema\/films-series-programme-streaming-2026\/\"><\/p>\n<div class=\"container-img \">\n\t\t\t\t\t\t\t\t\t\t\t\t<img loading=\"lazy\" decoding=\"async\" width=\"640\" height=\"804\" src=\"\/\/www.w3.org\/2000\/svg'%20viewBox='0%200%20640%20804'%3E%3C\/svg%3E\" class=\"img-fluid\" alt=\"Inma Cuesta et Pedro Alonso dans la s\u00e9rie Berlin et La Dame \u00e0 l\u2019hermine (2026) \u00a9 Felipe Hern\u00e1ndez\/Netflix.\" data-lazy-src=\"https:\/\/numero.com\/wp-content\/uploads\/2026\/03\/Berlin-et-La-Dame-a-lhermine-768x965.jpg\"><img decoding=\"async\" width=\"640\" height=\"804\" src=\"https:\/\/numero.com\/wp-content\/uploads\/2026\/03\/Berlin-et-La-Dame-a-lhermine-768x965.jpg\" class=\"img-fluid\" alt=\"Inma Cuesta et Pedro Alonso dans la s\u00e9rie Berlin et La Dame \u00e0 l\u2019hermine (2026) \u00a9 Felipe Hern\u00e1ndez\/Netflix.\" loading=\"lazy\">\t\t\t\t\t\t\t\t\t\t\t\t<\/p>\n<p class=\"number\">4<\/p>\n<\/p><\/div>\n<div class=\"card-info d-flex\">\n<div>\n<p class=\"cat-title\">Cin\u00e9ma<\/p>\n<h3 class=\"post-title\">Les films et les s\u00e9ries \u00e0 voir en streaming en mai 2026<\/h3>\n<\/p><\/div>\n<p class=\"date\">\n\t\t\t\t\t\t\t\t\t\t\t\t\t4 mai 2026\t\t\t\t\t\t\t\t\t\t\t\t<\/p>\n<\/p><\/div>\n<p>\t\t\t\t\t\t\t\t\t\t<\/a>\n\t\t\t\t\t\t\t\t\t<\/div>\n<div class=\"post-card\">\n\t\t\t\t\t\t\t\t\t\t<a class=\"post-link d-flex\" href=\"https:\/\/numero.com\/mode\/les-plus-beaux-looks-de-zendaya-icone-de-mode\/\"><\/p>\n<div class=\"container-img \">\n\t\t\t\t\t\t\t\t\t\t\t\t<img loading=\"lazy\" decoding=\"async\" width=\"640\" height=\"804\" src=\"\/\/www.w3.org\/2000\/svg'%20viewBox='0%200%20640%20804'%3E%3C\/svg%3E\" class=\"img-fluid\" alt=\"zendaya en robe louis vuitton haute couture lors de la premi\u00e8re de the drama \u00e0 paris\" data-lazy-src=\"https:\/\/numero.com\/wp-content\/uploads\/2026\/03\/looks-zendaya-louis-vuitton-haute-couture-the-drama-768x965.jpg\"><img decoding=\"async\" width=\"640\" height=\"804\" src=\"https:\/\/numero.com\/wp-content\/uploads\/2026\/03\/looks-zendaya-louis-vuitton-haute-couture-the-drama-768x965.jpg\" class=\"img-fluid\" alt=\"zendaya en robe louis vuitton haute couture lors de la premi\u00e8re de the drama \u00e0 paris\" loading=\"lazy\">\t\t\t\t\t\t\t\t\t\t\t\t<\/p>\n<p class=\"number\">30<\/p>\n<\/p><\/div>\n<div class=\"card-info d-flex\">\n<div>\n<p class=\"cat-title\">Mode<\/p>\n<h3 class=\"post-title\">Zendaya, ic\u00f4ne de mode nouvelle g\u00e9n\u00e9ration<\/h3>\n<\/p><\/div>\n<p class=\"date\">\n\t\t\t\t\t\t\t\t\t\t\t\t\t30 mars 2026\t\t\t\t\t\t\t\t\t\t\t\t<\/p>\n<\/p><\/div>\n<p>\t\t\t\t\t\t\t\t\t\t<\/a>\n\t\t\t\t\t\t\t\t\t<\/div>\n<div class=\"post-card\">\n\t\t\t\t\t\t\t\t\t\t<a class=\"post-link d-flex\" href=\"https:\/\/numero.com\/culture\/musique\/16-nominations-16-defaites-la-terrible-malediction-de-diane-warren-aux-oscars\/\"><\/p>\n<div class=\"container-img \">\n\t\t\t\t\t\t\t\t\t\t\t\t<img loading=\"lazy\" decoding=\"async\" width=\"640\" height=\"804\" src=\"\/\/www.w3.org\/2000\/svg'%20viewBox='0%200%20640%20804'%3E%3C\/svg%3E\" class=\"img-fluid\" alt=\"Diane Warren musique Oscars\" data-lazy-src=\"https:\/\/numero.com\/wp-content\/uploads\/2025\/03\/thumb-diane-warren-oscars-numero-magazine-768x965.jpg\"><img decoding=\"async\" width=\"640\" height=\"804\" src=\"https:\/\/numero.com\/wp-content\/uploads\/2025\/03\/thumb-diane-warren-oscars-numero-magazine-768x965.jpg\" class=\"img-fluid\" alt=\"Diane Warren musique Oscars\" loading=\"lazy\">\t\t\t\t\t\t\t\t\t\t\t\t<\/p>\n<p class=\"number\">17<\/p>\n<\/p><\/div>\n<div class=\"card-info d-flex\">\n<div>\n<p class=\"cat-title\">Musique<\/p>\n<h3 class=\"post-title\">17 nominations, 17 d\u00e9faites : la terrible mal\u00e9diction de Diane Warren aux Oscars<\/h3>\n<\/p><\/div>\n<p class=\"date\">\n\t\t\t\t\t\t\t\t\t\t\t\t\t17 mars 2026\t\t\t\t\t\t\t\t\t\t\t\t<\/p>\n<\/p><\/div>\n<p>\t\t\t\t\t\t\t\t\t\t<\/a>\n\t\t\t\t\t\t\t\t\t<\/div>\n<div class=\"post-card\">\n\t\t\t\t\t\t\t\t\t\t<a class=\"post-link d-flex\" href=\"https:\/\/numero.com\/culture\/cinema\/ana-girardot-interview-films-series\/\"><\/p>\n<div class=\"container-img \">\n\t\t\t\t\t\t\t\t\t\t\t\t<img loading=\"lazy\" decoding=\"async\" width=\"640\" height=\"804\" src=\"\/\/www.w3.org\/2000\/svg'%20viewBox='0%200%20640%20804'%3E%3C\/svg%3E\" class=\"img-fluid\" alt=\"L'actrice Ana Girardot, photographi\u00e9e \u00e0 Paris le 11 mars 2026 \u00a9 Nathan Merchadier pour Num\u00e9ro.com.\" data-lazy-src=\"https:\/\/numero.com\/wp-content\/uploads\/2025\/12\/Ana-Girardot-\u00a9-Nathan-Merchadier-copie-768x965.jpg\"><img decoding=\"async\" width=\"640\" height=\"804\" src=\"https:\/\/numero.com\/wp-content\/uploads\/2025\/12\/Ana-Girardot-%C2%A9-Nathan-Merchadier-copie-768x965.jpg\" class=\"img-fluid\" alt=\"L'actrice Ana Girardot, photographi\u00e9e \u00e0 Paris le 11 mars 2026 \u00a9 Nathan Merchadier pour Num\u00e9ro.com.\" loading=\"lazy\">\t\t\t\t\t\t\t\t\t\t\t\t<\/p>\n<p class=\"number\">17<\/p>\n<\/p><\/div>\n<div class=\"card-info d-flex\">\n<div>\n<p class=\"cat-title\">Cin\u00e9ma<\/p>\n<h3 class=\"post-title\">Les confessions d\u2019Ana Girardot, h\u00e9ro\u00efne du film La Guerre des Prix<\/h3>\n<\/p><\/div>\n<p class=\"date\">\n\t\t\t\t\t\t\t\t\t\t\t\t\t17 mars 2026\t\t\t\t\t\t\t\t\t\t\t\t<\/p>\n<\/p><\/div>\n<p>\t\t\t\t\t\t\t\t\t\t<\/a>\n\t\t\t\t\t\t\t\t\t<\/div>\n<\/p><\/div>\n<\/p><\/div>\n<\/p><\/div>\n<div class=\"padding-top-s\">\n<div class=\"ad banner desktop\">\n<div class=\"container\">\n<div class=\"row\">\n            <!-- \/21730003857\/numero-ad-unit\/numero-banner-1 --><\/p>\n<div class=\"ad-responsive\">\n<div id=\"div-gpt-ad-1773673267712-0\" class=\"ads-pub\">\n<p>                        googletag.cmd.push(function () {<br \/>\n                            googletag.display(&#8216;div-gpt-ad-1773673267712-0&#8217;);<br \/>\n                        });<\/p><\/div>\n<\/p><\/div>\n<\/p><\/div>\n<\/p><\/div>\n<\/div><\/div>\n<\/p><\/div>\n<\/section>\n<p>        <button class=\"btn-newsletter btn-outline-white my-5\" id=\"open-modal-newsletter\">Inscrivez-vous \u00e0 la newsletter<\/button>\t\t<\/p>\n<section class=\"related-posts post-list padding-top-m padding-bottom-s\">\n<div class=\"container\">\n<h2 class=\"title mx-auto\">\u00c0 lire aussi<\/h2>\n<div class=\"row\">\n<div class=\"col-lg-3\">\n<div class=\"post-card desktop\">\n\t\t\t\t\t\t\t\t\t<a class=\"post-link\" href=\"https:\/\/numero.com\/culture\/cinema\/les-meilleurs-roles-d-adrien-brody-du-pianiste-a-the-brutalist\/\"><\/p>\n<div class=\"container-img\">\n\t\t\t\t\t\t\t\t\t\t\t<img loading=\"lazy\" decoding=\"async\" width=\"640\" height=\"804\" src=\"\/\/www.w3.org\/2000\/svg'%20viewBox='0%200%20640%20804'%3E%3C\/svg%3E\" class=\"img-fluid\" alt=\"Adrien Brody.\" data-lazy-src=\"https:\/\/numero.com\/wp-content\/uploads\/2025\/02\/adrien-brody-2-768x965.jpg\"><img decoding=\"async\" width=\"640\" height=\"804\" src=\"https:\/\/numero.com\/wp-content\/uploads\/2025\/02\/adrien-brody-2-768x965.jpg\" class=\"img-fluid\" alt=\"Adrien Brody.\" loading=\"lazy\">\t\t\t\t\t\t\t\t\t\t\t<\/p>\n<div class=\"number\">13<\/div>\n<\/p><\/div>\n<div class=\"card-info\">\n<div class=\"meta d-flex justify-content-between\">\n<p class=\"cat-title\">Cin\u00e9ma<\/p>\n<p class=\"date\">\n\t\t\t\t\t\t\t\t\t\t\t\t\t13 oct 2025\t\t\t\t\t\t\t\t\t\t\t\t<\/p>\n<\/p><\/div>\n<div class=\"post-title\">Les meilleurs r\u00f4les de l\u2019acteur oscaris\u00e9 Adrien Brody, du Pianiste \u00e0 The Brutalist<\/div>\n<\/p><\/div>\n<p>\t\t\t\t\t\t\t\t\t<\/a>\n\t\t\t\t\t\t\t\t<\/div>\n<div class=\"post-card mobile\">\n\t\t\t\t\t\t\t\t\t<a class=\"post-link d-flex\" href=\"https:\/\/numero.com\/culture\/cinema\/les-meilleurs-roles-d-adrien-brody-du-pianiste-a-the-brutalist\/\"><\/p>\n<div class=\"container-img\">\n\t\t\t\t\t\t\t\t\t\t\t<img loading=\"lazy\" decoding=\"async\" width=\"640\" height=\"804\" src=\"\/\/www.w3.org\/2000\/svg'%20viewBox='0%200%20640%20804'%3E%3C\/svg%3E\" class=\"img-fluid\" alt=\"Adrien Brody.\" data-lazy-src=\"https:\/\/numero.com\/wp-content\/uploads\/2025\/02\/adrien-brody-2-768x965.jpg\"><img decoding=\"async\" width=\"640\" height=\"804\" src=\"https:\/\/numero.com\/wp-content\/uploads\/2025\/02\/adrien-brody-2-768x965.jpg\" class=\"img-fluid\" alt=\"Adrien Brody.\" loading=\"lazy\">\t\t\t\t\t\t\t\t\t\t\t<\/p>\n<div class=\"number\">13<\/div>\n<\/p><\/div>\n<div class=\"card-info d-flex\">\n<div>\n<p class=\"cat-title\">Cin\u00e9ma<\/p>\n<h3 class=\"post-title\">Les meilleurs r\u00f4les de l\u2019acteur oscaris\u00e9 Adrien Brody, du Pianiste \u00e0 The Brutalist<\/h3>\n<\/p><\/div>\n<p class=\"date\">\n\t\t\t\t\t\t\t\t\t\t\t\t13 oct 2025\t\t\t\t\t\t\t\t\t\t\t<\/p>\n<\/p><\/div>\n<p>\t\t\t\t\t\t\t\t\t<\/a>\n\t\t\t\t\t\t\t\t<\/div>\n<\/p><\/div>\n<div class=\"col-lg-3\">\n<div class=\"post-card desktop\">\n\t\t\t\t\t\t\t\t\t<a class=\"post-link\" href=\"https:\/\/numero.com\/culture\/cinema\/the-brutalist-adrien-brody-brady-corbet-golden-globes-oscars-2025\/\"><\/p>\n<div class=\"container-img\">\n\t\t\t\t\t\t\t\t\t\t\t<img loading=\"lazy\" decoding=\"async\" width=\"640\" height=\"804\" src=\"\/\/www.w3.org\/2000\/svg'%20viewBox='0%200%20640%20804'%3E%3C\/svg%3E\" class=\"img-fluid\" alt=\"The Brutalist Adrian Brody Golden Globes Oscars 2024 Brady Corbet\" data-lazy-src=\"https:\/\/numero.com\/wp-content\/uploads\/2025\/01\/thumb-the-brutalist-adrian-brody-numero-magazine-768x965.jpg\"><img decoding=\"async\" width=\"640\" height=\"804\" src=\"https:\/\/numero.com\/wp-content\/uploads\/2025\/01\/thumb-the-brutalist-adrian-brody-numero-magazine-768x965.jpg\" class=\"img-fluid\" alt=\"The Brutalist Adrian Brody Golden Globes Oscars 2024 Brady Corbet\" loading=\"lazy\">\t\t\t\t\t\t\t\t\t\t\t<\/p>\n<div class=\"number\">24<\/div>\n<\/p><\/div>\n<div class=\"card-info\">\n<div class=\"meta d-flex justify-content-between\">\n<p class=\"cat-title\">Cin\u00e9ma<\/p>\n<p class=\"date\">\n\t\t\t\t\t\t\t\t\t\t\t\t\t24 f\u00e9v 2025\t\t\t\t\t\t\t\t\t\t\t\t<\/p>\n<\/p><\/div>\n<div class=\"post-title\">The Brutalist avec Adrien Brody : le favori des Oscars dans la tourmente ?<\/div>\n<\/p><\/div>\n<p>\t\t\t\t\t\t\t\t\t<\/a>\n\t\t\t\t\t\t\t\t<\/div>\n<div class=\"post-card mobile\">\n\t\t\t\t\t\t\t\t\t<a class=\"post-link d-flex\" href=\"https:\/\/numero.com\/culture\/cinema\/the-brutalist-adrien-brody-brady-corbet-golden-globes-oscars-2025\/\"><\/p>\n<div class=\"container-img\">\n\t\t\t\t\t\t\t\t\t\t\t<img loading=\"lazy\" decoding=\"async\" width=\"640\" height=\"804\" src=\"\/\/www.w3.org\/2000\/svg'%20viewBox='0%200%20640%20804'%3E%3C\/svg%3E\" class=\"img-fluid\" alt=\"The Brutalist Adrian Brody Golden Globes Oscars 2024 Brady Corbet\" data-lazy-src=\"https:\/\/numero.com\/wp-content\/uploads\/2025\/01\/thumb-the-brutalist-adrian-brody-numero-magazine-768x965.jpg\"><img decoding=\"async\" width=\"640\" height=\"804\" src=\"https:\/\/numero.com\/wp-content\/uploads\/2025\/01\/thumb-the-brutalist-adrian-brody-numero-magazine-768x965.jpg\" class=\"img-fluid\" alt=\"The Brutalist Adrian Brody Golden Globes Oscars 2024 Brady Corbet\" loading=\"lazy\">\t\t\t\t\t\t\t\t\t\t\t<\/p>\n<div class=\"number\">24<\/div>\n<\/p><\/div>\n<div class=\"card-info d-flex\">\n<div>\n<p class=\"cat-title\">Cin\u00e9ma<\/p>\n<h3 class=\"post-title\">The Brutalist avec Adrien Brody : le favori des Oscars dans la tourmente ?<\/h3>\n<\/p><\/div>\n<p class=\"date\">\n\t\t\t\t\t\t\t\t\t\t\t\t24 f\u00e9v 2025\t\t\t\t\t\t\t\t\t\t\t<\/p>\n<\/p><\/div>\n<p>\t\t\t\t\t\t\t\t\t<\/a>\n\t\t\t\t\t\t\t\t<\/div>\n<\/p><\/div>\n<div class=\"col-lg-3\">\n<div class=\"post-card desktop\">\n\t\t\t\t\t\t\t\t\t<a class=\"post-link\" href=\"https:\/\/numero.com\/culture\/cinema\/intelligence-artificielle-oscars-the-brutalist-emilia-perez\/\"><\/p>\n<div class=\"container-img\">\n\t\t\t\t\t\t\t\t\t\t\t<img loading=\"lazy\" decoding=\"async\" width=\"640\" height=\"804\" src=\"\/\/www.w3.org\/2000\/svg'%20viewBox='0%200%20640%20804'%3E%3C\/svg%3E\" class=\"img-fluid\" alt=\"Adrian Brody dans le film The Brutalist (2025) de Brady Corbet. \u00a9 Courtesy of A24. intelligence artificielle cinema\" data-lazy-src=\"https:\/\/numero.com\/wp-content\/uploads\/2025\/01\/thumb-the-brutalist-adrian-brody-intelligence-artificielle-cinema-2-768x965.png\"><img decoding=\"async\" width=\"640\" height=\"804\" src=\"https:\/\/numero.com\/wp-content\/uploads\/2025\/01\/thumb-the-brutalist-adrian-brody-intelligence-artificielle-cinema-2-768x965.png\" class=\"img-fluid\" alt=\"Adrian Brody dans le film The Brutalist (2025) de Brady Corbet. \u00a9 Courtesy of A24. intelligence artificielle cinema\" loading=\"lazy\">\t\t\t\t\t\t\t\t\t\t\t<\/p>\n<div class=\"number\">06<\/div>\n<\/p><\/div>\n<div class=\"card-info\">\n<div class=\"meta d-flex justify-content-between\">\n<p class=\"cat-title\">Cin\u00e9ma<\/p>\n<p class=\"date\">\n\t\t\t\t\t\t\t\t\t\t\t\t\t6 oct 2025\t\t\t\t\t\t\t\t\t\t\t\t<\/p>\n<\/p><\/div>\n<div class=\"post-title\">L\u2019intelligence artificielle a-t-elle d\u00e9j\u00e0 gagn\u00e9 la bataille contre Hollywood ?<\/div>\n<\/p><\/div>\n<p>\t\t\t\t\t\t\t\t\t<\/a>\n\t\t\t\t\t\t\t\t<\/div>\n<div class=\"post-card mobile\">\n\t\t\t\t\t\t\t\t\t<a class=\"post-link d-flex\" href=\"https:\/\/numero.com\/culture\/cinema\/intelligence-artificielle-oscars-the-brutalist-emilia-perez\/\"><\/p>\n<div class=\"container-img\">\n\t\t\t\t\t\t\t\t\t\t\t<img loading=\"lazy\" decoding=\"async\" width=\"640\" height=\"804\" src=\"\/\/www.w3.org\/2000\/svg'%20viewBox='0%200%20640%20804'%3E%3C\/svg%3E\" class=\"img-fluid\" alt=\"Adrian Brody dans le film The Brutalist (2025) de Brady Corbet. \u00a9 Courtesy of A24. intelligence artificielle cinema\" data-lazy-src=\"https:\/\/numero.com\/wp-content\/uploads\/2025\/01\/thumb-the-brutalist-adrian-brody-intelligence-artificielle-cinema-2-768x965.png\"><img decoding=\"async\" width=\"640\" height=\"804\" src=\"https:\/\/numero.com\/wp-content\/uploads\/2025\/01\/thumb-the-brutalist-adrian-brody-intelligence-artificielle-cinema-2-768x965.png\" class=\"img-fluid\" alt=\"Adrian Brody dans le film The Brutalist (2025) de Brady Corbet. \u00a9 Courtesy of A24. intelligence artificielle cinema\" loading=\"lazy\">\t\t\t\t\t\t\t\t\t\t\t<\/p>\n<div class=\"number\">06<\/div>\n<\/p><\/div>\n<div class=\"card-info d-flex\">\n<div>\n<p class=\"cat-title\">Cin\u00e9ma<\/p>\n<h3 class=\"post-title\">L\u2019intelligence artificielle a-t-elle d\u00e9j\u00e0 gagn\u00e9 la bataille contre Hollywood ?<\/h3>\n<\/p><\/div>\n<p class=\"date\">\n\t\t\t\t\t\t\t\t\t\t\t\t6 oct 2025\t\t\t\t\t\t\t\t\t\t\t<\/p>\n<\/p><\/div>\n<p>\t\t\t\t\t\t\t\t\t<\/a>\n\t\t\t\t\t\t\t\t<\/div>\n<\/p><\/div>\n<\/p><\/div>\n<\/p><\/div>\n<\/section>\n<div class=\"padding-bottom-s\">\n<div class=\"ad banner desktop\">\n<div class=\"container\">\n<div class=\"row\">\n            <!-- \/21730003857\/numero-ad-unit\/numero-banner-1 --><\/p>\n<div class=\"ad-responsive\">\n<div id=\"div-gpt-ad-1773673267712-0\" class=\"ads-pub\">\n<p>                        googletag.cmd.push(function () {<br \/>\n                            googletag.display(&#8216;div-gpt-ad-1773673267712-0&#8217;);<br \/>\n                        });<\/p><\/div>\n<\/p><\/div>\n<\/p><\/div>\n<\/p><\/div>\n<\/div><\/div>\n<\/p><\/div>\n","protected":false},"excerpt":{"rendered":"<p>12 12 googletag.cmd.push(function () { googletag.display(&#8216;div-gpt-ad-1773673590069-0&#8217;); }); Lien copi\u00e9 Cin\u00e9ma 12 mai 2026 Pourquoi il faut (re)voir The Brutalist avec Adrien Brody Dans le troisi\u00e8me long-m\u00e9trage de Brady Corbet, Adrien Brody campe un immigr\u00e9 juif hongrois rescap\u00e9 de l\u2019enfer nazi, qui d\u00e9barque \u00e0 New York en 1947. Son histoire incarne une \u00e9pop\u00e9e am\u00e9ricaine d\u00e9ploy\u00e9e sur [&hellip;]<\/p>\n","protected":false},"author":1,"featured_media":0,"comment_status":"open","ping_status":"","sticky":false,"template":"","format":"standard","meta":{"footnotes":""},"categories":[1],"tags":[226,258],"class_list":["post-1930532","post","type-post","status-publish","format-standard","hentry","category-uncategorized","tag-crawlmanager","tag-numero-com"],"_links":{"self":[{"href":"https:\/\/analyse.optim.biz\/index.php?rest_route=\/wp\/v2\/posts\/1930532","targetHints":{"allow":["GET"]}}],"collection":[{"href":"https:\/\/analyse.optim.biz\/index.php?rest_route=\/wp\/v2\/posts"}],"about":[{"href":"https:\/\/analyse.optim.biz\/index.php?rest_route=\/wp\/v2\/types\/post"}],"author":[{"embeddable":true,"href":"https:\/\/analyse.optim.biz\/index.php?rest_route=\/wp\/v2\/users\/1"}],"replies":[{"embeddable":true,"href":"https:\/\/analyse.optim.biz\/index.php?rest_route=%2Fwp%2Fv2%2Fcomments&post=1930532"}],"version-history":[{"count":0,"href":"https:\/\/analyse.optim.biz\/index.php?rest_route=\/wp\/v2\/posts\/1930532\/revisions"}],"wp:attachment":[{"href":"https:\/\/analyse.optim.biz\/index.php?rest_route=%2Fwp%2Fv2%2Fmedia&parent=1930532"}],"wp:term":[{"taxonomy":"category","embeddable":true,"href":"https:\/\/analyse.optim.biz\/index.php?rest_route=%2Fwp%2Fv2%2Fcategories&post=1930532"},{"taxonomy":"post_tag","embeddable":true,"href":"https:\/\/analyse.optim.biz\/index.php?rest_route=%2Fwp%2Fv2%2Ftags&post=1930532"}],"curies":[{"name":"wp","href":"https:\/\/api.w.org\/{rel}","templated":true}]}}