{"id":193042,"date":"2014-11-13T12:12:03","date_gmt":"2014-11-13T09:12:03","guid":{"rendered":"https:\/\/analyse.optim.biz\/?p=193042"},"modified":"2014-11-13T12:12:03","modified_gmt":"2014-11-13T09:12:03","slug":"dezbatere-ponta-iohannis-cum-au-suplinit-lipsa-de-carisma-cei-doi-candidati","status":"publish","type":"post","link":"https:\/\/analyse.optim.biz\/?p=193042","title":{"rendered":"DEZBATERE PONTA-IOHANNIS. Cum au suplinit lipsa de carism\u0103 cei doi candida\u021bi?\u00a0"},"content":{"rendered":"<div class=\"entry data-app-meta data-app-meta-article\" data-embed-base-url-canonical=\"https:\/\/www.digi24.ro\/embed\/stiri\/actualitate\/politica\/dezbatere-ponta-iohannis-cum-au-suplinit-lipsa-de-carisma-cei-doi-candidati-321141\">\n<p data-index=\"1\">\u201e\u00cen mod normal orice staff de campanie, care este al\u0103turi de un candidat \u00een situa\u0163ia candidatului ACL, recomand\u0103 s\u0103 mearg\u0103 la dezbatere. Klaus Iohannis nu are ce pierde pentru c\u0103 modul \u00een care au decurs aceste dou\u0103 s\u0103pt\u0103m\u00e2ni nu arat\u0103 c\u0103 el ar fi pe un val \u015fi c\u0103 \u0219i-ar permite s\u0103 recupereze distan\u0163\u0103 \u00eentre el \u015fi Victor Ponta.<\/p>\n<p data-index=\"2\">Victor Ponta nu \u0163ine nici el s\u0103 aib\u0103 o dezbatere, dar nici nu \u00eei e team\u0103.<strong> Nu are de ce s\u0103 nu accepte \u00eentr-un alt cadru. Ar fi o eroare din partea lui Ponta s\u0103 nu mearg\u0103 la Antena 3. Acolo se uit\u0103 mare parte din aleg\u0103torii s\u0103i. El a avut \u00een aceste dou\u0103 s\u0103pt\u0103m\u00e2ni un singur \u021bel: s\u0103-\u015fi p\u0103streze voturile \u015fi s\u0103 securizeze voturile aleg\u0103torilor lui T\u0103riceanu<\/strong>\u201d, a spus consultantul politic Marian Trifu la Digi24.<\/p>\n<p data-index=\"3\"><strong>C\u00e2t despre temele abordate \u00een cele dou\u0103 dezbateri, acesta a spus c\u0103 nici nu se poate pune problema unor subiecte cu adev\u0103rat relevante.<\/strong> Acest lucru nu este neaparat problema candida\u021bilor, ci mai cu seam\u0103 a electoratului care nu are preg\u0103tirea necesar\u0103. \u201eS\u0103 pui teme cu adev\u0103rat relevante implic\u0103 s\u0103 po\u0163i explica publicului ce \u00eenseamn\u0103 un mandat preziden\u0163ial\u201d, a spus consultantul politic la Digi24.<\/p>\n<p data-index=\"4\"><strong>\u00centotdeauna candidatul trebuie s\u0103 fie preg\u0103tit pentru \u0163ar\u0103 \u015fi nu \u0163ara pentru candidat. \u201eNu po\u0163i face educa\u0163ie cu un \u00eentreg popor \u00een dou\u0103 s\u0103pt\u0103m\u00e2ni \u015fi e \u015fi contraproductiv.<\/strong> Oamenii politici ar trebui s\u0103 fac\u0103 tipul asta de educa\u0163ie \u00een fiecare zi, nu din 4 \u00een 4 ani \u015fi apoi s\u0103 se mire de ce o anumit\u0103 categorie voteaz\u0103 cu un anume candidat pentru c\u0103 e \u015fi vina lor\u201d, a mai spus Marian Trifu la Digi24. \u00a0<\/p>\n<\/div>\n<p> Source URL: https:\/\/www.digi24.ro\/stiri\/actualitate\/politica\/dezbatere-ponta-iohannis-cum-au-suplinit-lipsa-de-carisma-cei-doi-candidati-321141<\/p>\n","protected":false},"excerpt":{"rendered":"<p>\u201e\u00cen mod normal orice staff de campanie, care este al\u0103turi de un candidat \u00een situa\u0163ia candidatului ACL, recomand\u0103 s\u0103 mearg\u0103 la dezbatere. Klaus Iohannis nu are ce pierde pentru c\u0103 modul \u00een care au decurs aceste dou\u0103 s\u0103pt\u0103m\u00e2ni nu arat\u0103 c\u0103 el ar fi pe un val \u015fi c\u0103 \u0219i-ar permite s\u0103 recupereze distan\u0163\u0103 \u00eentre [&hellip;]<\/p>\n","protected":false},"author":1,"featured_media":193043,"comment_status":"open","ping_status":"","sticky":false,"template":"","format":"standard","meta":{"footnotes":""},"categories":[2],"tags":[11],"class_list":["post-193042","post","type-post","status-publish","format-standard","has-post-thumbnail","hentry","category-politics","tag-digi24"],"_links":{"self":[{"href":"https:\/\/analyse.optim.biz\/index.php?rest_route=\/wp\/v2\/posts\/193042","targetHints":{"allow":["GET"]}}],"collection":[{"href":"https:\/\/analyse.optim.biz\/index.php?rest_route=\/wp\/v2\/posts"}],"about":[{"href":"https:\/\/analyse.optim.biz\/index.php?rest_route=\/wp\/v2\/types\/post"}],"author":[{"embeddable":true,"href":"https:\/\/analyse.optim.biz\/index.php?rest_route=\/wp\/v2\/users\/1"}],"replies":[{"embeddable":true,"href":"https:\/\/analyse.optim.biz\/index.php?rest_route=%2Fwp%2Fv2%2Fcomments&post=193042"}],"version-history":[{"count":0,"href":"https:\/\/analyse.optim.biz\/index.php?rest_route=\/wp\/v2\/posts\/193042\/revisions"}],"wp:featuredmedia":[{"embeddable":true,"href":"https:\/\/analyse.optim.biz\/index.php?rest_route=\/wp\/v2\/media\/193043"}],"wp:attachment":[{"href":"https:\/\/analyse.optim.biz\/index.php?rest_route=%2Fwp%2Fv2%2Fmedia&parent=193042"}],"wp:term":[{"taxonomy":"category","embeddable":true,"href":"https:\/\/analyse.optim.biz\/index.php?rest_route=%2Fwp%2Fv2%2Fcategories&post=193042"},{"taxonomy":"post_tag","embeddable":true,"href":"https:\/\/analyse.optim.biz\/index.php?rest_route=%2Fwp%2Fv2%2Ftags&post=193042"}],"curies":[{"name":"wp","href":"https:\/\/api.w.org\/{rel}","templated":true}]}}