{"id":193039,"date":"2014-11-13T12:35:21","date_gmt":"2014-11-13T09:35:21","guid":{"rendered":"https:\/\/analyse.optim.biz\/?p=193039"},"modified":"2014-11-13T12:35:21","modified_gmt":"2014-11-13T09:35:21","slug":"klaus-iohannis-a-explicat-de-ce-nu-i-a-adresat-o-intrebare-lui-victor-ponta-la-dezbaterea-de-la-b1","status":"publish","type":"post","link":"https:\/\/analyse.optim.biz\/?p=193039","title":{"rendered":"Klaus Iohannis a explicat de ce nu i-a adresat o \u00eentrebare lui Victor Ponta la dezbaterea de la B1"},"content":{"rendered":"<div class=\"entry data-app-meta data-app-meta-article\" data-embed-base-url-canonical=\"https:\/\/www.digi24.ro\/embed\/stiri\/actualitate\/politica\/klaus-iohannis-a-explicat-de-ce-nu-i-a-adresat-o-intrebare-lui-victor-ponta-la-dezbaterea-de-la-b1-321177\">\n<p data-index=\"1\"><img decoding=\"async\" src=\"https:\/\/analyse.optim.biz\/wp-content\/uploads\/2024\/09\/y2mxnjqymji3zdezztg1ota3mtkzytzkmg-thumb_.jpg\" data-skip-htmlfix=\"1\" title=\"y2mxnjqymji3zdezztg1ota3mtkzytzkmg-thumb_\"><\/p>\n<p data-index=\"2\">\u00ce<a href=\"https:\/\/www.digi24.ro\/Stiri\/Digi24\/Special\/COTROCENI+2014\/DEZBATERE+Klaus+Iohannis-Victor+Ponta+cea+de-a+doua+confruntare\" target=\"_blank\" data-skip-linkfix=\"1\" rel=\"noopener\">ntrebat, joi, \u00eentr-o conferin\u0163\u0103 de pres\u0103, de ce nu i-a adresat nicio \u00eentrebare lui\u00a0Victor Ponta, \u00een finalul confrunt\u0103rii de miercuri sear\u0103, de la B1 TV, Klaus Iohannis\u00a0a r\u0103spuns<\/a>:<strong>\u00a0\u201eMotiva\u0163ia pentru care nu am pus \u00eentrebarea st\u0103 \u00een picioare, ba chiar ast\u0103zi am primit confirmarea c\u0103 domnul Ponta, \u00een chestiuni esen\u0163iale, minte. La ce s\u0103-i pun o \u00eentrebare?&#8221;, noteaz\u0103 Mediafax.\u00a0<\/strong><\/p>\n<p data-index=\"3\">\u00cen cadrul dezbaterii de miercuri sear\u0103, de la\u00a0B1TV, celor doi candida\u0163i la alegerile preziden\u0163iale, Klaus Iohannis \u015fi Victor Ponta, li s-a cerut s\u0103 \u00ee\u015fi adreseze c\u00e2te o \u00eentrebare.\u00a0&#8220;Eu \u00eemi scot deja r\u0103spunsul, c\u0103 \u015ftiu ce m\u0103 \u00eentreba\u0163i&#8221;, a spus Victor Ponta, imediat ce a aflat c\u0103 Iohannis a fost ales s\u0103 pun\u0103 primul \u00eentrebarea.<\/p>\n<p data-index=\"4\"><strong>Klaus Iohannis a spus c\u0103 nu are ce \u00eentrebare s\u0103 \u00eei pun\u0103 lui Victor Ponta, pentru c\u0103 acesta &#8220;ar suci r\u0103spunsul&#8221;.<\/strong><\/p>\n<p data-index=\"5\">&#8220;Domnul Ponta este ast\u0103zi \u00een mare form\u0103 \u015fi neag\u0103 tot felul de lucruri, vine cu tot felul de neadev\u0103ruri. \u00cen aceast\u0103 situa\u0163ie, ce s\u0103 cred eu c\u0103 mi-ar r\u0103spunde? Eu cred c\u0103 indiferent ce a\u015f putea s\u0103 \u00eel \u00eentreb eu pe domnul Ponta, ar suci un r\u0103spuns care probabil nu ar corespunde realit\u0103\u0163ii. Nu doresc s\u0103 v\u0103 \u00eentreb nimic, domnule Ponta&#8221;, a afirmat Iohannis.<\/p>\n<\/div>\n<p> Source URL: https:\/\/www.digi24.ro\/stiri\/actualitate\/politica\/klaus-iohannis-a-explicat-de-ce-nu-i-a-adresat-o-intrebare-lui-victor-ponta-la-dezbaterea-de-la-b1-321177<\/p>\n","protected":false},"excerpt":{"rendered":"<p>\u00centrebat, joi, \u00eentr-o conferin\u0163\u0103 de pres\u0103, de ce nu i-a adresat nicio \u00eentrebare lui\u00a0Victor Ponta, \u00een finalul confrunt\u0103rii de miercuri sear\u0103, de la B1 TV, Klaus Iohannis\u00a0a r\u0103spuns:\u00a0\u201eMotiva\u0163ia pentru care nu am pus \u00eentrebarea st\u0103 \u00een picioare, ba chiar ast\u0103zi am primit confirmarea c\u0103 domnul Ponta, \u00een chestiuni esen\u0163iale, minte. La ce s\u0103-i pun o [&hellip;]<\/p>\n","protected":false},"author":1,"featured_media":193040,"comment_status":"open","ping_status":"","sticky":false,"template":"","format":"standard","meta":{"footnotes":""},"categories":[2],"tags":[11],"class_list":["post-193039","post","type-post","status-publish","format-standard","has-post-thumbnail","hentry","category-politics","tag-digi24"],"_links":{"self":[{"href":"https:\/\/analyse.optim.biz\/index.php?rest_route=\/wp\/v2\/posts\/193039","targetHints":{"allow":["GET"]}}],"collection":[{"href":"https:\/\/analyse.optim.biz\/index.php?rest_route=\/wp\/v2\/posts"}],"about":[{"href":"https:\/\/analyse.optim.biz\/index.php?rest_route=\/wp\/v2\/types\/post"}],"author":[{"embeddable":true,"href":"https:\/\/analyse.optim.biz\/index.php?rest_route=\/wp\/v2\/users\/1"}],"replies":[{"embeddable":true,"href":"https:\/\/analyse.optim.biz\/index.php?rest_route=%2Fwp%2Fv2%2Fcomments&post=193039"}],"version-history":[{"count":0,"href":"https:\/\/analyse.optim.biz\/index.php?rest_route=\/wp\/v2\/posts\/193039\/revisions"}],"wp:featuredmedia":[{"embeddable":true,"href":"https:\/\/analyse.optim.biz\/index.php?rest_route=\/wp\/v2\/media\/193040"}],"wp:attachment":[{"href":"https:\/\/analyse.optim.biz\/index.php?rest_route=%2Fwp%2Fv2%2Fmedia&parent=193039"}],"wp:term":[{"taxonomy":"category","embeddable":true,"href":"https:\/\/analyse.optim.biz\/index.php?rest_route=%2Fwp%2Fv2%2Fcategories&post=193039"},{"taxonomy":"post_tag","embeddable":true,"href":"https:\/\/analyse.optim.biz\/index.php?rest_route=%2Fwp%2Fv2%2Ftags&post=193039"}],"curies":[{"name":"wp","href":"https:\/\/api.w.org\/{rel}","templated":true}]}}