{"id":1929682,"date":"2026-03-31T02:26:00","date_gmt":"2026-03-30T23:26:00","guid":{"rendered":"https:\/\/analyse.optim.biz\/?p=1929682"},"modified":"2026-03-31T02:26:00","modified_gmt":"2026-03-30T23:26:00","slug":"des-podiums-a-la-rue-quels-escarpins-adopter","status":"publish","type":"post","link":"https:\/\/analyse.optim.biz\/?p=1929682","title":{"rendered":"Des podiums \u00e0 la rue, quels escarpins adopter ?"},"content":{"rendered":"<div class=\"entry-content\">\n<section class=\"single-header padding-top-s\">\n<div class=\"container\">\n<div class=\"row justify-content-between\">\n<div class=\"col-lg-9 col-xl-8\">\n<div class=\"video-container\">\n\t\t\t\t\t\t\t\t\t\t\t\t\t<\/div>\n<div class=\"container-img desktop\">\n                                <img loading=\"lazy\" decoding=\"async\" width=\"640\" height=\"408\" src=\"\/\/www.w3.org\/2000\/svg'%20viewBox='0%200%20640%20408'%3E%3C\/svg%3E\" class=\"img-fluid\" alt=\"les escarpins du d\u00e9fil\u00e9 chanel croisiere 2026-2027\" data-lazy-src=\"https:\/\/numero.com\/wp-content\/uploads\/2026\/05\/push-escarpins-tendance-printemps-ete-2026-chanel-768x490.jpg\"><img decoding=\"async\" width=\"640\" height=\"408\" src=\"https:\/\/numero.com\/wp-content\/uploads\/2026\/05\/push-escarpins-tendance-printemps-ete-2026-chanel-768x490.jpg\" class=\"img-fluid\" alt=\"les escarpins du d\u00e9fil\u00e9 chanel croisiere 2026-2027\" loading=\"lazy\">\t\t\t\t\t\t\t\t<\/p>\n<p class=\"number big\">11<\/p>\n<\/p><\/div>\n<div class=\"container-img mobile\">\n                                <img loading=\"lazy\" decoding=\"async\" width=\"640\" height=\"804\" src=\"\/\/www.w3.org\/2000\/svg'%20viewBox='0%200%20640%20804'%3E%3C\/svg%3E\" class=\"img-fluid\" alt=\"les escarpins du d\u00e9fil\u00e9 dior printemps-ete 2026\" data-lazy-src=\"https:\/\/numero.com\/wp-content\/uploads\/2026\/05\/thumb-escarpins-tendance-printemps-ete-2026-dior-768x965.jpg\"><img decoding=\"async\" width=\"640\" height=\"804\" src=\"https:\/\/numero.com\/wp-content\/uploads\/2026\/05\/thumb-escarpins-tendance-printemps-ete-2026-dior-768x965.jpg\" class=\"img-fluid\" alt=\"les escarpins du d\u00e9fil\u00e9 dior printemps-ete 2026\" loading=\"lazy\">\t\t\t\t\t\t\t\t<\/p>\n<p class=\"number big\">11<\/p>\n<\/p><\/div>\n<\/p><\/div>\n<div class=\"col col-lg-3 col-xl-4 desktop\">\n<div class=\"ad grand-angle desktop\">\n    <!-- \/21730003857\/numero-ad-unit\/numero-grand-angle --><\/p>\n<div class=\"ad-responsive\">\n<div id=\"div-gpt-ad-1773673590069-0\" class=\"ads-pub px-0\">\n<p>                googletag.cmd.push(function () {<br \/>\n                    googletag.display(&#8216;div-gpt-ad-1773673590069-0&#8217;);<br \/>\n                });<\/p><\/div>\n<\/p><\/div>\n<\/div><\/div>\n<\/p><\/div>\n<\/p><\/div>\n<\/section>\n<section class=\"post-content\">\n<div class=\"container\">\n<div class=\"row g-0 justify-content-between\">\n<div class=\"col-lg-9 col-xl-8 padding-top-s\">\n<p class=\"share-widget\" id=\"share-widget\"><img decoding=\"async\" src=\"\/\/www.w3.org\/2000\/svg'%20viewBox='0%200%200%200'%3E%3C\/svg%3E\" alt=\"share-widget\" data-lazy-src=\"https:\/\/numero.com\/wp-content\/themes\/understrap-child-main\/src\/public\/images\/share.svg\"><\/p>\n<p><img decoding=\"async\" src=\"https:\/\/numero.com\/wp-content\/themes\/understrap-child-main\/src\/public\/images\/share.svg\" alt=\"share-widget\"><\/p>\n<div class=\"share-icons\" id=\"share-icons\">\n<p class=\"copy-link\"><img decoding=\"async\" src=\"\/\/www.w3.org\/2000\/svg'%20viewBox='0%200%200%200'%3E%3C\/svg%3E\" alt=\"copy-link\" data-lazy-src=\"https:\/\/numero.com\/wp-content\/themes\/understrap-child-main\/src\/public\/images\/copy-link.svg\"><\/p>\n<p><img decoding=\"async\" src=\"https:\/\/numero.com\/wp-content\/themes\/understrap-child-main\/src\/public\/images\/copy-link.svg\" alt=\"copy-link\"><br \/>\n\t\t\t\t\t\t\t<a href=\"https:\/\/www.facebook.com\/sharer\/sharer.php?u=https:\/\/numero.com\/mode\/notre-selection-descarpins-tendance\/\" class=\"facebook\" target=\"_blank\" rel=\"noopener\"><img decoding=\"async\" src=\"\/\/www.w3.org\/2000\/svg'%20viewBox='0%200%200%200'%3E%3C\/svg%3E\" alt=\"facebook\" data-lazy-src=\"https:\/\/numero.com\/wp-content\/themes\/understrap-child-main\/src\/public\/images\/facebook.svg\"><img decoding=\"async\" src=\"https:\/\/numero.com\/wp-content\/themes\/understrap-child-main\/src\/public\/images\/facebook.svg\" alt=\"facebook\"><\/a><br \/>\n\t\t\t\t\t\t\t<a href=\"https:\/\/twitter.com\/share?url=https:\/\/numero.com\/mode\/notre-selection-descarpins-tendance\/\" class=\"twitter\" target=\"_blank\" rel=\"noopener\"><img decoding=\"async\" src=\"\/\/www.w3.org\/2000\/svg'%20viewBox='0%200%200%200'%3E%3C\/svg%3E\" alt=\"twitter\" data-lazy-src=\"https:\/\/numero.com\/wp-content\/themes\/understrap-child-main\/src\/public\/images\/twitter.svg\"><img decoding=\"async\" src=\"https:\/\/numero.com\/wp-content\/themes\/understrap-child-main\/src\/public\/images\/twitter.svg\" alt=\"twitter\"><\/a>\n\t\t\t\t\t\t<\/div>\n<p>\t\t\t\t\t\t<span class id=\"custom-tooltip\">Lien copi\u00e9<\/span><\/p>\n<div class=\"col-lg-10\">\n<div class=\"meta d-flex justify-content-between align-items-center\">\n<div class=\"cat\">\n\t\t\t\t\t\t\t\t\t<a class=\"cat-title\" href=\"https:\/\/numero.com\/category\/mode\/\">Mode<\/a>\t\t\t\t\t\t\t\t<\/div>\n<p class=\"date\">\n\t\t\t\t\t\t\t\t\t11 mai 2026\t\t\t\t\t\t\t\t<\/p>\n<\/p><\/div>\n<h1>Des podiums \u00e0 la rue, quels escarpins adopter ?<\/h1>\n<div class=\"introduction\">\n<p>Depuis la nuit des temps, l\u2019escarpin incarne le soulier \u00e9l\u00e9gant par excellence. C\u2019est pourquoi <em>Num\u00e9ro, <\/em>fortement inspir\u00e9 par les collections pr\u00e9sent\u00e9es lors de la Fashion Week printemps-\u00e9t\u00e9 2026, a d\u00e9nich\u00e9 les paires les plus d\u00e9sirables de la saison.<\/p>\n<p><em>Les escarpins du d\u00e9fil\u00e9 Chanel Croisi\u00e8re 2026-2027. \u00a9 Stephane Cardinale.<\/em><\/p>\n<\/div>\n<li class=\"credits d-flex\">\n<p>\n\t\t\t\t\t\t\t\t\t\t\tpar\t\t\t\t\t\t\t\t\t\t\t\t\t\t\t\t\t\t\t\t\t\t\t<a href=\"https:\/\/numero.com\/contributor\/la-redaction\/\">La r\u00e9daction<\/a>.\t\t\t\t\t\t\t\t\t\t\t\t\t\t\t\t\t\t\t\t\t<\/p>\n<\/li>\n<div id=\"ads03\" class=\"mobile\">\n<div class=\"ad-wrapper\">\n\t\t\t\t\t\t\t\t\t<!-- \/21730003857\/numero-ad-unit\/numero-interscroller --><\/p>\n<div class=\"ad ad-responsive interscroller-slot\">\n<div id=\"div-gpt-ad-1773673675628-0\" class=\"ads-pub\">\n<p>            googletag.cmd.push(function () {<br \/>\n                googletag.display(&#8216;div-gpt-ad-1773673675628-0&#8217;);<br \/>\n            });<\/p><\/div>\n<\/div><\/div>\n<\/p><\/div>\n<p>\t\t\t\t\t\t\t&lt;!&#8211; <\/p>\n<div class=\"padding-bottom-s\">\n\t\t\t\t\t\t\t\t\t\t\t\t\t\t\t<\/div>\n<p> &#8211;&gt;<\/p>\n<figure class=\"wp-block-gallery has-nested-images columns-default is-cropped wp-block-gallery-3 is-layout-flex wp-block-gallery-is-layout-flex\">\n<figure data-wp-context='{\"imageId\":\"6a0204a3c9101\"}' data-wp-interactive=\"core\/image\" data-wp-key=\"6a0204a3c9101\" class=\"wp-block-image size-large wp-lightbox-container\"><img loading=\"lazy\" decoding=\"async\" width=\"600\" height=\"900\" data-wp-class--hide=\"state.isContentHidden\" data-wp-class--show=\"state.isContentVisible\" data-wp-init=\"callbacks.setButtonStyles\" data-wp-on--click=\"actions.showLightbox\" data-wp-on--load=\"callbacks.setButtonStyles\" data-wp-on-window--resize=\"callbacks.setButtonStyles\" data-id=\"840275\" src=\"\/\/www.w3.org\/2000\/svg'%20viewBox='0%200%20600%20900'%3E%3C\/svg%3E\" alt=\"escarpins du d\u00e9fil\u00e9 maison margiela printemps-\u00e9t\u00e9 2026\" class=\"wp-image-840275\" data-lazy-src=\"https:\/\/numero.com\/wp-content\/uploads\/2026\/05\/escarpins-tendance-printemps-ete-2026-maison-margiela.jpg\"><img loading=\"lazy\" decoding=\"async\" width=\"600\" height=\"900\" data-wp-class--hide=\"state.isContentHidden\" data-wp-class--show=\"state.isContentVisible\" data-wp-init=\"callbacks.setButtonStyles\" data-wp-on--click=\"actions.showLightbox\" data-wp-on--load=\"callbacks.setButtonStyles\" data-wp-on-window--resize=\"callbacks.setButtonStyles\" data-id=\"840275\" src=\"https:\/\/numero.com\/wp-content\/uploads\/2026\/05\/escarpins-tendance-printemps-ete-2026-maison-margiela.jpg\" alt=\"escarpins du d\u00e9fil\u00e9 maison margiela printemps-\u00e9t\u00e9 2026\" class=\"wp-image-840275\"><button class=\"lightbox-trigger\" type=\"button\" aria-haspopup=\"dialog\" aria-label=\"Agrandir\" data-wp-init=\"callbacks.initTriggerButton\" data-wp-on--click=\"actions.showLightbox\" data-wp-style--right=\"state.imageButtonRight\" data-wp-style--top=\"state.imageButtonTop\"><\/p>\n<p>\t\t<\/button><figcaption class=\"wp-element-caption\">Les escarpins du d\u00e9fil\u00e9 Maison Margiela printemps-\u00e9t\u00e9 2026. \u00a9 Peter White.<\/figcaption><\/figure>\n<figure data-wp-context='{\"imageId\":\"6a0204a3c9494\"}' data-wp-interactive=\"core\/image\" data-wp-key=\"6a0204a3c9494\" class=\"wp-block-image size-full wp-lightbox-container\"><img loading=\"lazy\" decoding=\"async\" width=\"600\" height=\"900\" data-wp-class--hide=\"state.isContentHidden\" data-wp-class--show=\"state.isContentVisible\" data-wp-init=\"callbacks.setButtonStyles\" data-wp-on--click=\"actions.showLightbox\" data-wp-on--load=\"callbacks.setButtonStyles\" data-wp-on-window--resize=\"callbacks.setButtonStyles\" data-id=\"840279\" src=\"\/\/www.w3.org\/2000\/svg'%20viewBox='0%200%20600%20900'%3E%3C\/svg%3E\" alt=\"escarpins du d\u00e9fil\u00e9 miu miu printemps-\u00e9t\u00e9 2026\" class=\"wp-image-840279\" data-lazy-src=\"https:\/\/numero.com\/wp-content\/uploads\/2026\/05\/escarpins-tendance-printemps-ete-2026-miumiu.jpg\"><img loading=\"lazy\" decoding=\"async\" width=\"600\" height=\"900\" data-wp-class--hide=\"state.isContentHidden\" data-wp-class--show=\"state.isContentVisible\" data-wp-init=\"callbacks.setButtonStyles\" data-wp-on--click=\"actions.showLightbox\" data-wp-on--load=\"callbacks.setButtonStyles\" data-wp-on-window--resize=\"callbacks.setButtonStyles\" data-id=\"840279\" src=\"https:\/\/numero.com\/wp-content\/uploads\/2026\/05\/escarpins-tendance-printemps-ete-2026-miumiu.jpg\" alt=\"escarpins du d\u00e9fil\u00e9 miu miu printemps-\u00e9t\u00e9 2026\" class=\"wp-image-840279\"><button class=\"lightbox-trigger\" type=\"button\" aria-haspopup=\"dialog\" aria-label=\"Agrandir\" data-wp-init=\"callbacks.initTriggerButton\" data-wp-on--click=\"actions.showLightbox\" data-wp-style--right=\"state.imageButtonRight\" data-wp-style--top=\"state.imageButtonTop\"><\/p>\n<p>\t\t<\/button><figcaption class=\"wp-element-caption\">Les escarpins du d\u00e9fil\u00e9 Miu Miu printemps-\u00e9t\u00e9 2026. \u00a9 Peter White.<\/figcaption><\/figure>\n<\/figure>\n<h2 class=\"wp-block-heading\">L\u2019escarpin, un soulier iconique <\/h2>\n<p>Quoi de plus \u00e9l\u00e9gant, de plus incarn\u00e9, qu\u2019une silhouette par\u00e9e de beaux <strong>escarpins<\/strong> ? Laissant le coup-de-pied apparent, ils \u00e9lancent l\u2019allure et allongent la jambe comme aucun autre soulier n\u2019est capable de le faire.\u00a0Port\u00e9s d\u00e8s le 16e si\u00e8cle par les nobles afin de ne pas se salir les pieds lors de leurs sorties en villes, ils se popularisent lorsque <strong>Catherine de M\u00e9dicis<\/strong> arbore une paire de chaussures \u00e0 talon lors de son mariage en 1533, avant que Louis XIV lui-m\u00eame ne se pavane \u00e0 la cour avec de tels souliers, l\u00e9g\u00e8rement rehauss\u00e9s. \u00a0<\/p>\n<p>Puis il faudra attendre les ann\u00e9es 1920 avant que les escarpins soient \u00e0 nouveau mis sur le devant de la sc\u00e8ne. Devenant ainsi des chaussures uniquement r\u00e9serv\u00e9es aux femmes, ils symbolisent une \u00e9mancipation nouvelle et int\u00e9ressent de plus en plus de cr\u00e9ateurs de renom, \u00e0 l\u2019instar de <a href=\"https:\/\/numero.com\/portrait\/roger-vivier\/\" target=\"_blank\" rel=\"noreferrer noopener\">Roger Vivier<\/a> qui fait na\u00eetre le talon aiguille trente ans plus tard, troquant le talon en bois contre une tige en m\u00e9tal.\u00a0<\/p>\n<p>Adopt\u00e9s par les <em>working girls<\/em> comme par les actrices stars, les escarpins sont alors l\u2019expression d\u2019une certaine forme de pouvoir, oscillant entre affirmation de soi, mais aussi contrainte sociale et \u00e9rotisation de la figure f\u00e9minine. Certains y voient m\u00eame la projection d\u2019un fantasme masculin aliment\u00e9 par certains cr\u00e9ateurs comme <a href=\"https:\/\/numero.com\/portrait\/christian-louboutin\/\" target=\"_blank\" rel=\"noreferrer noopener\">Christian Louboutin<\/a> qui confiait lors d\u2019un entretien avec le <em>Vogue<\/em> britannique il y a quelques ann\u00e9es de cela : \u201c<em>J\u2019essaie de ne jamais oublier que les chaussures doivent aussi plaire aux hommes, je ne vois pas ce qui a de mal \u00e0 \u00e7a<\/em>\u201d.<\/p>\n<p>Bref, aujourd\u2019hui, l\u2019escarpin semble se pr\u00eater \u00e0 d\u2019autres lectures (plus l\u00e9g\u00e8res), bien que sa symbolique demeure sujette \u00e0 d\u00e9bats. De maison en maison, les talons varient ainsi que les couleurs et les mati\u00e8res\u2026 Tour d\u2019horizon des mod\u00e8les tendance.<\/p>\n<h2 class=\"wp-block-heading\">Notre s\u00e9lection d\u2019escarpins pour ce printemps<\/h2>\n<figure data-wp-context='{\"imageId\":\"6a0204a3c99df\"}' data-wp-interactive=\"core\/image\" data-wp-key=\"6a0204a3c99df\" class=\"wp-block-image size-full wp-lightbox-container\"><img loading=\"lazy\" decoding=\"async\" width=\"600\" height=\"900\" data-wp-class--hide=\"state.isContentHidden\" data-wp-class--show=\"state.isContentVisible\" data-wp-init=\"callbacks.setButtonStyles\" data-wp-on--click=\"actions.showLightbox\" data-wp-on--load=\"callbacks.setButtonStyles\" data-wp-on-window--resize=\"callbacks.setButtonStyles\" src=\"\/\/www.w3.org\/2000\/svg'%20viewBox='0%200%20600%20900'%3E%3C\/svg%3E\" alt=\"escarpins du d\u00e9fil\u00e9 balenciaga printemps-\u00e9t\u00e9 2026\" class=\"wp-image-840273\" data-lazy-src=\"https:\/\/numero.com\/wp-content\/uploads\/2026\/05\/escarpins-tendance-printemps-ete-2026-balenciaga.jpg\"><img loading=\"lazy\" decoding=\"async\" width=\"600\" height=\"900\" data-wp-class--hide=\"state.isContentHidden\" data-wp-class--show=\"state.isContentVisible\" data-wp-init=\"callbacks.setButtonStyles\" data-wp-on--click=\"actions.showLightbox\" data-wp-on--load=\"callbacks.setButtonStyles\" data-wp-on-window--resize=\"callbacks.setButtonStyles\" src=\"https:\/\/numero.com\/wp-content\/uploads\/2026\/05\/escarpins-tendance-printemps-ete-2026-balenciaga.jpg\" alt=\"escarpins du d\u00e9fil\u00e9 balenciaga printemps-\u00e9t\u00e9 2026\" class=\"wp-image-840273\"><button class=\"lightbox-trigger\" type=\"button\" aria-haspopup=\"dialog\" aria-label=\"Agrandir\" data-wp-init=\"callbacks.initTriggerButton\" data-wp-on--click=\"actions.showLightbox\" data-wp-style--right=\"state.imageButtonRight\" data-wp-style--top=\"state.imageButtonTop\"><\/p>\n<p>\t\t<\/button><figcaption class=\"wp-element-caption\">Les escarpins du d\u00e9fil\u00e9 Balenciaga printemps-\u00e9t\u00e9 2026. \u00a9 Victor VIRGILE\/Gamma-Rapho.<\/figcaption><\/figure>\n<h3 class=\"wp-block-heading\">L\u2019intemporel stiletto<\/h3>\n<p>Talon compens\u00e9 chez <a href=\"https:\/\/numero.com\/portrait\/maison-margiela\/\" target=\"_blank\" rel=\"noreferrer noopener\">Maison Margiela<\/a>, soulier transparent \u00e0 petit talon chez <strong>Chlo\u00e9<\/strong>, d\u00e9collet\u00e9 plongeant presque jusqu\u2019aux orteils chez <strong>Balenciaga<\/strong>, ou encore mod\u00e8le tress\u00e9 chez <a href=\"https:\/\/numero.com\/portrait\/miuccia-prada\/\" target=\"_blank\" rel=\"noreferrer noopener\">Miuccia Prada<\/a> : sur les podiums, l\u2019escarpin n\u2019a peut-\u00eatre jamais \u00e9t\u00e9 aussi peu classique. Mais qu\u2019en est-il dans la rue ? Tandis que <strong>Christen<\/strong> ose le cuir croco blanc, <strong>Mango<\/strong> propose un basique en cuir chocolat, et <strong>Aeyde<\/strong>, de son c\u00f4t\u00e9, pr\u00f4ne le confort avec des escarpins bas en cuir souple, \u00e0 enfiler presque comme des chaussons.\u00a0<\/p>\n<div class=\"wp-block-columns is-layout-flex wp-container-core-columns-is-layout-9d6595d7 wp-block-columns-is-layout-flex\">\n<div class=\"wp-block-column is-layout-flow wp-block-column-is-layout-flow\">\n<figure data-wp-context='{\"imageId\":\"6a0204a3c9df4\"}' data-wp-interactive=\"core\/image\" data-wp-key=\"6a0204a3c9df4\" class=\"wp-block-image size-full wp-lightbox-container\"><img loading=\"lazy\" decoding=\"async\" width=\"872\" height=\"742\" data-wp-class--hide=\"state.isContentHidden\" data-wp-class--show=\"state.isContentVisible\" data-wp-init=\"callbacks.setButtonStyles\" data-wp-on--click=\"actions.showLightbox\" data-wp-on--load=\"callbacks.setButtonStyles\" data-wp-on-window--resize=\"callbacks.setButtonStyles\" src=\"\/\/www.w3.org\/2000\/svg'%20viewBox='0%200%20872%20742'%3E%3C\/svg%3E\" alt=\"escarpins en cuir croco tendance printemps-ete 2026 christen\" class=\"wp-image-840378\" data-lazy-src=\"https:\/\/numero.com\/wp-content\/uploads\/2026\/05\/escarpins-tendance-printemps-ete2.png\"><img decoding=\"async\" loading=\"lazy\" width=\"872\" height=\"742\" data-wp-class--hide=\"state.isContentHidden\" data-wp-class--show=\"state.isContentVisible\" data-wp-init=\"callbacks.setButtonStyles\" data-wp-on--click=\"actions.showLightbox\" data-wp-on--load=\"callbacks.setButtonStyles\" data-wp-on-window--resize=\"callbacks.setButtonStyles\" src=\"https:\/\/numero.com\/wp-content\/uploads\/2026\/05\/escarpins-tendance-printemps-ete2.png\" alt=\"escarpins en cuir croco tendance printemps-ete 2026 christen\" class=\"wp-image-840378\"><button class=\"lightbox-trigger\" type=\"button\" aria-haspopup=\"dialog\" aria-label=\"Agrandir\" data-wp-init=\"callbacks.initTriggerButton\" data-wp-on--click=\"actions.showLightbox\" data-wp-style--right=\"state.imageButtonRight\" data-wp-style--top=\"state.imageButtonTop\"><\/p>\n<p>\t\t<\/button><\/figure>\n<h3 class=\"wp-block-heading\">Escarpins en cuir, 1 250 \u20ac, Christen. <\/h3>\n<p>Disponibles sur <a href=\"https:\/\/christen.com\/products\/helix-sandal-copy\" target=\"_blank\" rel=\"noreferrer noopener\">christen.com<\/a>.<\/p>\n<\/div>\n<div class=\"wp-block-column is-layout-flow wp-block-column-is-layout-flow\">\n<figure data-wp-context='{\"imageId\":\"6a0204a3ca1d0\"}' data-wp-interactive=\"core\/image\" data-wp-key=\"6a0204a3ca1d0\" class=\"wp-block-image size-full wp-lightbox-container\"><img loading=\"lazy\" decoding=\"async\" width=\"930\" height=\"722\" data-wp-class--hide=\"state.isContentHidden\" data-wp-class--show=\"state.isContentVisible\" data-wp-init=\"callbacks.setButtonStyles\" data-wp-on--click=\"actions.showLightbox\" data-wp-on--load=\"callbacks.setButtonStyles\" data-wp-on-window--resize=\"callbacks.setButtonStyles\" src=\"\/\/www.w3.org\/2000\/svg'%20viewBox='0%200%20930%20722'%3E%3C\/svg%3E\" alt=\"escarpins tendance printemps-ete 2026 mango \" class=\"wp-image-840376\" data-lazy-src=\"https:\/\/numero.com\/wp-content\/uploads\/2026\/05\/escarpins-tendance-printemps-ete1.png\"><img decoding=\"async\" loading=\"lazy\" width=\"930\" height=\"722\" data-wp-class--hide=\"state.isContentHidden\" data-wp-class--show=\"state.isContentVisible\" data-wp-init=\"callbacks.setButtonStyles\" data-wp-on--click=\"actions.showLightbox\" data-wp-on--load=\"callbacks.setButtonStyles\" data-wp-on-window--resize=\"callbacks.setButtonStyles\" src=\"https:\/\/numero.com\/wp-content\/uploads\/2026\/05\/escarpins-tendance-printemps-ete1.png\" alt=\"escarpins tendance printemps-ete 2026 mango \" class=\"wp-image-840376\"><button class=\"lightbox-trigger\" type=\"button\" aria-haspopup=\"dialog\" aria-label=\"Agrandir\" data-wp-init=\"callbacks.initTriggerButton\" data-wp-on--click=\"actions.showLightbox\" data-wp-style--right=\"state.imageButtonRight\" data-wp-style--top=\"state.imageButtonTop\"><\/p>\n<p>\t\t<\/button><\/figure>\n<h3 class=\"wp-block-heading\">Escarpins chocolat, 35,99 \u20ac, Mango. <\/h3>\n<p>Disponibles sur <a href=\"https:\/\/rstyle.me\/+Km2zRXHSOIi7l536AkKFzg\" target=\"_blank\" rel=\"noreferrer noopener\">shop.mango.com<\/a>.<\/p>\n<\/div>\n<\/div>\n<div class=\"wp-block-columns is-layout-flex wp-container-core-columns-is-layout-9d6595d7 wp-block-columns-is-layout-flex\">\n<div class=\"wp-block-column is-layout-flow wp-block-column-is-layout-flow\">\n<figure data-wp-context='{\"imageId\":\"6a0204a3ca639\"}' data-wp-interactive=\"core\/image\" data-wp-key=\"6a0204a3ca639\" class=\"wp-block-image size-large wp-lightbox-container\"><img loading=\"lazy\" decoding=\"async\" width=\"1024\" height=\"824\" data-wp-class--hide=\"state.isContentHidden\" data-wp-class--show=\"state.isContentVisible\" data-wp-init=\"callbacks.setButtonStyles\" data-wp-on--click=\"actions.showLightbox\" data-wp-on--load=\"callbacks.setButtonStyles\" data-wp-on-window--resize=\"callbacks.setButtonStyles\" src=\"\/\/www.w3.org\/2000\/svg'%20viewBox='0%200%201024%20824'%3E%3C\/svg%3E\" alt=\"escarpins en cuir noir tendance printemps-ete 2026 christian louboutin \" class=\"wp-image-840380\" data-lazy-src=\"https:\/\/numero.com\/wp-content\/uploads\/2026\/05\/escarpins-tendance-printemps-ete3-1024x824.png\"><img decoding=\"async\" loading=\"lazy\" width=\"1024\" height=\"824\" data-wp-class--hide=\"state.isContentHidden\" data-wp-class--show=\"state.isContentVisible\" data-wp-init=\"callbacks.setButtonStyles\" data-wp-on--click=\"actions.showLightbox\" data-wp-on--load=\"callbacks.setButtonStyles\" data-wp-on-window--resize=\"callbacks.setButtonStyles\" src=\"https:\/\/numero.com\/wp-content\/uploads\/2026\/05\/escarpins-tendance-printemps-ete3-1024x824.png\" alt=\"escarpins en cuir noir tendance printemps-ete 2026 christian louboutin \" class=\"wp-image-840380\"><button class=\"lightbox-trigger\" type=\"button\" aria-haspopup=\"dialog\" aria-label=\"Agrandir\" data-wp-init=\"callbacks.initTriggerButton\" data-wp-on--click=\"actions.showLightbox\" data-wp-style--right=\"state.imageButtonRight\" data-wp-style--top=\"state.imageButtonTop\"><\/p>\n<p>\t\t<\/button><\/figure>\n<h3 class=\"wp-block-heading\">Escarpins en cuir, 831 \u20ac, Christian Louboutin.<\/h3>\n<p>Disponibles sur <a href=\"https:\/\/rstyle.me\/+jCHGdORlkDNEj1EQNLvU8w\" target=\"_blank\" rel=\"noreferrer noopener\">farfetch.com<\/a>.<\/p>\n<\/div>\n<div class=\"wp-block-column is-layout-flow wp-block-column-is-layout-flow\"><\/div>\n<\/div>\n<hr class=\"wp-block-separator has-alpha-channel-opacity\">\n<figure data-wp-context='{\"imageId\":\"6a0204a3caadf\"}' data-wp-interactive=\"core\/image\" data-wp-key=\"6a0204a3caadf\" class=\"wp-block-image size-full wp-lightbox-container\"><img loading=\"lazy\" decoding=\"async\" width=\"600\" height=\"900\" data-wp-class--hide=\"state.isContentHidden\" data-wp-class--show=\"state.isContentVisible\" data-wp-init=\"callbacks.setButtonStyles\" data-wp-on--click=\"actions.showLightbox\" data-wp-on--load=\"callbacks.setButtonStyles\" data-wp-on-window--resize=\"callbacks.setButtonStyles\" src=\"\/\/www.w3.org\/2000\/svg'%20viewBox='0%200%20600%20900'%3E%3C\/svg%3E\" alt=\"les escarpins du d\u00e9fil\u00e9 valentino printemps-ete 2026\" class=\"wp-image-840305\" data-lazy-src=\"https:\/\/numero.com\/wp-content\/uploads\/2026\/05\/047A_LB_COM_1B_SS26_REG.jpg.jpg\"><img decoding=\"async\" loading=\"lazy\" width=\"600\" height=\"900\" data-wp-class--hide=\"state.isContentHidden\" data-wp-class--show=\"state.isContentVisible\" data-wp-init=\"callbacks.setButtonStyles\" data-wp-on--click=\"actions.showLightbox\" data-wp-on--load=\"callbacks.setButtonStyles\" data-wp-on-window--resize=\"callbacks.setButtonStyles\" src=\"https:\/\/numero.com\/wp-content\/uploads\/2026\/05\/047A_LB_COM_1B_SS26_REG.jpg.jpg\" alt=\"les escarpins du d\u00e9fil\u00e9 valentino printemps-ete 2026\" class=\"wp-image-840305\"><button class=\"lightbox-trigger\" type=\"button\" aria-haspopup=\"dialog\" aria-label=\"Agrandir\" data-wp-init=\"callbacks.initTriggerButton\" data-wp-on--click=\"actions.showLightbox\" data-wp-style--right=\"state.imageButtonRight\" data-wp-style--top=\"state.imageButtonTop\"><\/p>\n<p>\t\t<\/button><figcaption class=\"wp-element-caption\">Les escarpins du d\u00e9fil\u00e9 Valentino printemps-\u00e9t\u00e9 2026. \u00a9 Valentino Garavani.<\/figcaption><\/figure>\n<h3 class=\"wp-block-heading\">L\u2019escarpin \u00e0 l\u2019allure vintage<\/h3>\n<p>Un brin nostalgiques, les <strong>escarpins vintage<\/strong>, aussi bien dans l\u2019allure que dans le design, reviennent en force. Preuve \u00e0 l\u2019appui : <a href=\"https:\/\/numero.com\/portrait\/valentino-garavani\/\">Valen<\/a><a href=\"https:\/\/numero.com\/portrait\/valentino-garavani\/\" target=\"_blank\" rel=\"noreferrer noopener\">t<\/a><a href=\"https:\/\/numero.com\/portrait\/valentino-garavani\/\">ino Garavani<\/a> et ses chaussures en daim habill\u00e9es dont le bout ouvert rappelle les escarpins de nos grands-m\u00e8res, <strong>Jimmy Choo<\/strong> et ses souliers Mary Jane hauts perch\u00e9s, ou encore <strong>Giaborghini<\/strong> et sa paire noire \u00e0 languette, sans oublier <strong>Jude<\/strong> et ses ecarpins en cuir lisse comme tout droits sortis d\u2019une autre \u00e9poque. De son c\u00f4t\u00e9, <strong>Louise Trotter<\/strong> pour <a href=\"https:\/\/numero.com\/portrait\/bottega-veneta\/\" target=\"_blank\" rel=\"noreferrer noopener\">Bottega Veneta<\/a> opte pour son fameux <strong>tressage intrecciato<\/strong> \u00e0 la fois symbole de la maison et manifeste d\u2019un artisanat ancestral.<\/p>\n<div class=\"wp-block-columns is-layout-flex wp-container-core-columns-is-layout-9d6595d7 wp-block-columns-is-layout-flex\">\n<div class=\"wp-block-column is-layout-flow wp-block-column-is-layout-flow\">\n<figure data-wp-context='{\"imageId\":\"6a0204a3caee6\"}' data-wp-interactive=\"core\/image\" data-wp-key=\"6a0204a3caee6\" class=\"wp-block-image size-full wp-lightbox-container\"><img loading=\"lazy\" decoding=\"async\" width=\"1004\" height=\"932\" data-wp-class--hide=\"state.isContentHidden\" data-wp-class--show=\"state.isContentVisible\" data-wp-init=\"callbacks.setButtonStyles\" data-wp-on--click=\"actions.showLightbox\" data-wp-on--load=\"callbacks.setButtonStyles\" data-wp-on-window--resize=\"callbacks.setButtonStyles\" src=\"\/\/www.w3.org\/2000\/svg'%20viewBox='0%200%201004%20932'%3E%3C\/svg%3E\" alt=\"escarpins en daim ouvert devans tendance printemps-ete 2026 valentino\" class=\"wp-image-840403\" data-lazy-src=\"https:\/\/numero.com\/wp-content\/uploads\/2026\/05\/escarpins-tendance-printemps-ete-20262.png\"><img decoding=\"async\" loading=\"lazy\" width=\"1004\" height=\"932\" data-wp-class--hide=\"state.isContentHidden\" data-wp-class--show=\"state.isContentVisible\" data-wp-init=\"callbacks.setButtonStyles\" data-wp-on--click=\"actions.showLightbox\" data-wp-on--load=\"callbacks.setButtonStyles\" data-wp-on-window--resize=\"callbacks.setButtonStyles\" src=\"https:\/\/numero.com\/wp-content\/uploads\/2026\/05\/escarpins-tendance-printemps-ete-20262.png\" alt=\"escarpins en daim ouvert devans tendance printemps-ete 2026 valentino\" class=\"wp-image-840403\"><button class=\"lightbox-trigger\" type=\"button\" aria-haspopup=\"dialog\" aria-label=\"Agrandir\" data-wp-init=\"callbacks.initTriggerButton\" data-wp-on--click=\"actions.showLightbox\" data-wp-style--right=\"state.imageButtonRight\" data-wp-style--top=\"state.imageButtonTop\"><\/p>\n<p>\t\t<\/button><\/figure>\n<h3 class=\"wp-block-heading\">Escarpins en daim, 890 \u20ac, Valentino Garavani. <\/h3>\n<p>Disponibles sur <a href=\"https:\/\/www.valentino.com\/fr-fr\/product-open-toe-r%C3%A9v%C3%A9l%C3%A9-suede-pumps-105mm-WS0PG5UHG_AXG\" target=\"_blank\" rel=\"noreferrer noopener\">valentino.com<\/a>.<\/p>\n<\/div>\n<div class=\"wp-block-column is-layout-flow wp-block-column-is-layout-flow\">\n<figure data-wp-context='{\"imageId\":\"6a0204a3cb2b2\"}' data-wp-interactive=\"core\/image\" data-wp-key=\"6a0204a3cb2b2\" class=\"wp-block-image size-full wp-lightbox-container\"><img loading=\"lazy\" decoding=\"async\" width=\"944\" height=\"840\" data-wp-class--hide=\"state.isContentHidden\" data-wp-class--show=\"state.isContentVisible\" data-wp-init=\"callbacks.setButtonStyles\" data-wp-on--click=\"actions.showLightbox\" data-wp-on--load=\"callbacks.setButtonStyles\" data-wp-on-window--resize=\"callbacks.setButtonStyles\" src=\"\/\/www.w3.org\/2000\/svg'%20viewBox='0%200%20944%20840'%3E%3C\/svg%3E\" alt=\"escarpins en cuir tendance printemps-ete 2026 jude\" class=\"wp-image-840401\" data-lazy-src=\"https:\/\/numero.com\/wp-content\/uploads\/2026\/05\/escarpins-tendance-printemps-ete-20261.png\"><img decoding=\"async\" loading=\"lazy\" width=\"944\" height=\"840\" data-wp-class--hide=\"state.isContentHidden\" data-wp-class--show=\"state.isContentVisible\" data-wp-init=\"callbacks.setButtonStyles\" data-wp-on--click=\"actions.showLightbox\" data-wp-on--load=\"callbacks.setButtonStyles\" data-wp-on-window--resize=\"callbacks.setButtonStyles\" src=\"https:\/\/numero.com\/wp-content\/uploads\/2026\/05\/escarpins-tendance-printemps-ete-20261.png\" alt=\"escarpins en cuir tendance printemps-ete 2026 jude\" class=\"wp-image-840401\"><button class=\"lightbox-trigger\" type=\"button\" aria-haspopup=\"dialog\" aria-label=\"Agrandir\" data-wp-init=\"callbacks.initTriggerButton\" data-wp-on--click=\"actions.showLightbox\" data-wp-style--right=\"state.imageButtonRight\" data-wp-style--top=\"state.imageButtonTop\"><\/p>\n<p>\t\t<\/button><\/figure>\n<h3 class=\"wp-block-heading\">Escarpins en cuir, 490 \u20ac, Jude. <\/h3>\n<p>Disponibles sur <a href=\"https:\/\/thejude.com\/products\/haze-pump-in-ivory-leather\" target=\"_blank\" rel=\"noreferrer noopener\">thejude.com<\/a>.<\/p>\n<\/div>\n<\/div>\n<div class=\"wp-block-columns is-layout-flex wp-container-core-columns-is-layout-9d6595d7 wp-block-columns-is-layout-flex\">\n<div class=\"wp-block-column is-layout-flow wp-block-column-is-layout-flow\">\n<figure data-wp-context='{\"imageId\":\"6a0204a3cb702\"}' data-wp-interactive=\"core\/image\" data-wp-key=\"6a0204a3cb702\" class=\"wp-block-image size-large wp-lightbox-container\"><img loading=\"lazy\" decoding=\"async\" width=\"1024\" height=\"768\" data-wp-class--hide=\"state.isContentHidden\" data-wp-class--show=\"state.isContentVisible\" data-wp-init=\"callbacks.setButtonStyles\" data-wp-on--click=\"actions.showLightbox\" data-wp-on--load=\"callbacks.setButtonStyles\" data-wp-on-window--resize=\"callbacks.setButtonStyles\" src=\"\/\/www.w3.org\/2000\/svg'%20viewBox='0%200%201024%20768'%3E%3C\/svg%3E\" alt=\"escarpins en cuir tresse tendance printemps-ete 2026 bottega veneta\" class=\"wp-image-840405\" data-lazy-src=\"https:\/\/numero.com\/wp-content\/uploads\/2026\/05\/escarpins-tendance-printemps-ete-20263-1024x768.png\"><img decoding=\"async\" loading=\"lazy\" width=\"1024\" height=\"768\" data-wp-class--hide=\"state.isContentHidden\" data-wp-class--show=\"state.isContentVisible\" data-wp-init=\"callbacks.setButtonStyles\" data-wp-on--click=\"actions.showLightbox\" data-wp-on--load=\"callbacks.setButtonStyles\" data-wp-on-window--resize=\"callbacks.setButtonStyles\" src=\"https:\/\/numero.com\/wp-content\/uploads\/2026\/05\/escarpins-tendance-printemps-ete-20263-1024x768.png\" alt=\"escarpins en cuir tresse tendance printemps-ete 2026 bottega veneta\" class=\"wp-image-840405\"><button class=\"lightbox-trigger\" type=\"button\" aria-haspopup=\"dialog\" aria-label=\"Agrandir\" data-wp-init=\"callbacks.initTriggerButton\" data-wp-on--click=\"actions.showLightbox\" data-wp-style--right=\"state.imageButtonRight\" data-wp-style--top=\"state.imageButtonTop\"><\/p>\n<p>\t\t<\/button><\/figure>\n<h3 class=\"wp-block-heading\">Escarpins en cuir tress\u00e9, 1 800 \u20ac, Bottega Veneta. <\/h3>\n<p>Disponibles sur <a href=\"https:\/\/rstyle.me\/+sSzs3Zh3eflkSQTmKXCbUQ\" target=\"_blank\" rel=\"noreferrer noopener\">bottegaveneta.com<\/a>.<\/p>\n<\/div>\n<div class=\"wp-block-column is-layout-flow wp-block-column-is-layout-flow\">\n<figure data-wp-context='{\"imageId\":\"6a0204a3cbac7\"}' data-wp-interactive=\"core\/image\" data-wp-key=\"6a0204a3cbac7\" class=\"wp-block-image size-large wp-lightbox-container\"><img loading=\"lazy\" decoding=\"async\" width=\"1024\" height=\"691\" data-wp-class--hide=\"state.isContentHidden\" data-wp-class--show=\"state.isContentVisible\" data-wp-init=\"callbacks.setButtonStyles\" data-wp-on--click=\"actions.showLightbox\" data-wp-on--load=\"callbacks.setButtonStyles\" data-wp-on-window--resize=\"callbacks.setButtonStyles\" src=\"\/\/www.w3.org\/2000\/svg'%20viewBox='0%200%201024%20691'%3E%3C\/svg%3E\" alt=\"escarpins en cuir noir tendance printemps-ete 2026 giaborghini\" class=\"wp-image-840407\" data-lazy-src=\"https:\/\/numero.com\/wp-content\/uploads\/2026\/05\/escarpins-tendance-printemps-ete-20264-1024x691.png\"><img decoding=\"async\" loading=\"lazy\" width=\"1024\" height=\"691\" data-wp-class--hide=\"state.isContentHidden\" data-wp-class--show=\"state.isContentVisible\" data-wp-init=\"callbacks.setButtonStyles\" data-wp-on--click=\"actions.showLightbox\" data-wp-on--load=\"callbacks.setButtonStyles\" data-wp-on-window--resize=\"callbacks.setButtonStyles\" src=\"https:\/\/numero.com\/wp-content\/uploads\/2026\/05\/escarpins-tendance-printemps-ete-20264-1024x691.png\" alt=\"escarpins en cuir noir tendance printemps-ete 2026 giaborghini\" class=\"wp-image-840407\"><button class=\"lightbox-trigger\" type=\"button\" aria-haspopup=\"dialog\" aria-label=\"Agrandir\" data-wp-init=\"callbacks.initTriggerButton\" data-wp-on--click=\"actions.showLightbox\" data-wp-style--right=\"state.imageButtonRight\" data-wp-style--top=\"state.imageButtonTop\"><\/p>\n<p>\t\t<\/button><\/figure>\n<h3 class=\"wp-block-heading\">Escarpins en cuir, 450 \u20ac, Giaborghini. <\/h3>\n<p>Disponibles sur <a href=\"https:\/\/www.giaborghini.it\/products\/renata-nappa-leather-in-black\" target=\"_blank\" rel=\"noreferrer noopener\">giaborghini.it<\/a>.<\/p>\n<\/div>\n<\/div>\n<div class=\"wp-block-columns is-layout-flex wp-container-core-columns-is-layout-9d6595d7 wp-block-columns-is-layout-flex\">\n<div class=\"wp-block-column is-layout-flow wp-block-column-is-layout-flow\">\n<figure data-wp-context='{\"imageId\":\"6a0204a3cbf1b\"}' data-wp-interactive=\"core\/image\" data-wp-key=\"6a0204a3cbf1b\" class=\"wp-block-image size-large wp-lightbox-container\"><img loading=\"lazy\" decoding=\"async\" width=\"1024\" height=\"803\" data-wp-class--hide=\"state.isContentHidden\" data-wp-class--show=\"state.isContentVisible\" data-wp-init=\"callbacks.setButtonStyles\" data-wp-on--click=\"actions.showLightbox\" data-wp-on--load=\"callbacks.setButtonStyles\" data-wp-on-window--resize=\"callbacks.setButtonStyles\" src=\"\/\/www.w3.org\/2000\/svg'%20viewBox='0%200%201024%20803'%3E%3C\/svg%3E\" alt=\"escarpins en cuir croco tendance printemps-ete 2026 jimmy choo\" class=\"wp-image-840411\" data-lazy-src=\"https:\/\/numero.com\/wp-content\/uploads\/2026\/05\/escarpins-tendance-printemps-ete-20266-1024x803.png\"><img decoding=\"async\" loading=\"lazy\" width=\"1024\" height=\"803\" data-wp-class--hide=\"state.isContentHidden\" data-wp-class--show=\"state.isContentVisible\" data-wp-init=\"callbacks.setButtonStyles\" data-wp-on--click=\"actions.showLightbox\" data-wp-on--load=\"callbacks.setButtonStyles\" data-wp-on-window--resize=\"callbacks.setButtonStyles\" src=\"https:\/\/numero.com\/wp-content\/uploads\/2026\/05\/escarpins-tendance-printemps-ete-20266-1024x803.png\" alt=\"escarpins en cuir croco tendance printemps-ete 2026 jimmy choo\" class=\"wp-image-840411\"><button class=\"lightbox-trigger\" type=\"button\" aria-haspopup=\"dialog\" aria-label=\"Agrandir\" data-wp-init=\"callbacks.initTriggerButton\" data-wp-on--click=\"actions.showLightbox\" data-wp-style--right=\"state.imageButtonRight\" data-wp-style--top=\"state.imageButtonTop\"><\/p>\n<p>\t\t<\/button><\/figure>\n<h3 class=\"wp-block-heading\">Escarpins Mary Jane en cuir, 950 \u20ac, Jimmy Choo. <\/h3>\n<p>Disponibles sur <a href=\"https:\/\/rstyle.me\/+rOitkgdiF450A8rQ88mtFA\" target=\"_blank\" rel=\"noreferrer noopener\">row.jimmychoo.com<\/a>.<\/p>\n<\/div>\n<div class=\"wp-block-column is-layout-flow wp-block-column-is-layout-flow\">\n<figure data-wp-context='{\"imageId\":\"6a0204a3cc2d8\"}' data-wp-interactive=\"core\/image\" data-wp-key=\"6a0204a3cc2d8\" class=\"wp-block-image size-large wp-lightbox-container\"><img loading=\"lazy\" decoding=\"async\" width=\"1024\" height=\"773\" data-wp-class--hide=\"state.isContentHidden\" data-wp-class--show=\"state.isContentVisible\" data-wp-init=\"callbacks.setButtonStyles\" data-wp-on--click=\"actions.showLightbox\" data-wp-on--load=\"callbacks.setButtonStyles\" data-wp-on-window--resize=\"callbacks.setButtonStyles\" src=\"\/\/www.w3.org\/2000\/svg'%20viewBox='0%200%201024%20773'%3E%3C\/svg%3E\" alt=\"escarpins en cuir tresse tendance printemps-ete 2026 miu miu\" class=\"wp-image-840382\" data-lazy-src=\"https:\/\/numero.com\/wp-content\/uploads\/2026\/05\/escarpins-tendance-printemps-ete4-1024x773.png\"><img decoding=\"async\" loading=\"lazy\" width=\"1024\" height=\"773\" data-wp-class--hide=\"state.isContentHidden\" data-wp-class--show=\"state.isContentVisible\" data-wp-init=\"callbacks.setButtonStyles\" data-wp-on--click=\"actions.showLightbox\" data-wp-on--load=\"callbacks.setButtonStyles\" data-wp-on-window--resize=\"callbacks.setButtonStyles\" src=\"https:\/\/numero.com\/wp-content\/uploads\/2026\/05\/escarpins-tendance-printemps-ete4-1024x773.png\" alt=\"escarpins en cuir tresse tendance printemps-ete 2026 miu miu\" class=\"wp-image-840382\"><button class=\"lightbox-trigger\" type=\"button\" aria-haspopup=\"dialog\" aria-label=\"Agrandir\" data-wp-init=\"callbacks.initTriggerButton\" data-wp-on--click=\"actions.showLightbox\" data-wp-style--right=\"state.imageButtonRight\" data-wp-style--top=\"state.imageButtonTop\"><\/p>\n<p>\t\t<\/button><\/figure>\n<h3 class=\"wp-block-heading\">Escarpins en cuir tress\u00e9, 1 400 \u20ac, Miu Miu. <\/h3>\n<p>Disponibles sur <a href=\"https:\/\/www.miumiu.com\/fr\/fr\/p\/escarpins-en-cuir-tresse\/5I654E_3ZN7_F0046_F_A085\" target=\"_blank\" rel=\"noreferrer noopener\">miumiu.com<\/a>.<\/p>\n<\/div>\n<\/div>\n<hr class=\"wp-block-separator has-alpha-channel-opacity\">\n<figure data-wp-context='{\"imageId\":\"6a0204a3cc730\"}' data-wp-interactive=\"core\/image\" data-wp-key=\"6a0204a3cc730\" class=\"wp-block-image size-full wp-lightbox-container\"><img loading=\"lazy\" decoding=\"async\" width=\"600\" height=\"900\" data-wp-class--hide=\"state.isContentHidden\" data-wp-class--show=\"state.isContentVisible\" data-wp-init=\"callbacks.setButtonStyles\" data-wp-on--click=\"actions.showLightbox\" data-wp-on--load=\"callbacks.setButtonStyles\" data-wp-on-window--resize=\"callbacks.setButtonStyles\" src=\"\/\/www.w3.org\/2000\/svg'%20viewBox='0%200%20600%20900'%3E%3C\/svg%3E\" alt=\"les escarpins du d\u00e9fil\u00e9 chanel printemps-ete 2026\" class=\"wp-image-840277\" data-lazy-src=\"https:\/\/numero.com\/wp-content\/uploads\/2026\/05\/escarpins-tendance-printemps-ete-2026-chanel.jpg\"><img decoding=\"async\" loading=\"lazy\" width=\"600\" height=\"900\" data-wp-class--hide=\"state.isContentHidden\" data-wp-class--show=\"state.isContentVisible\" data-wp-init=\"callbacks.setButtonStyles\" data-wp-on--click=\"actions.showLightbox\" data-wp-on--load=\"callbacks.setButtonStyles\" data-wp-on-window--resize=\"callbacks.setButtonStyles\" src=\"https:\/\/numero.com\/wp-content\/uploads\/2026\/05\/escarpins-tendance-printemps-ete-2026-chanel.jpg\" alt=\"les escarpins du d\u00e9fil\u00e9 chanel printemps-ete 2026\" class=\"wp-image-840277\"><button class=\"lightbox-trigger\" type=\"button\" aria-haspopup=\"dialog\" aria-label=\"Agrandir\" data-wp-init=\"callbacks.initTriggerButton\" data-wp-on--click=\"actions.showLightbox\" data-wp-style--right=\"state.imageButtonRight\" data-wp-style--top=\"state.imageButtonTop\"><\/p>\n<p>\t\t<\/button><figcaption class=\"wp-element-caption\">Les escarpins du d\u00e9fil\u00e9 Chanel printemps-\u00e9t\u00e9 2026. \u00a9 Victor VIRGILE\/Gamma-Rapho.<\/figcaption><\/figure>\n<h3 class=\"wp-block-heading\">Talon haut et bout carr\u00e9<\/h3>\n<p>Peu \u00e9tonnant \u00e0 ce que les souliers \u00e0 <strong>bout carr\u00e9<\/strong> de <strong>Chanel<\/strong> se hissent sur le podium des pi\u00e8ces les plus d\u00e9sirables du moment, selon les derni\u00e8res \u00e9tudes Lyst. C\u2019est ainsi que <a href=\"https:\/\/numero.com\/portrait\/matthieu-blazy\/\" target=\"_blank\" rel=\"noreferrer noopener\">Matthieu Blazy<\/a> red\u00e9finit jusqu\u2019aux codes de l\u2019accessoire <a href=\"https:\/\/numero.com\/category\/mode\/\" target=\"_blank\" rel=\"noreferrer noopener\">mode<\/a> avec des escarpins aux lignes minutieuses, que l\u2019on n\u2019aurait pas imagin\u00e9s aussi populaires. Hormis cette p\u00e9pite, notre coup de c\u0153ur absolu revient aux escarpins en cuir ultra souple et au d\u00e9grad\u00e9 comme patin\u00e9 par le temps, sign\u00e9s <strong>Maison Margiela<\/strong>. Un must have.<\/p>\n<div class=\"wp-block-columns is-layout-flex wp-container-core-columns-is-layout-9d6595d7 wp-block-columns-is-layout-flex\">\n<div class=\"wp-block-column is-layout-flow wp-block-column-is-layout-flow\">\n<figure data-wp-context='{\"imageId\":\"6a0204a3ccb20\"}' data-wp-interactive=\"core\/image\" data-wp-key=\"6a0204a3ccb20\" class=\"wp-block-image size-large wp-lightbox-container\"><img loading=\"lazy\" decoding=\"async\" width=\"1024\" height=\"835\" data-wp-class--hide=\"state.isContentHidden\" data-wp-class--show=\"state.isContentVisible\" data-wp-init=\"callbacks.setButtonStyles\" data-wp-on--click=\"actions.showLightbox\" data-wp-on--load=\"callbacks.setButtonStyles\" data-wp-on-window--resize=\"callbacks.setButtonStyles\" src=\"\/\/www.w3.org\/2000\/svg'%20viewBox='0%200%201024%20835'%3E%3C\/svg%3E\" alt=\"escarpins en cuir noir et bout carr\u00e9 tendance printemps-ete 2026 chanel\" class=\"wp-image-840425\" data-lazy-src=\"https:\/\/numero.com\/wp-content\/uploads\/2026\/05\/escarpins-bout-carre-tendance-printemps-ete-20261-1024x835.png\"><img decoding=\"async\" loading=\"lazy\" width=\"1024\" height=\"835\" data-wp-class--hide=\"state.isContentHidden\" data-wp-class--show=\"state.isContentVisible\" data-wp-init=\"callbacks.setButtonStyles\" data-wp-on--click=\"actions.showLightbox\" data-wp-on--load=\"callbacks.setButtonStyles\" data-wp-on-window--resize=\"callbacks.setButtonStyles\" src=\"https:\/\/numero.com\/wp-content\/uploads\/2026\/05\/escarpins-bout-carre-tendance-printemps-ete-20261-1024x835.png\" alt=\"escarpins en cuir noir et bout carr\u00e9 tendance printemps-ete 2026 chanel\" class=\"wp-image-840425\"><button class=\"lightbox-trigger\" type=\"button\" aria-haspopup=\"dialog\" aria-label=\"Agrandir\" data-wp-init=\"callbacks.initTriggerButton\" data-wp-on--click=\"actions.showLightbox\" data-wp-style--right=\"state.imageButtonRight\" data-wp-style--top=\"state.imageButtonTop\"><\/p>\n<p>\t\t<\/button><\/figure>\n<h3 class=\"wp-block-heading\">Escarpins en cuir, 1 300 \u20ac, Chanel. <\/h3>\n<p>Disponibles sur <a href=\"https:\/\/www.chanel.com\/fr\/mode\/p\/G47181B2426394305\/escarpins-veau-embosse-crocodile-veau-verni\/\" target=\"_blank\" rel=\"noreferrer noopener\">chanel.com<\/a>.<\/p>\n<\/div>\n<div class=\"wp-block-column is-layout-flow wp-block-column-is-layout-flow\">\n<figure data-wp-context='{\"imageId\":\"6a0204a3ccefa\"}' data-wp-interactive=\"core\/image\" data-wp-key=\"6a0204a3ccefa\" class=\"wp-block-image size-full wp-lightbox-container\"><img loading=\"lazy\" decoding=\"async\" width=\"992\" height=\"744\" data-wp-class--hide=\"state.isContentHidden\" data-wp-class--show=\"state.isContentVisible\" data-wp-init=\"callbacks.setButtonStyles\" data-wp-on--click=\"actions.showLightbox\" data-wp-on--load=\"callbacks.setButtonStyles\" data-wp-on-window--resize=\"callbacks.setButtonStyles\" src=\"\/\/www.w3.org\/2000\/svg'%20viewBox='0%200%20992%20744'%3E%3C\/svg%3E\" alt=\"escarpins en cuir et bout carr\u00e9 tendance printemps-ete 2026 maison margiela \" class=\"wp-image-840427\" data-lazy-src=\"https:\/\/numero.com\/wp-content\/uploads\/2026\/05\/escarpins-bout-carre-tendance-printemps-ete-20262.png\"><img decoding=\"async\" loading=\"lazy\" width=\"992\" height=\"744\" data-wp-class--hide=\"state.isContentHidden\" data-wp-class--show=\"state.isContentVisible\" data-wp-init=\"callbacks.setButtonStyles\" data-wp-on--click=\"actions.showLightbox\" data-wp-on--load=\"callbacks.setButtonStyles\" data-wp-on-window--resize=\"callbacks.setButtonStyles\" src=\"https:\/\/numero.com\/wp-content\/uploads\/2026\/05\/escarpins-bout-carre-tendance-printemps-ete-20262.png\" alt=\"escarpins en cuir et bout carr\u00e9 tendance printemps-ete 2026 maison margiela \" class=\"wp-image-840427\"><button class=\"lightbox-trigger\" type=\"button\" aria-haspopup=\"dialog\" aria-label=\"Agrandir\" data-wp-init=\"callbacks.initTriggerButton\" data-wp-on--click=\"actions.showLightbox\" data-wp-style--right=\"state.imageButtonRight\" data-wp-style--top=\"state.imageButtonTop\"><\/p>\n<p>\t\t<\/button><\/figure>\n<h3 class=\"wp-block-heading\">Escarpins en cuir, 590 \u20ac, Maison Margiela. <\/h3>\n<p>Disponibles sur <a href=\"https:\/\/rstyle.me\/+e-6aerlDaNH6NL0ml5sU8w\" target=\"_blank\" rel=\"noreferrer noopener\">maisonmargiela.com<\/a>.<\/p>\n<\/div>\n<\/div>\n<div class=\"wp-block-columns is-layout-flex wp-container-core-columns-is-layout-9d6595d7 wp-block-columns-is-layout-flex\">\n<div class=\"wp-block-column is-layout-flow wp-block-column-is-layout-flow\">\n<figure data-wp-context='{\"imageId\":\"6a0204a3cd34c\"}' data-wp-interactive=\"core\/image\" data-wp-key=\"6a0204a3cd34c\" class=\"wp-block-image size-full wp-lightbox-container\"><img loading=\"lazy\" decoding=\"async\" width=\"940\" height=\"758\" data-wp-class--hide=\"state.isContentHidden\" data-wp-class--show=\"state.isContentVisible\" data-wp-init=\"callbacks.setButtonStyles\" data-wp-on--click=\"actions.showLightbox\" data-wp-on--load=\"callbacks.setButtonStyles\" data-wp-on-window--resize=\"callbacks.setButtonStyles\" src=\"\/\/www.w3.org\/2000\/svg'%20viewBox='0%200%20940%20758'%3E%3C\/svg%3E\" alt=\"escarpins en cuir noir et bout carr\u00e9 tendance printemps-ete 2026 h&amp;m\" class=\"wp-image-840429\" data-lazy-src=\"https:\/\/numero.com\/wp-content\/uploads\/2026\/05\/escarpins-bout-carre-tendance-printemps-ete-20263.png\"><img decoding=\"async\" loading=\"lazy\" width=\"940\" height=\"758\" data-wp-class--hide=\"state.isContentHidden\" data-wp-class--show=\"state.isContentVisible\" data-wp-init=\"callbacks.setButtonStyles\" data-wp-on--click=\"actions.showLightbox\" data-wp-on--load=\"callbacks.setButtonStyles\" data-wp-on-window--resize=\"callbacks.setButtonStyles\" src=\"https:\/\/numero.com\/wp-content\/uploads\/2026\/05\/escarpins-bout-carre-tendance-printemps-ete-20263.png\" alt=\"escarpins en cuir noir et bout carr\u00e9 tendance printemps-ete 2026 h&amp;m\" class=\"wp-image-840429\"><button class=\"lightbox-trigger\" type=\"button\" aria-haspopup=\"dialog\" aria-label=\"Agrandir\" data-wp-init=\"callbacks.initTriggerButton\" data-wp-on--click=\"actions.showLightbox\" data-wp-style--right=\"state.imageButtonRight\" data-wp-style--top=\"state.imageButtonTop\"><\/p>\n<p>\t\t<\/button><\/figure>\n<h3 class=\"wp-block-heading\">Escarpins en cuir, 41,99 \u20ac, H&amp;M. <\/h3>\n<p>Disponibles sur <a href=\"https:\/\/rstyle.me\/+NjTkJEaXQ08P1WBscae48w\" target=\"_blank\" rel=\"noreferrer noopener\">www2.hm.com<\/a>.<\/p>\n<\/div>\n<div class=\"wp-block-column is-layout-flow wp-block-column-is-layout-flow\">\n<figure data-wp-context='{\"imageId\":\"6a0204a3cd716\"}' data-wp-interactive=\"core\/image\" data-wp-key=\"6a0204a3cd716\" class=\"wp-block-image size-large wp-lightbox-container\"><img loading=\"lazy\" decoding=\"async\" width=\"1024\" height=\"791\" data-wp-class--hide=\"state.isContentHidden\" data-wp-class--show=\"state.isContentVisible\" data-wp-init=\"callbacks.setButtonStyles\" data-wp-on--click=\"actions.showLightbox\" data-wp-on--load=\"callbacks.setButtonStyles\" data-wp-on-window--resize=\"callbacks.setButtonStyles\" src=\"\/\/www.w3.org\/2000\/svg'%20viewBox='0%200%201024%20791'%3E%3C\/svg%3E\" alt=\"escarpins en cuir noir et bout carr\u00e9 tendance printemps-ete 2026 arket\" class=\"wp-image-840431\" data-lazy-src=\"https:\/\/numero.com\/wp-content\/uploads\/2026\/05\/escarpins-bout-carre-tendance-printemps-ete-20264-1024x791.png\"><img decoding=\"async\" loading=\"lazy\" width=\"1024\" height=\"791\" data-wp-class--hide=\"state.isContentHidden\" data-wp-class--show=\"state.isContentVisible\" data-wp-init=\"callbacks.setButtonStyles\" data-wp-on--click=\"actions.showLightbox\" data-wp-on--load=\"callbacks.setButtonStyles\" data-wp-on-window--resize=\"callbacks.setButtonStyles\" src=\"https:\/\/numero.com\/wp-content\/uploads\/2026\/05\/escarpins-bout-carre-tendance-printemps-ete-20264-1024x791.png\" alt=\"escarpins en cuir noir et bout carr\u00e9 tendance printemps-ete 2026 arket\" class=\"wp-image-840431\"><button class=\"lightbox-trigger\" type=\"button\" aria-haspopup=\"dialog\" aria-label=\"Agrandir\" data-wp-init=\"callbacks.initTriggerButton\" data-wp-on--click=\"actions.showLightbox\" data-wp-style--right=\"state.imageButtonRight\" data-wp-style--top=\"state.imageButtonTop\"><\/p>\n<p>\t\t<\/button><\/figure>\n<h3 class=\"wp-block-heading\">Escarpins en cuir, 229 \u20ac, Arket. <\/h3>\n<p>Disponibles sur <a href=\"https:\/\/rstyle.me\/+JR39Zm7GT1VhH3dGagX2xQ\" target=\"_blank\" rel=\"noreferrer noopener\">arket.com<\/a>.<\/p>\n<\/div>\n<\/div>\n<hr class=\"wp-block-separator has-alpha-channel-opacity\">\n<figure data-wp-context='{\"imageId\":\"6a0204a3cdb73\"}' data-wp-interactive=\"core\/image\" data-wp-key=\"6a0204a3cdb73\" class=\"wp-block-image size-full wp-lightbox-container\"><img loading=\"lazy\" decoding=\"async\" width=\"600\" height=\"900\" data-wp-class--hide=\"state.isContentHidden\" data-wp-class--show=\"state.isContentVisible\" data-wp-init=\"callbacks.setButtonStyles\" data-wp-on--click=\"actions.showLightbox\" data-wp-on--load=\"callbacks.setButtonStyles\" data-wp-on-window--resize=\"callbacks.setButtonStyles\" src=\"\/\/www.w3.org\/2000\/svg'%20viewBox='0%200%20600%20900'%3E%3C\/svg%3E\" alt=\"les escarpins du d\u00e9fil\u00e9 dior printemps-ete 2026\" class=\"wp-image-840287\" data-lazy-src=\"https:\/\/numero.com\/wp-content\/uploads\/2026\/05\/escarpins-tendance-printemps-ete-2026-dior.jpg\"><img decoding=\"async\" loading=\"lazy\" width=\"600\" height=\"900\" data-wp-class--hide=\"state.isContentHidden\" data-wp-class--show=\"state.isContentVisible\" data-wp-init=\"callbacks.setButtonStyles\" data-wp-on--click=\"actions.showLightbox\" data-wp-on--load=\"callbacks.setButtonStyles\" data-wp-on-window--resize=\"callbacks.setButtonStyles\" src=\"https:\/\/numero.com\/wp-content\/uploads\/2026\/05\/escarpins-tendance-printemps-ete-2026-dior.jpg\" alt=\"les escarpins du d\u00e9fil\u00e9 dior printemps-ete 2026\" class=\"wp-image-840287\"><button class=\"lightbox-trigger\" type=\"button\" aria-haspopup=\"dialog\" aria-label=\"Agrandir\" data-wp-init=\"callbacks.initTriggerButton\" data-wp-on--click=\"actions.showLightbox\" data-wp-style--right=\"state.imageButtonRight\" data-wp-style--top=\"state.imageButtonTop\"><\/p>\n<p>\t\t<\/button><figcaption class=\"wp-element-caption\">Les escarpins du d\u00e9fil\u00e9 Dior printemps-\u00e9t\u00e9 2026. \u00a9 Peter White.<\/figcaption><\/figure>\n<h3 class=\"wp-block-heading\">L\u2019escarpin bijou<\/h3>\n<p>Enfin, le soulier <strong>Dior<\/strong>, d\u00e9voil\u00e9 lors du <a href=\"https:\/\/numero.com\/mode\/fashion-week\/le-premier-defile-dior-femme-printemps-ete-2026-de-jonathan-anderson\/\" target=\"_blank\" rel=\"noreferrer noopener\">d\u00e9fil\u00e9 printemps-\u00e9t\u00e9 2026<\/a> cristallise ce que l\u2019on pourrait appeler l\u2019<strong>escarpin bijou<\/strong>. Par\u00e9 des initiales du grand couturier, il d\u00e9gage une certaine forme de minimalisme ostentatoire absolument s\u00e9duisante. Chez <a href=\"https:\/\/numero.com\/portrait\/versace\/\" target=\"_blank\" rel=\"noreferrer noopener\">Versace<\/a>, cette tendance se dessine \u00e9galement lors du premier \u2013 et unique \u2013 d\u00e9fil\u00e9 de <strong>Dario Vitale <\/strong>pour la maison italienne. Quant \u00e0 la cr\u00e9atrice <strong>Amina Muaddi<\/strong>, elle use d\u2019un bijou en cristal cons\u00e9quent pos\u00e9 \u00e0 l\u2019avant de la chaussure, \u00e0 l\u2019instar de <strong>Manolo Blahnik<\/strong>, qui imagine des escarpins rehauss\u00e9s d\u2019une \u00e9toile \u00e9tincelante, fa\u00e7on Cendrillon.\u00a0<\/p>\n<div class=\"wp-block-columns is-layout-flex wp-container-core-columns-is-layout-9d6595d7 wp-block-columns-is-layout-flex\">\n<div class=\"wp-block-column is-layout-flow wp-block-column-is-layout-flow\">\n<figure data-wp-context='{\"imageId\":\"6a0204a3cdf77\"}' data-wp-interactive=\"core\/image\" data-wp-key=\"6a0204a3cdf77\" class=\"wp-block-image size-large wp-lightbox-container\"><img loading=\"lazy\" decoding=\"async\" width=\"661\" height=\"1024\" data-wp-class--hide=\"state.isContentHidden\" data-wp-class--show=\"state.isContentVisible\" data-wp-init=\"callbacks.setButtonStyles\" data-wp-on--click=\"actions.showLightbox\" data-wp-on--load=\"callbacks.setButtonStyles\" data-wp-on-window--resize=\"callbacks.setButtonStyles\" src=\"\/\/www.w3.org\/2000\/svg'%20viewBox='0%200%20661%201024'%3E%3C\/svg%3E\" alt=\"escarpins en cuir blanc avec strass tendance printemps-ete 2026 amina muaddi \" class=\"wp-image-840457\" data-lazy-src=\"https:\/\/numero.com\/wp-content\/uploads\/2026\/05\/escarpins-bijou-tendance-printemps-ete-20266-661x1024.png\"><img decoding=\"async\" loading=\"lazy\" width=\"661\" height=\"1024\" data-wp-class--hide=\"state.isContentHidden\" data-wp-class--show=\"state.isContentVisible\" data-wp-init=\"callbacks.setButtonStyles\" data-wp-on--click=\"actions.showLightbox\" data-wp-on--load=\"callbacks.setButtonStyles\" data-wp-on-window--resize=\"callbacks.setButtonStyles\" src=\"https:\/\/numero.com\/wp-content\/uploads\/2026\/05\/escarpins-bijou-tendance-printemps-ete-20266-661x1024.png\" alt=\"escarpins en cuir blanc avec strass tendance printemps-ete 2026 amina muaddi \" class=\"wp-image-840457\"><button class=\"lightbox-trigger\" type=\"button\" aria-haspopup=\"dialog\" aria-label=\"Agrandir\" data-wp-init=\"callbacks.initTriggerButton\" data-wp-on--click=\"actions.showLightbox\" data-wp-style--right=\"state.imageButtonRight\" data-wp-style--top=\"state.imageButtonTop\"><\/p>\n<p>\t\t<\/button><\/figure>\n<h3 class=\"wp-block-heading\">Escarpins en cuir, 1 050 \u20ac, Amina Muaddi. <\/h3>\n<p>Disponible sur <a href=\"https:\/\/www.aminamuaddi.com\/products\/camelia-pump-90-white-nappa\" target=\"_blank\" rel=\"noreferrer noopener\">aminamuaddi.com<\/a>.<\/p>\n<\/div>\n<div class=\"wp-block-column is-layout-flow wp-block-column-is-layout-flow\">\n<figure data-wp-context='{\"imageId\":\"6a0204a3ce338\"}' data-wp-interactive=\"core\/image\" data-wp-key=\"6a0204a3ce338\" class=\"wp-block-image size-large wp-lightbox-container\"><img loading=\"lazy\" decoding=\"async\" width=\"719\" height=\"1024\" data-wp-class--hide=\"state.isContentHidden\" data-wp-class--show=\"state.isContentVisible\" data-wp-init=\"callbacks.setButtonStyles\" data-wp-on--click=\"actions.showLightbox\" data-wp-on--load=\"callbacks.setButtonStyles\" data-wp-on-window--resize=\"callbacks.setButtonStyles\" src=\"\/\/www.w3.org\/2000\/svg'%20viewBox='0%200%20719%201024'%3E%3C\/svg%3E\" alt=\"escarpins en cuir avec initiales CD en m\u00e9tal dor\u00e9 tendance printemps-ete 2026 dior \" class=\"wp-image-840455\" data-lazy-src=\"https:\/\/numero.com\/wp-content\/uploads\/2026\/05\/escarpins-bijou-tendance-printemps-ete-20264-719x1024.png\"><img decoding=\"async\" loading=\"lazy\" width=\"719\" height=\"1024\" data-wp-class--hide=\"state.isContentHidden\" data-wp-class--show=\"state.isContentVisible\" data-wp-init=\"callbacks.setButtonStyles\" data-wp-on--click=\"actions.showLightbox\" data-wp-on--load=\"callbacks.setButtonStyles\" data-wp-on-window--resize=\"callbacks.setButtonStyles\" src=\"https:\/\/numero.com\/wp-content\/uploads\/2026\/05\/escarpins-bijou-tendance-printemps-ete-20264-719x1024.png\" alt=\"escarpins en cuir avec initiales CD en m\u00e9tal dor\u00e9 tendance printemps-ete 2026 dior \" class=\"wp-image-840455\"><button class=\"lightbox-trigger\" type=\"button\" aria-haspopup=\"dialog\" aria-label=\"Agrandir\" data-wp-init=\"callbacks.initTriggerButton\" data-wp-on--click=\"actions.showLightbox\" data-wp-style--right=\"state.imageButtonRight\" data-wp-style--top=\"state.imageButtonTop\"><\/p>\n<p>\t\t<\/button><\/figure>\n<h3 class=\"wp-block-heading\">Escarpins en cuir \u00e0 initiales en m\u00e9tal, 950 \u20ac, Dior. <\/h3>\n<p>Disponibles sur <a href=\"https:\/\/www.dior.com\/fr_fr\/fashion\/products\/KCV605LAB_S23T\" target=\"_blank\" rel=\"noreferrer noopener\">dior.com<\/a>.<\/p>\n<\/div>\n<\/div>\n<div class=\"wp-block-columns is-layout-flex wp-container-core-columns-is-layout-9d6595d7 wp-block-columns-is-layout-flex\">\n<div class=\"wp-block-column is-layout-flow wp-block-column-is-layout-flow\">\n<figure data-wp-context='{\"imageId\":\"6a0204a3ce77b\"}' data-wp-interactive=\"core\/image\" data-wp-key=\"6a0204a3ce77b\" class=\"wp-block-image size-full wp-lightbox-container\"><img loading=\"lazy\" decoding=\"async\" width=\"836\" height=\"784\" data-wp-class--hide=\"state.isContentHidden\" data-wp-class--show=\"state.isContentVisible\" data-wp-init=\"callbacks.setButtonStyles\" data-wp-on--click=\"actions.showLightbox\" data-wp-on--load=\"callbacks.setButtonStyles\" data-wp-on-window--resize=\"callbacks.setButtonStyles\" src=\"\/\/www.w3.org\/2000\/svg'%20viewBox='0%200%20836%20784'%3E%3C\/svg%3E\" alt=\"escarpins en cuir noir la medusa tendance printemps-ete 2026 versace\" class=\"wp-image-840459\" data-lazy-src=\"https:\/\/numero.com\/wp-content\/uploads\/2026\/05\/escarpins-bijou-tendance-printemps-ete-20262.png\"><img decoding=\"async\" loading=\"lazy\" width=\"836\" height=\"784\" data-wp-class--hide=\"state.isContentHidden\" data-wp-class--show=\"state.isContentVisible\" data-wp-init=\"callbacks.setButtonStyles\" data-wp-on--click=\"actions.showLightbox\" data-wp-on--load=\"callbacks.setButtonStyles\" data-wp-on-window--resize=\"callbacks.setButtonStyles\" src=\"https:\/\/numero.com\/wp-content\/uploads\/2026\/05\/escarpins-bijou-tendance-printemps-ete-20262.png\" alt=\"escarpins en cuir noir la medusa tendance printemps-ete 2026 versace\" class=\"wp-image-840459\"><button class=\"lightbox-trigger\" type=\"button\" aria-haspopup=\"dialog\" aria-label=\"Agrandir\" data-wp-init=\"callbacks.initTriggerButton\" data-wp-on--click=\"actions.showLightbox\" data-wp-style--right=\"state.imageButtonRight\" data-wp-style--top=\"state.imageButtonTop\"><\/p>\n<p>\t\t<\/button><\/figure>\n<h3 class=\"wp-block-heading\">Escarpins en cuir La Medusa, 850 \u20ac, Versace. <\/h3>\n<p>Disponibles sur <a href=\"https:\/\/rstyle.me\/+h1_Ac9AyUo1DRCkx24YCnQ\" target=\"_blank\" rel=\"noreferrer noopener\">versace.com<\/a>.<\/p>\n<\/div>\n<div class=\"wp-block-column is-layout-flow wp-block-column-is-layout-flow\">\n<figure data-wp-context='{\"imageId\":\"6a0204a3ceb3b\"}' data-wp-interactive=\"core\/image\" data-wp-key=\"6a0204a3ceb3b\" class=\"wp-block-image size-large wp-lightbox-container\"><img loading=\"lazy\" decoding=\"async\" width=\"1024\" height=\"920\" data-wp-class--hide=\"state.isContentHidden\" data-wp-class--show=\"state.isContentVisible\" data-wp-init=\"callbacks.setButtonStyles\" data-wp-on--click=\"actions.showLightbox\" data-wp-on--load=\"callbacks.setButtonStyles\" data-wp-on-window--resize=\"callbacks.setButtonStyles\" src=\"\/\/www.w3.org\/2000\/svg'%20viewBox='0%200%201024%20920'%3E%3C\/svg%3E\" alt=\"escarpins en satin bleu et strass tendance printemps-ete 2026 manolo blahnik\" class=\"wp-image-840461\" data-lazy-src=\"https:\/\/numero.com\/wp-content\/uploads\/2026\/05\/escarpins-bijou-tendance-printemps-ete-20263-1024x920.png\"><img decoding=\"async\" loading=\"lazy\" width=\"1024\" height=\"920\" data-wp-class--hide=\"state.isContentHidden\" data-wp-class--show=\"state.isContentVisible\" data-wp-init=\"callbacks.setButtonStyles\" data-wp-on--click=\"actions.showLightbox\" data-wp-on--load=\"callbacks.setButtonStyles\" data-wp-on-window--resize=\"callbacks.setButtonStyles\" src=\"https:\/\/numero.com\/wp-content\/uploads\/2026\/05\/escarpins-bijou-tendance-printemps-ete-20263-1024x920.png\" alt=\"escarpins en satin bleu et strass tendance printemps-ete 2026 manolo blahnik\" class=\"wp-image-840461\"><button class=\"lightbox-trigger\" type=\"button\" aria-haspopup=\"dialog\" aria-label=\"Agrandir\" data-wp-init=\"callbacks.initTriggerButton\" data-wp-on--click=\"actions.showLightbox\" data-wp-style--right=\"state.imageButtonRight\" data-wp-style--top=\"state.imageButtonTop\"><\/p>\n<p>\t\t<\/button><\/figure>\n<h3 class=\"wp-block-heading\">Escarpins en satin, 1 195 \u20ac, Manolo Blahnik. <\/h3>\n<p>Disponibles sur <a href=\"https:\/\/www.manoloblahnik.com\/int\/ronconanu-99964.html\" target=\"_blank\" rel=\"noreferrer noopener\">manoloblahnik.com<\/a>.<\/p>\n<\/div>\n<\/div>\n<div class=\"wp-block-columns is-layout-flex wp-container-core-columns-is-layout-9d6595d7 wp-block-columns-is-layout-flex\">\n<div class=\"wp-block-column is-layout-flow wp-block-column-is-layout-flow\">\n<figure data-wp-context='{\"imageId\":\"6a0204a3cef99\"}' data-wp-interactive=\"core\/image\" data-wp-key=\"6a0204a3cef99\" class=\"wp-block-image size-full wp-lightbox-container\"><img loading=\"lazy\" decoding=\"async\" width=\"888\" height=\"786\" data-wp-class--hide=\"state.isContentHidden\" data-wp-class--show=\"state.isContentVisible\" data-wp-init=\"callbacks.setButtonStyles\" data-wp-on--click=\"actions.showLightbox\" data-wp-on--load=\"callbacks.setButtonStyles\" data-wp-on-window--resize=\"callbacks.setButtonStyles\" src=\"\/\/www.w3.org\/2000\/svg'%20viewBox='0%200%20888%20786'%3E%3C\/svg%3E\" alt=\"escarpins en velours noir et strass tendance printemps-ete 2026 ren\u00e9 caovilla\" class=\"wp-image-840465\" data-lazy-src=\"https:\/\/numero.com\/wp-content\/uploads\/2026\/05\/escarpins-bijou-tendance-printemps-ete-20261.png\"><img decoding=\"async\" loading=\"lazy\" width=\"888\" height=\"786\" data-wp-class--hide=\"state.isContentHidden\" data-wp-class--show=\"state.isContentVisible\" data-wp-init=\"callbacks.setButtonStyles\" data-wp-on--click=\"actions.showLightbox\" data-wp-on--load=\"callbacks.setButtonStyles\" data-wp-on-window--resize=\"callbacks.setButtonStyles\" src=\"https:\/\/numero.com\/wp-content\/uploads\/2026\/05\/escarpins-bijou-tendance-printemps-ete-20261.png\" alt=\"escarpins en velours noir et strass tendance printemps-ete 2026 ren\u00e9 caovilla\" class=\"wp-image-840465\"><button class=\"lightbox-trigger\" type=\"button\" aria-haspopup=\"dialog\" aria-label=\"Agrandir\" data-wp-init=\"callbacks.initTriggerButton\" data-wp-on--click=\"actions.showLightbox\" data-wp-style--right=\"state.imageButtonRight\" data-wp-style--top=\"state.imageButtonTop\"><\/p>\n<p>\t\t<\/button><\/figure>\n<h3 class=\"wp-block-heading\">Escarpins en velours et \u00e0 strass, 1 230 \u20ac, Ren\u00e9 Caovilla. <\/h3>\n<p>Disponibles sur <a href=\"https:\/\/www.renecaovilla.com\/fr\/fr\/chaussures\/escarpins\/escarpin-onda-velours-noir-100-noir-C12548VL01100V065.html\" target=\"_blank\" rel=\"noreferrer noopener\">renecaovilla.com<\/a>.<\/p>\n<\/div>\n<div class=\"wp-block-column is-layout-flow wp-block-column-is-layout-flow\">\n<figure data-wp-context='{\"imageId\":\"6a0204a3cf35f\"}' data-wp-interactive=\"core\/image\" data-wp-key=\"6a0204a3cf35f\" class=\"wp-block-image size-large wp-lightbox-container\"><img loading=\"lazy\" decoding=\"async\" width=\"1024\" height=\"787\" data-wp-class--hide=\"state.isContentHidden\" data-wp-class--show=\"state.isContentVisible\" data-wp-init=\"callbacks.setButtonStyles\" data-wp-on--click=\"actions.showLightbox\" data-wp-on--load=\"callbacks.setButtonStyles\" data-wp-on-window--resize=\"callbacks.setButtonStyles\" src=\"\/\/www.w3.org\/2000\/svg'%20viewBox='0%200%201024%20787'%3E%3C\/svg%3E\" alt=\"escarpins en cuir verni et ceintures tendance printemps-ete 2026 ferragamo\" class=\"wp-image-840463\" data-lazy-src=\"https:\/\/numero.com\/wp-content\/uploads\/2026\/05\/escarpins-bijou-tendance-printemps-ete-20265-1024x787.png\"><img decoding=\"async\" loading=\"lazy\" width=\"1024\" height=\"787\" data-wp-class--hide=\"state.isContentHidden\" data-wp-class--show=\"state.isContentVisible\" data-wp-init=\"callbacks.setButtonStyles\" data-wp-on--click=\"actions.showLightbox\" data-wp-on--load=\"callbacks.setButtonStyles\" data-wp-on-window--resize=\"callbacks.setButtonStyles\" src=\"https:\/\/numero.com\/wp-content\/uploads\/2026\/05\/escarpins-bijou-tendance-printemps-ete-20265-1024x787.png\" alt=\"escarpins en cuir verni et ceintures tendance printemps-ete 2026 ferragamo\" class=\"wp-image-840463\"><button class=\"lightbox-trigger\" type=\"button\" aria-haspopup=\"dialog\" aria-label=\"Agrandir\" data-wp-init=\"callbacks.initTriggerButton\" data-wp-on--click=\"actions.showLightbox\" data-wp-style--right=\"state.imageButtonRight\" data-wp-style--top=\"state.imageButtonTop\"><\/p>\n<p>\t\t<\/button><\/figure>\n<h3 class=\"wp-block-heading\">Escarpins en cuir verni, 895 \u20ac, Ferragamo. <\/h3>\n<p>Disponible sur <a href=\"https:\/\/rstyle.me\/+Wjd4o4LAcuexBmr6PiTIwQ\" target=\"_blank\" rel=\"noreferrer noopener\">ferragamo.com<\/a>.<\/p>\n<\/div>\n<\/div><\/div>\n<\/p><\/div>\n<div class=\"col-lg-3\">\n<div class=\"suggested-posts padding-top-s\">\n<div class=\"title\">Recommand\u00e9<\/div>\n<div class=\"post-card\">\n\t\t\t\t\t\t\t\t\t\t<a class=\"post-link d-flex\" href=\"https:\/\/numero.com\/mode\/slip-dress-tendance-reperees\/\"><\/p>\n<div class=\"container-img \">\n\t\t\t\t\t\t\t\t\t\t\t\t<img loading=\"lazy\" decoding=\"async\" width=\"505\" height=\"900\" src=\"\/\/www.w3.org\/2000\/svg'%20viewBox='0%200%20505%20900'%3E%3C\/svg%3E\" class=\"img-fluid\" alt=\"justin bieber et hailey bieber en slip dress noire\" data-lazy-src=\"https:\/\/numero.com\/wp-content\/uploads\/2025\/03\/slip-dress-tendance-lingerie-2026-hailey-bieber.jpg\"><img decoding=\"async\" width=\"505\" height=\"900\" src=\"https:\/\/numero.com\/wp-content\/uploads\/2025\/03\/slip-dress-tendance-lingerie-2026-hailey-bieber.jpg\" class=\"img-fluid\" alt=\"justin bieber et hailey bieber en slip dress noire\" loading=\"lazy\">\t\t\t\t\t\t\t\t\t\t\t\t<\/p>\n<p class=\"number\">30<\/p>\n<\/p><\/div>\n<div class=\"card-info d-flex\">\n<div>\n<p class=\"cat-title\">Mode<\/p>\n<h3 class=\"post-title\">Quelles sont les slip dress de la saison ?<\/h3>\n<\/p><\/div>\n<p class=\"date\">\n\t\t\t\t\t\t\t\t\t\t\t\t\t30 mars 2026\t\t\t\t\t\t\t\t\t\t\t\t<\/p>\n<\/p><\/div>\n<p>\t\t\t\t\t\t\t\t\t\t<\/a>\n\t\t\t\t\t\t\t\t\t<\/div>\n<div class=\"post-card\">\n\t\t\t\t\t\t\t\t\t\t<a class=\"post-link d-flex\" href=\"https:\/\/numero.com\/mode\/comment-sapproprier-lintemporel-tailleur\/\"><\/p>\n<div class=\"container-img \">\n\t\t\t\t\t\t\t\t\t\t\t\t<img loading=\"lazy\" decoding=\"async\" width=\"640\" height=\"804\" src=\"\/\/www.w3.org\/2000\/svg'%20viewBox='0%200%20640%20804'%3E%3C\/svg%3E\" class=\"img-fluid\" alt=\"tendance tailleur defile chanel printemps-ete 2026\" data-lazy-src=\"https:\/\/numero.com\/wp-content\/uploads\/2026\/04\/thumb-tailleur-chanel-printemps-ete-2026-768x965.jpg\"><img decoding=\"async\" width=\"640\" height=\"804\" src=\"https:\/\/numero.com\/wp-content\/uploads\/2026\/04\/thumb-tailleur-chanel-printemps-ete-2026-768x965.jpg\" class=\"img-fluid\" alt=\"tendance tailleur defile chanel printemps-ete 2026\" loading=\"lazy\">\t\t\t\t\t\t\t\t\t\t\t\t<\/p>\n<p class=\"number\">4<\/p>\n<\/p><\/div>\n<div class=\"card-info d-flex\">\n<div>\n<p class=\"cat-title\">Mode<\/p>\n<h3 class=\"post-title\">Comment s\u2019approprier l\u2019intemporel tailleur ?<\/h3>\n<\/p><\/div>\n<p class=\"date\">\n\t\t\t\t\t\t\t\t\t\t\t\t\t4 mai 2026\t\t\t\t\t\t\t\t\t\t\t\t<\/p>\n<\/p><\/div>\n<p>\t\t\t\t\t\t\t\t\t\t<\/a>\n\t\t\t\t\t\t\t\t\t<\/div>\n<div class=\"post-card\">\n\t\t\t\t\t\t\t\t\t\t<a class=\"post-link d-flex\" href=\"https:\/\/numero.com\/mode\/le-cardigan-tendance-phare-du-printemps-ete-2026\/\"><\/p>\n<div class=\"container-img \">\n\t\t\t\t\t\t\t\t\t\t\t\t<img loading=\"lazy\" decoding=\"async\" width=\"640\" height=\"804\" src=\"\/\/www.w3.org\/2000\/svg'%20viewBox='0%200%20640%20804'%3E%3C\/svg%3E\" class=\"img-fluid\" alt=\"bella hadid en cardigan\" data-lazy-src=\"https:\/\/numero.com\/wp-content\/uploads\/2026\/04\/thumb-bella-hadid-cardigan-768x965.jpg\"><img decoding=\"async\" width=\"640\" height=\"804\" src=\"https:\/\/numero.com\/wp-content\/uploads\/2026\/04\/thumb-bella-hadid-cardigan-768x965.jpg\" class=\"img-fluid\" alt=\"bella hadid en cardigan\" loading=\"lazy\">\t\t\t\t\t\t\t\t\t\t\t\t<\/p>\n<p class=\"number\">8<\/p>\n<\/p><\/div>\n<div class=\"card-info d-flex\">\n<div>\n<p class=\"cat-title\">Mode<\/p>\n<h3 class=\"post-title\">Le cardigan, la pi\u00e8ce tendance adoub\u00e9e par Rosal\u00eda et Pamela Anderson<\/h3>\n<\/p><\/div>\n<p class=\"date\">\n\t\t\t\t\t\t\t\t\t\t\t\t\t8 avr 2026\t\t\t\t\t\t\t\t\t\t\t\t<\/p>\n<\/p><\/div>\n<p>\t\t\t\t\t\t\t\t\t\t<\/a>\n\t\t\t\t\t\t\t\t\t<\/div>\n<div class=\"post-card\">\n\t\t\t\t\t\t\t\t\t\t<a class=\"post-link d-flex\" href=\"https:\/\/numero.com\/mode\/les-trenchs-tendance-reperes-par-numero\/\"><\/p>\n<div class=\"container-img \">\n\t\t\t\t\t\t\t\t\t\t\t\t<img loading=\"lazy\" decoding=\"async\" width=\"640\" height=\"804\" src=\"\/\/www.w3.org\/2000\/svg'%20viewBox='0%200%20640%20804'%3E%3C\/svg%3E\" class=\"img-fluid\" alt=\"hailey bieber trenchs tendance\" data-lazy-src=\"https:\/\/numero.com\/wp-content\/uploads\/2024\/09\/thumb-hailey-bieber-trench-tendance-768x965.jpg\"><img decoding=\"async\" width=\"640\" height=\"804\" src=\"https:\/\/numero.com\/wp-content\/uploads\/2024\/09\/thumb-hailey-bieber-trench-tendance-768x965.jpg\" class=\"img-fluid\" alt=\"hailey bieber trenchs tendance\" loading=\"lazy\">\t\t\t\t\t\t\t\t\t\t\t\t<\/p>\n<p class=\"number\">14<\/p>\n<\/p><\/div>\n<div class=\"card-info d-flex\">\n<div>\n<p class=\"cat-title\">Mode<\/p>\n<h3 class=\"post-title\">16 trenchs sur lesquels miser pour le printemps<\/h3>\n<\/p><\/div>\n<p class=\"date\">\n\t\t\t\t\t\t\t\t\t\t\t\t\t14 avr 2026\t\t\t\t\t\t\t\t\t\t\t\t<\/p>\n<\/p><\/div>\n<p>\t\t\t\t\t\t\t\t\t\t<\/a>\n\t\t\t\t\t\t\t\t\t<\/div>\n<\/p><\/div>\n<\/p><\/div>\n<\/p><\/div>\n<div class=\"padding-top-s\">\n<div class=\"ad banner desktop\">\n<div class=\"container\">\n<div class=\"row\">\n            <!-- \/21730003857\/numero-ad-unit\/numero-banner-1 --><\/p>\n<div class=\"ad-responsive\">\n<div id=\"div-gpt-ad-1773673267712-0\" class=\"ads-pub\">\n<p>                        googletag.cmd.push(function () {<br \/>\n                            googletag.display(&#8216;div-gpt-ad-1773673267712-0&#8217;);<br \/>\n                        });<\/p><\/div>\n<\/p><\/div>\n<\/p><\/div>\n<\/p><\/div>\n<\/div><\/div>\n<\/p><\/div>\n<\/section>\n<p>        <button class=\"btn-newsletter btn-outline-white my-5\" id=\"open-modal-newsletter\">Inscrivez-vous \u00e0 la newsletter<\/button>\t\t<\/p>\n<section class=\"related-posts post-list padding-top-m padding-bottom-s\">\n<div class=\"container\">\n<h2 class=\"title mx-auto\">\u00c0 lire aussi<\/h2>\n<div class=\"row\">\n<div class=\"col-lg-3\">\n<div class=\"post-card desktop\">\n\t\t\t\t\t\t\t\t\t\t<a class=\"post-link\" href=\"https:\/\/numero.com\/mode\/8-celebrites-qui-se-distinguent-par-leur-style\/\"><\/p>\n<div class=\"container-img\">\n<p>                                                <img decoding=\"async\" src=\"\/\/www.w3.org\/2000\/svg'%20viewBox='0%200%200%200'%3E%3C\/svg%3E\" alt=\"8 pop stars dont le style nous inspire avec Charli xcx et Sabrina Carpenter\" data-lazy-src=\"https:\/\/numero.com\/wp-content\/uploads\/2026\/05\/tendance-styles-mode-des-pop-stars-charli-xcx-sabrina-carpenter-.jpg\"><img decoding=\"async\" src=\"https:\/\/numero.com\/wp-content\/uploads\/2026\/05\/tendance-styles-mode-des-pop-stars-charli-xcx-sabrina-carpenter-.jpg\" alt=\"8 pop stars dont le style nous inspire avec Charli xcx et Sabrina Carpenter\"><\/p>\n<div class=\"number\">11<\/div>\n<\/p><\/div>\n<div class=\"card-info\">\n<div class=\"meta d-flex justify-content-between\">\n<p class=\"cat-title\">Mode<\/p>\n<p class=\"date\">\n\t\t\t\t\t\t\t\t\t\t\t\t\t\t11 mai 2026\t\t\t\t\t\t\t\t\t\t\t\t\t<\/p>\n<\/p><\/div>\n<div class=\"post-title\">8 pop stars dont le style nous inspire<\/div>\n<\/p><\/div>\n<p>\t\t\t\t\t\t\t\t\t\t<\/a>\n\t\t\t\t\t\t\t\t\t<\/div>\n<div class=\"post-card mobile\">\n\t\t\t\t\t\t\t\t\t\t<a class=\"post-link d-flex\" href=\"https:\/\/numero.com\/mode\/8-celebrites-qui-se-distinguent-par-leur-style\/\"><\/p>\n<div class=\"container-img\">\n\t\t\t\t\t\t\t\t\t\t\t\t<img loading=\"lazy\" decoding=\"async\" width=\"640\" height=\"758\" src=\"\/\/www.w3.org\/2000\/svg'%20viewBox='0%200%20640%20758'%3E%3C\/svg%3E\" class=\"img-fluid\" alt=\"8 pop stars dont le style nous inspire avec Charli xcx et Sabrina Carpenter\" data-lazy-src=\"https:\/\/numero.com\/wp-content\/uploads\/2026\/05\/tendance-styles-mode-des-pop-stars-charli-xcx-sabrina-carpenter--768x909.jpg\"><img decoding=\"async\" width=\"640\" height=\"758\" src=\"https:\/\/numero.com\/wp-content\/uploads\/2026\/05\/tendance-styles-mode-des-pop-stars-charli-xcx-sabrina-carpenter--768x909.jpg\" class=\"img-fluid\" alt=\"8 pop stars dont le style nous inspire avec Charli xcx et Sabrina Carpenter\" loading=\"lazy\">\t\t\t\t\t\t\t\t\t\t\t\t<\/p>\n<div class=\"number\">11<\/div>\n<\/p><\/div>\n<div class=\"card-info d-flex\">\n<div>\n<p class=\"cat-title\">Mode<\/p>\n<h3 class=\"post-title\">8 pop stars dont le style nous inspire<\/h3>\n<\/p><\/div>\n<p class=\"date\">\n\t\t\t\t\t\t\t\t\t\t\t\t\t11 mai 2026\t\t\t\t\t\t\t\t\t\t\t\t<\/p>\n<\/p><\/div>\n<p>\t\t\t\t\t\t\t\t\t\t<\/a>\n\t\t\t\t\t\t\t\t\t<\/div>\n<\/p><\/div>\n<div class=\"col-lg-3\">\n<div class=\"post-card desktop\">\n\t\t\t\t\t\t\t\t\t\t<a class=\"post-link\" href=\"https:\/\/numero.com\/mode\/body-tendance-printemps-ete\/\"><\/p>\n<div class=\"container-img\">\n<p>                                                <img decoding=\"async\" src=\"\/\/www.w3.org\/2000\/svg'%20viewBox='0%200%200%200'%3E%3C\/svg%3E\" alt=\"amelia gray en saint laurent body tendance printemps-ete 2026\" data-lazy-src=\"https:\/\/numero.com\/wp-content\/uploads\/2025\/05\/thumb-bodysuit-tendance-printemps-e\u0301te\u0301-2026.jpg\"><img decoding=\"async\" src=\"https:\/\/numero.com\/wp-content\/uploads\/2025\/05\/thumb-bodysuit-tendance-printemps-e%CC%81te%CC%81-2026.jpg\" alt=\"amelia gray en saint laurent body tendance printemps-ete 2026\"><\/p>\n<div class=\"number\">06<\/div>\n<\/p><\/div>\n<div class=\"card-info\">\n<div class=\"meta d-flex justify-content-between\">\n<p class=\"cat-title\">Mode<\/p>\n<p class=\"date\">\n\t\t\t\t\t\t\t\t\t\t\t\t\t\t6 mai 2026\t\t\t\t\t\t\t\t\t\t\t\t\t<\/p>\n<\/p><\/div>\n<div class=\"post-title\">Pourquoi le body est-il toujours un must have ?<\/div>\n<\/p><\/div>\n<p>\t\t\t\t\t\t\t\t\t\t<\/a>\n\t\t\t\t\t\t\t\t\t<\/div>\n<div class=\"post-card mobile\">\n\t\t\t\t\t\t\t\t\t\t<a class=\"post-link d-flex\" href=\"https:\/\/numero.com\/mode\/body-tendance-printemps-ete\/\"><\/p>\n<div class=\"container-img\">\n\t\t\t\t\t\t\t\t\t\t\t\t<img loading=\"lazy\" decoding=\"async\" width=\"640\" height=\"804\" src=\"\/\/www.w3.org\/2000\/svg'%20viewBox='0%200%20640%20804'%3E%3C\/svg%3E\" class=\"img-fluid\" alt=\"amelia gray en saint laurent body tendance printemps-ete 2026\" data-lazy-src=\"https:\/\/numero.com\/wp-content\/uploads\/2025\/05\/thumb-bodysuit-tendance-printemps-e\u0301te\u0301-2026-768x965.jpg\"><img decoding=\"async\" width=\"640\" height=\"804\" src=\"https:\/\/numero.com\/wp-content\/uploads\/2025\/05\/thumb-bodysuit-tendance-printemps-e%CC%81te%CC%81-2026-768x965.jpg\" class=\"img-fluid\" alt=\"amelia gray en saint laurent body tendance printemps-ete 2026\" loading=\"lazy\">\t\t\t\t\t\t\t\t\t\t\t\t<\/p>\n<div class=\"number\">06<\/div>\n<\/p><\/div>\n<div class=\"card-info d-flex\">\n<div>\n<p class=\"cat-title\">Mode<\/p>\n<h3 class=\"post-title\">Pourquoi le body est-il toujours un must have ?<\/h3>\n<\/p><\/div>\n<p class=\"date\">\n\t\t\t\t\t\t\t\t\t\t\t\t\t6 mai 2026\t\t\t\t\t\t\t\t\t\t\t\t<\/p>\n<\/p><\/div>\n<p>\t\t\t\t\t\t\t\t\t\t<\/a>\n\t\t\t\t\t\t\t\t\t<\/div>\n<\/p><\/div>\n<div class=\"col-lg-3\">\n<div class=\"post-card desktop\">\n\t\t\t\t\t\t\t\t\t\t<a class=\"post-link\" href=\"https:\/\/numero.com\/mode\/accessoires\/les-petits-sacs-a-main-accessoire-tendance-de-lete\/\"><\/p>\n<div class=\"container-img\">\n<p>                                                <img decoding=\"async\" src=\"\/\/www.w3.org\/2000\/svg'%20viewBox='0%200%200%200'%3E%3C\/svg%3E\" alt=\"sac \u00e0 main defile chanel croisiere 2026 2027\" data-lazy-src=\"https:\/\/numero.com\/wp-content\/uploads\/2026\/05\/thumb-sac-defile-chanel-croisiere-2026-2027.jpg\"><img decoding=\"async\" src=\"https:\/\/numero.com\/wp-content\/uploads\/2026\/05\/thumb-sac-defile-chanel-croisiere-2026-2027.jpg\" alt=\"sac \u00e0 main defile chanel croisiere 2026 2027\"><\/p>\n<div class=\"number\">05<\/div>\n<\/p><\/div>\n<div class=\"card-info\">\n<div class=\"meta d-flex justify-content-between\">\n<p class=\"cat-title\">Accessoires<\/p>\n<p class=\"date\">\n\t\t\t\t\t\t\t\t\t\t\t\t\t\t5 mai 2026\t\t\t\t\t\t\t\t\t\t\t\t\t<\/p>\n<\/p><\/div>\n<div class=\"post-title\">Le petit sac \u00e0 main \u00e9rig\u00e9 comme l\u2019accessoire phare de l\u2019\u00e9t\u00e9<\/div>\n<\/p><\/div>\n<p>\t\t\t\t\t\t\t\t\t\t<\/a>\n\t\t\t\t\t\t\t\t\t<\/div>\n<div class=\"post-card mobile\">\n\t\t\t\t\t\t\t\t\t\t<a class=\"post-link d-flex\" href=\"https:\/\/numero.com\/mode\/accessoires\/les-petits-sacs-a-main-accessoire-tendance-de-lete\/\"><\/p>\n<div class=\"container-img\">\n\t\t\t\t\t\t\t\t\t\t\t\t<img loading=\"lazy\" decoding=\"async\" width=\"640\" height=\"804\" src=\"\/\/www.w3.org\/2000\/svg'%20viewBox='0%200%20640%20804'%3E%3C\/svg%3E\" class=\"img-fluid\" alt=\"sac \u00e0 main defile chanel croisiere 2026 2027\" data-lazy-src=\"https:\/\/numero.com\/wp-content\/uploads\/2026\/05\/thumb-sac-defile-chanel-croisiere-2026-2027-768x965.jpg\"><img decoding=\"async\" width=\"640\" height=\"804\" src=\"https:\/\/numero.com\/wp-content\/uploads\/2026\/05\/thumb-sac-defile-chanel-croisiere-2026-2027-768x965.jpg\" class=\"img-fluid\" alt=\"sac \u00e0 main defile chanel croisiere 2026 2027\" loading=\"lazy\">\t\t\t\t\t\t\t\t\t\t\t\t<\/p>\n<div class=\"number\">05<\/div>\n<\/p><\/div>\n<div class=\"card-info d-flex\">\n<div>\n<p class=\"cat-title\">Accessoires<\/p>\n<h3 class=\"post-title\">Le petit sac \u00e0 main \u00e9rig\u00e9 comme l\u2019accessoire phare de l\u2019\u00e9t\u00e9<\/h3>\n<\/p><\/div>\n<p class=\"date\">\n\t\t\t\t\t\t\t\t\t\t\t\t\t5 mai 2026\t\t\t\t\t\t\t\t\t\t\t\t<\/p>\n<\/p><\/div>\n<p>\t\t\t\t\t\t\t\t\t\t<\/a>\n\t\t\t\t\t\t\t\t\t<\/div>\n<\/p><\/div>\n<div class=\"col-lg-3\">\n<div class=\"post-card desktop\">\n\t\t\t\t\t\t\t\t\t\t<a class=\"post-link\" href=\"https:\/\/numero.com\/mode\/comment-sapproprier-lintemporel-tailleur\/\"><\/p>\n<div class=\"container-img\">\n<p>                                                <img decoding=\"async\" src=\"\/\/www.w3.org\/2000\/svg'%20viewBox='0%200%200%200'%3E%3C\/svg%3E\" alt=\"tendance tailleur defile chanel printemps-ete 2026\" data-lazy-src=\"https:\/\/numero.com\/wp-content\/uploads\/2026\/04\/thumb-tailleur-chanel-printemps-ete-2026.jpg\"><img decoding=\"async\" src=\"https:\/\/numero.com\/wp-content\/uploads\/2026\/04\/thumb-tailleur-chanel-printemps-ete-2026.jpg\" alt=\"tendance tailleur defile chanel printemps-ete 2026\"><\/p>\n<div class=\"number\">04<\/div>\n<\/p><\/div>\n<div class=\"card-info\">\n<div class=\"meta d-flex justify-content-between\">\n<p class=\"cat-title\">Mode<\/p>\n<p class=\"date\">\n\t\t\t\t\t\t\t\t\t\t\t\t\t\t4 mai 2026\t\t\t\t\t\t\t\t\t\t\t\t\t<\/p>\n<\/p><\/div>\n<div class=\"post-title\">Comment s\u2019approprier l\u2019intemporel tailleur ?<\/div>\n<\/p><\/div>\n<p>\t\t\t\t\t\t\t\t\t\t<\/a>\n\t\t\t\t\t\t\t\t\t<\/div>\n<div class=\"post-card mobile\">\n\t\t\t\t\t\t\t\t\t\t<a class=\"post-link d-flex\" href=\"https:\/\/numero.com\/mode\/comment-sapproprier-lintemporel-tailleur\/\"><\/p>\n<div class=\"container-img\">\n\t\t\t\t\t\t\t\t\t\t\t\t<img loading=\"lazy\" decoding=\"async\" width=\"640\" height=\"804\" src=\"\/\/www.w3.org\/2000\/svg'%20viewBox='0%200%20640%20804'%3E%3C\/svg%3E\" class=\"img-fluid\" alt=\"tendance tailleur defile chanel printemps-ete 2026\" data-lazy-src=\"https:\/\/numero.com\/wp-content\/uploads\/2026\/04\/thumb-tailleur-chanel-printemps-ete-2026-768x965.jpg\"><img decoding=\"async\" width=\"640\" height=\"804\" src=\"https:\/\/numero.com\/wp-content\/uploads\/2026\/04\/thumb-tailleur-chanel-printemps-ete-2026-768x965.jpg\" class=\"img-fluid\" alt=\"tendance tailleur defile chanel printemps-ete 2026\" loading=\"lazy\">\t\t\t\t\t\t\t\t\t\t\t\t<\/p>\n<div class=\"number\">04<\/div>\n<\/p><\/div>\n<div class=\"card-info d-flex\">\n<div>\n<p class=\"cat-title\">Mode<\/p>\n<h3 class=\"post-title\">Comment s\u2019approprier l\u2019intemporel tailleur ?<\/h3>\n<\/p><\/div>\n<p class=\"date\">\n\t\t\t\t\t\t\t\t\t\t\t\t\t4 mai 2026\t\t\t\t\t\t\t\t\t\t\t\t<\/p>\n<\/p><\/div>\n<p>\t\t\t\t\t\t\t\t\t\t<\/a>\n\t\t\t\t\t\t\t\t\t<\/div>\n<\/p><\/div>\n<\/p><\/div>\n<\/p><\/div>\n<\/section>\n<div class=\"padding-bottom-s\">\n<div class=\"ad banner desktop\">\n<div class=\"container\">\n<div class=\"row\">\n            <!-- \/21730003857\/numero-ad-unit\/numero-banner-1 --><\/p>\n<div class=\"ad-responsive\">\n<div id=\"div-gpt-ad-1773673267712-0\" class=\"ads-pub\">\n<p>                        googletag.cmd.push(function () {<br \/>\n                            googletag.display(&#8216;div-gpt-ad-1773673267712-0&#8217;);<br \/>\n                        });<\/p><\/div>\n<\/p><\/div>\n<\/p><\/div>\n<\/p><\/div>\n<\/div><\/div>\n<\/p><\/div>\n","protected":false},"excerpt":{"rendered":"<p>11 11 googletag.cmd.push(function () { googletag.display(&#8216;div-gpt-ad-1773673590069-0&#8217;); }); Lien copi\u00e9 Mode 11 mai 2026 Des podiums \u00e0 la rue, quels escarpins adopter ? Depuis la nuit des temps, l\u2019escarpin incarne le soulier \u00e9l\u00e9gant par excellence. C\u2019est pourquoi Num\u00e9ro, fortement inspir\u00e9 par les collections pr\u00e9sent\u00e9es lors de la Fashion Week printemps-\u00e9t\u00e9 2026, a d\u00e9nich\u00e9 les paires les [&hellip;]<\/p>\n","protected":false},"author":1,"featured_media":0,"comment_status":"open","ping_status":"","sticky":false,"template":"","format":"standard","meta":{"footnotes":""},"categories":[1],"tags":[226,258],"class_list":["post-1929682","post","type-post","status-publish","format-standard","hentry","category-uncategorized","tag-crawlmanager","tag-numero-com"],"_links":{"self":[{"href":"https:\/\/analyse.optim.biz\/index.php?rest_route=\/wp\/v2\/posts\/1929682","targetHints":{"allow":["GET"]}}],"collection":[{"href":"https:\/\/analyse.optim.biz\/index.php?rest_route=\/wp\/v2\/posts"}],"about":[{"href":"https:\/\/analyse.optim.biz\/index.php?rest_route=\/wp\/v2\/types\/post"}],"author":[{"embeddable":true,"href":"https:\/\/analyse.optim.biz\/index.php?rest_route=\/wp\/v2\/users\/1"}],"replies":[{"embeddable":true,"href":"https:\/\/analyse.optim.biz\/index.php?rest_route=%2Fwp%2Fv2%2Fcomments&post=1929682"}],"version-history":[{"count":0,"href":"https:\/\/analyse.optim.biz\/index.php?rest_route=\/wp\/v2\/posts\/1929682\/revisions"}],"wp:attachment":[{"href":"https:\/\/analyse.optim.biz\/index.php?rest_route=%2Fwp%2Fv2%2Fmedia&parent=1929682"}],"wp:term":[{"taxonomy":"category","embeddable":true,"href":"https:\/\/analyse.optim.biz\/index.php?rest_route=%2Fwp%2Fv2%2Fcategories&post=1929682"},{"taxonomy":"post_tag","embeddable":true,"href":"https:\/\/analyse.optim.biz\/index.php?rest_route=%2Fwp%2Fv2%2Ftags&post=1929682"}],"curies":[{"name":"wp","href":"https:\/\/api.w.org\/{rel}","templated":true}]}}