{"id":192920,"date":"2014-11-19T04:08:38","date_gmt":"2014-11-19T01:08:38","guid":{"rendered":"https:\/\/analyse.optim.biz\/?p=192920"},"modified":"2014-11-19T04:08:38","modified_gmt":"2014-11-19T01:08:38","slug":"vot-decisiv-in-parlament-ecaterina-andronescu-si-serban-mihailescu-raman-fara-imunitate","status":"publish","type":"post","link":"https:\/\/analyse.optim.biz\/?p=192920","title":{"rendered":"Vot decisiv \u00een Parlament. Ecaterina Andronescu \u015fi \u015eerban Mih\u0103ilescu r\u0103m\u00e2n F\u0102R\u0102 IMUNITATE"},"content":{"rendered":"<div class=\"entry data-app-meta data-app-meta-article\" data-embed-base-url-canonical=\"https:\/\/www.digi24.ro\/embed\/stiri\/actualitate\/politica\/vot-decisiv-in-parlament-ecaterina-andronescu-si-serban-mihailescu-raman-fara-imunitate-323555\">\n<p data-index=\"1\"><strong><img decoding=\"async\" src=\"https:\/\/analyse.optim.biz\/wp-content\/uploads\/2024\/09\/zdgwzdizogfhzwe1nmm2mmm0mtjjzjvhzgezng-thumb_.jpg\" data-skip-htmlfix=\"1\" title=\"zdgwzdizogfhzwe1nmm2mmm0mtjjzjvhzgezng-thumb_\"><\/strong><\/p>\n<p data-index=\"2\"><strong><br \/><\/strong><\/p>\n<p data-index=\"3\"><strong>ACTUALIZARE 13.55. \u015ei senatorul \u015eerban Mih\u0103ilescu a r\u0103mas f\u0103r\u0103 imunitate. 77 de senatori au votat &#8220;PENTRU&#8221; \u015fi 51 &#8220;\u00ceMPOTRIV\u0102&#8221;.<\/strong><\/p>\n<p data-index=\"4\"><strong>ACTUALIZARE 13.15: <\/strong>Senatorii au \u00eenceput dezbaterile \u00een cazul lui \u0218erban Mih\u0103ilescu. Pute\u021bi urm\u0103ri \u0219edin\u021ba <a href=\"https:\/\/www.digi24.ro\/Media\/TV\/Live\/Digi24\" target=\"_blank\" data-skip-linkfix=\"1\" rel=\"noopener\"><strong>aici.<\/strong><\/a><\/p>\n<p data-index=\"5\"><strong>ACTUALIZARE 13.00.\u00a0Ecaterina Andronescu a r\u0103mas f\u0103r\u0103 imunitate<\/strong> \u00een urma unui vot foarte str\u00e2ns. 72 de senatori au votat &#8220;<strong>PENTRU<\/strong>&#8221; \u0219i 62 &#8220;<strong>\u00ceMPOTRIV\u0102<\/strong>&#8220;. Fostul ministru al educa\u021biei a mul\u021bumit colegilor pentru vot \u0219i a promis c\u0103 va lupta pentru a-\u0219i dovedi nevinov\u0103\u021bia \u00een justi\u021bie.<\/p>\n<p data-index=\"6\"><strong><br \/><\/strong><\/p>\n<p data-index=\"7\"><strong>ACTUALIZARE 11.45.<\/strong>\u00a0Ecaterina Andronescu spune c\u0103 vrea s\u0103 \u00ee\u0219i dovedeasc\u0103 nevinov\u0103\u021bia \u00een justi\u021bie.<\/p>\n<p data-index=\"8\"><strong><br \/><\/strong><\/p>\n<p data-index=\"9\"><strong>ACTUALIZARE 11.30.<\/strong> Plenul Senatului a \u00eenceput discu\u0163iile privind cazul Ecaterinei Andronescu.<\/p>\n<p data-index=\"10\">Ieri, deputa\u0163ii au aprobat cererea procurorilor DNA de \u00eencuviin\u0163are a arest\u0103rii preventive a deputatului <strong>Ion Dini\u0163\u0103<\/strong>. Solicitarea procurorilor a mai fost de dou\u0103 ori pe ordinea de zi, dar decizia a fost am\u00e2nat\u0103 din lipsa cvorumului.<\/p>\n<p data-index=\"11\">Acum, 274 de ale\u0219i au votat pentru, iar 55 contra, astfel c\u0103 s-a constatat c\u0103 a fost \u00eentrunit\u0103 majoritatea de voturi necesar\u0103 pentru adoptarea hot\u0103r\u00e2rii de \u00eencuviin\u0163are a arest\u0103rii preventive a deputalului Ion Dini\u0163\u0103.<\/p>\n<p data-index=\"12\">Deputatul conservator Ion Dini\u0163\u0103 este acuzat de complicitate la abuz \u00een serviciu \u015fi dare de mit\u0103 \u00een dosarul \u00een care pre\u015fedintelui Consiliului Jude\u0163ean Bra\u015fov, <strong>Aristotel C\u0103ncescu<\/strong>, este arestat preventiv.<\/p>\n<p data-index=\"13\">Deputa\u0163ii au votat \u015fi pentru ridicarea imunit\u0103\u0163ii lui social-democratului <strong>Ioan Adam<\/strong>. Acesta este acuzat de DNA c\u0103 ar face parte dintr-un grup infrac\u0163ional organizat care a prejudiciat statul cu 300 de milioane de euro, prin retroced\u0103rile ilegale de p\u0103dure. \u00cen dosarul \u00een care este acuzat Ioan Adam sunt aresta\u0163i preventiv <strong>Viorel Hrebenciuc<\/strong> \u015fi fiul s\u0103u, <strong>Andrei Hrebenciuc<\/strong>. \u00cenaintea votului, deputatul Ioan Adam a f\u0103cut un ultimul apel la colegii s\u0103i:<\/p>\n<p data-index=\"14\">\u201e<span>Stima\u021bi colegi, v\u0103 rog din suflet, dincolo de miza politic\u0103, sunt oameni la mijloc! Nu cred c\u0103 un om cu trecutul meu ar putea fi un pericol pentru ordinea publica, c\u0103 a\u0219 putea crea o stare de pericol fiind cercetat in libertate. Sunt autorul unor cursuri universitare in materia dreptului civil, a unor monografii \u00een materia propriet\u0103\u021bii, am scris chiar \u015fi carti la nivel de tratat, \u00een materia insolven\u0163ei, a legii societ\u0103\u021bilor comerciale. Am peste 50 de studii\u201d.<\/span><\/p>\n<p data-index=\"15\"><strong>Citi\u021bi \u0219i:\u00a0<\/strong><\/p>\n<h5><span><strong><a href=\"https:\/\/www.digi24.ro\/Stiri\/Digi24\/Actualitate\/Justitie\/Cazul+deputatului+PSD+Ioan+Adam+din+nou+la+Comisia+Juridica\" target=\"_blank\" data-skip-linkfix=\"1\" rel=\"noopener\">Deputatul PSD Ioan Adam a r\u0103mas f\u0103r\u0103 imunitate<\/a><\/strong><\/span><\/h5>\n<h5><span><strong><a href=\"https:\/\/www.digi24.ro\/Stiri\/Digi24\/Actualitate\/Justitie\/Deputatii+juristi+discuta+cererile+de+arestare+a+lui+Ion+Dinita+\" target=\"_blank\" data-skip-linkfix=\"1\" rel=\"noopener\">Deputa\u021bii Ion Dini\u0163\u0103 \u0219i Mircea Ro\u0219ca au r\u0103mas f\u0103r\u0103 imunitate<\/a><\/strong><\/span><\/h5>\n<p data-index=\"16\">Liberalul <strong>Mircea Ro\u015fca<\/strong>\u00a0nu le-a cerut colegilor s\u0103 s\u0103 \u00eel salveze, ci dimpotriv\u0103.<\/p>\n<p data-index=\"17\">\u201eCer Camerei Deputa\u0163ilor s\u0103 mi se ridice imunitatea parlamentar\u0103. Sunt total nevinovat, e o dram\u0103 ce mi se \u00eent\u00e2mpl\u0103 \u015fi din p\u0103cate sunt o victim\u0103 a contextului politic\u201d, a spus Mircea Ro\u0219ca.<\/p>\n<p data-index=\"18\">Liberalul este acuzat de DNA de luare de mit\u0103 \u015fi trafic de influen\u0163\u0103, dup\u0103 ce ar fi primit 20.000 de euro de la un om de afaceri pe care l-ar fi ajutat s\u0103 ob\u0163in\u0103 terenuri \u00een sta\u0163iunea Azuga.<\/p>\n<p data-index=\"19\">La <strong>Senat<\/strong>, pe ordinea de zi s-a aflat <strong><a href=\"https:\/\/www.digi24.ro\/Stiri\/Digi24\/Actualitate\/Politica\/Senatorii+ar+putea+revoca+mandatul+lui+Akos+Mora\" target=\"_blank\" data-skip-linkfix=\"1\" rel=\"noopener\">invalidarea mandatul fostului liberal Daniel Akos Mora.<\/a><\/strong>Acesta \u015fi-a sus\u0163inut de la tribun\u0103 nevinov\u0103\u0163ia \u015fi a l\u0103sat s\u0103 se \u00een\u0163eleag\u0103 c\u0103 demisioneaz\u0103. Apoi s-a r\u0103zg\u00e2ndit.<\/p>\n<p data-index=\"20\">P\u00e2n\u0103 la urm\u0103, senatorul \u015fi-a scris demisia \u015fi a \u00eenm\u00e2nat-o pre\u015fedintelui de \u015fedin\u0163\u0103. Daniel Akos Mora are decizie definitiv\u0103 de incompatibilitate de la \u00cenalta Curte. El a fost acuzat c\u0103 \u00een timp ce era consilier jude\u0163ean de Mure\u015f, societatea unde de\u0163inea func\u0163ia de director avea \u015fi contracte cu Consiliul Jude\u0163ean.<\/p>\n<p data-index=\"21\">Ast\u0103zi, plenul Senatului se reune\u0219te pentru a da votul decisiv \u00een ceea ce prive\u0219te \u00eencuviin\u021barea urm\u0103ririi penale \u00eempotriva <strong>Ecaterinei Andronescu<\/strong> \u0219i al lui<strong> \u0218erban Mih\u0103ilescu<\/strong>.\u00a0<span>Ce doi senatori sunt cerceta\u0163i \u00een<strong> dosarul licen\u0163elor Microsoft<\/strong>, fiind acuza\u0163i printre altele, de trafic de influen\u0163\u0103 \u015fi sp\u0103lare de bani.<\/span><\/p>\n<\/div>\n<p> Source URL: https:\/\/www.digi24.ro\/stiri\/actualitate\/politica\/vot-decisiv-in-parlament-ecaterina-andronescu-si-serban-mihailescu-raman-fara-imunitate-323555<\/p>\n","protected":false},"excerpt":{"rendered":"<p>ACTUALIZARE 13.55. \u015ei senatorul \u015eerban Mih\u0103ilescu a r\u0103mas f\u0103r\u0103 imunitate. 77 de senatori au votat &#8220;PENTRU&#8221; \u015fi 51 &#8220;\u00ceMPOTRIV\u0102&#8221;. ACTUALIZARE 13.15: Senatorii au \u00eenceput dezbaterile \u00een cazul lui \u0218erban Mih\u0103ilescu. Pute\u021bi urm\u0103ri \u0219edin\u021ba aici. ACTUALIZARE 13.00.\u00a0Ecaterina Andronescu a r\u0103mas f\u0103r\u0103 imunitate \u00een urma unui vot foarte str\u00e2ns. 72 de senatori au votat &#8220;PENTRU&#8221; \u0219i 62 [&hellip;]<\/p>\n","protected":false},"author":1,"featured_media":192921,"comment_status":"open","ping_status":"","sticky":false,"template":"","format":"standard","meta":{"footnotes":""},"categories":[2],"tags":[11],"class_list":["post-192920","post","type-post","status-publish","format-standard","has-post-thumbnail","hentry","category-politics","tag-digi24"],"_links":{"self":[{"href":"https:\/\/analyse.optim.biz\/index.php?rest_route=\/wp\/v2\/posts\/192920","targetHints":{"allow":["GET"]}}],"collection":[{"href":"https:\/\/analyse.optim.biz\/index.php?rest_route=\/wp\/v2\/posts"}],"about":[{"href":"https:\/\/analyse.optim.biz\/index.php?rest_route=\/wp\/v2\/types\/post"}],"author":[{"embeddable":true,"href":"https:\/\/analyse.optim.biz\/index.php?rest_route=\/wp\/v2\/users\/1"}],"replies":[{"embeddable":true,"href":"https:\/\/analyse.optim.biz\/index.php?rest_route=%2Fwp%2Fv2%2Fcomments&post=192920"}],"version-history":[{"count":0,"href":"https:\/\/analyse.optim.biz\/index.php?rest_route=\/wp\/v2\/posts\/192920\/revisions"}],"wp:featuredmedia":[{"embeddable":true,"href":"https:\/\/analyse.optim.biz\/index.php?rest_route=\/wp\/v2\/media\/192921"}],"wp:attachment":[{"href":"https:\/\/analyse.optim.biz\/index.php?rest_route=%2Fwp%2Fv2%2Fmedia&parent=192920"}],"wp:term":[{"taxonomy":"category","embeddable":true,"href":"https:\/\/analyse.optim.biz\/index.php?rest_route=%2Fwp%2Fv2%2Fcategories&post=192920"},{"taxonomy":"post_tag","embeddable":true,"href":"https:\/\/analyse.optim.biz\/index.php?rest_route=%2Fwp%2Fv2%2Ftags&post=192920"}],"curies":[{"name":"wp","href":"https:\/\/api.w.org\/{rel}","templated":true}]}}