{"id":192905,"date":"2014-11-19T09:37:53","date_gmt":"2014-11-19T06:37:53","guid":{"rendered":"https:\/\/analyse.optim.biz\/?p=192905"},"modified":"2014-11-19T09:37:53","modified_gmt":"2014-11-19T06:37:53","slug":"presedintele-curtii-constitutionale-vineri-sa-fiti-pregatiti-de-mare-sedinta-festiva","status":"publish","type":"post","link":"https:\/\/analyse.optim.biz\/?p=192905","title":{"rendered":"Pre\u015fedintele Cur\u0163ii Constitu\u0163ionale: Vineri, s\u0103 fi\u0163i preg\u0103ti\u0163i de mare \u015fedin\u0163\u0103 festiv\u0103!"},"content":{"rendered":"<div class=\"entry data-app-meta data-app-meta-article\" data-embed-base-url-canonical=\"https:\/\/www.digi24.ro\/embed\/stiri\/actualitate\/politica\/presedintele-curtii-constitutionale-vineri-sa-fiti-pregatiti-de-mare-sedinta-festiva-323619\">\n<p data-index=\"1\"><img decoding=\"async\" src=\"https:\/\/analyse.optim.biz\/wp-content\/uploads\/2024\/09\/agfzad0ynwuwntaxntc1ngzlzmi1odhknja1njk5m2u1ndcxoa-thumb_.jpg\" data-skip-htmlfix=\"1\" title=\"agfzad0ynwuwntaxntc1ngzlzmi1odhknja1njk5m2u1ndcxoa-thumb_\"><\/p>\n<p data-index=\"2\"><strong>ACTUALIZARE 15.00. Curtea Constitu\u0163ional\u0103 a respins cele trei contesta\u0163ii depuse \u00eempotriva rezultatelor alegerilor preziden\u0163iale.<\/strong><\/p>\n<p data-index=\"3\"><strong>ACTUALIZARE 10.40.<\/strong> \u201eVineri s\u0103 fi\u0163i preg\u0103ti\u0163i de mare \u015fedin\u0163\u0103 festiv\u0103\u201d, a declarat pre\u015fedintele Cur\u0163ii Constitu\u0163ionale, Augustin Zegrean, la sosirea la sediul CCR.<\/p>\n<hr>\n<p data-index=\"4\">\u00cen sesiz\u0103rile \u00eenaintate CCR se solicit\u0103 anularea celui de-al doilea tur al alegerilor preziden\u0163iale, dar cei care cer asta trebuie s\u0103 vin\u0103 \u015fi cu dovezi c\u0103 alegerile au fost fraudate. Procedural, dovezile trebuie aduse \u00een fa\u0163a judec\u0103torilor constitu\u0163ionali, ace\u015ftia s\u0103 stabileasc\u0103 dac\u0103 a fost vorba de o fraud\u0103 de natur\u0103 s\u0103 schimbe rezultatul scrutinului \u00eenc\u00e2t s\u0103 se impun\u0103 anularea rezultatului alegerilor.<\/p>\n<p data-index=\"5\">Acest lucru nu s-a \u00eent\u00e2mplat niciodat\u0103 \u00een istoria alegerilor.<\/p>\n<p data-index=\"6\">M\u00e2ine, Curtea Constitu\u0163ional\u0103 ar putea primi procesele verbale de la BEC dup\u0103 centralizarea final\u0103 a buletinelor de vot, iar cel mai t\u00e2rziu vineri va avea loc \u015fedin\u0163a \u00een care va trebui s\u0103 fie validate rezultatele.<\/p>\n<p data-index=\"7\">Va urma o ceremonie de validare a pre\u015fedintelui, moment \u00een care va avea loc primul discurs oficial al noului \u015fef al statului, dup\u0103 care acesta va depune jur\u0103m\u00e2ntul \u00een Parlament.<\/p>\n<\/div>\n<p> Source URL: https:\/\/www.digi24.ro\/stiri\/actualitate\/politica\/presedintele-curtii-constitutionale-vineri-sa-fiti-pregatiti-de-mare-sedinta-festiva-323619<\/p>\n","protected":false},"excerpt":{"rendered":"<p>ACTUALIZARE 15.00. Curtea Constitu\u0163ional\u0103 a respins cele trei contesta\u0163ii depuse \u00eempotriva rezultatelor alegerilor preziden\u0163iale. ACTUALIZARE 10.40. \u201eVineri s\u0103 fi\u0163i preg\u0103ti\u0163i de mare \u015fedin\u0163\u0103 festiv\u0103\u201d, a declarat pre\u015fedintele Cur\u0163ii Constitu\u0163ionale, Augustin Zegrean, la sosirea la sediul CCR. \u00cen sesiz\u0103rile \u00eenaintate CCR se solicit\u0103 anularea celui de-al doilea tur al alegerilor preziden\u0163iale, dar cei care cer asta [&hellip;]<\/p>\n","protected":false},"author":1,"featured_media":192906,"comment_status":"open","ping_status":"","sticky":false,"template":"","format":"standard","meta":{"footnotes":""},"categories":[2],"tags":[11],"class_list":["post-192905","post","type-post","status-publish","format-standard","has-post-thumbnail","hentry","category-politics","tag-digi24"],"_links":{"self":[{"href":"https:\/\/analyse.optim.biz\/index.php?rest_route=\/wp\/v2\/posts\/192905","targetHints":{"allow":["GET"]}}],"collection":[{"href":"https:\/\/analyse.optim.biz\/index.php?rest_route=\/wp\/v2\/posts"}],"about":[{"href":"https:\/\/analyse.optim.biz\/index.php?rest_route=\/wp\/v2\/types\/post"}],"author":[{"embeddable":true,"href":"https:\/\/analyse.optim.biz\/index.php?rest_route=\/wp\/v2\/users\/1"}],"replies":[{"embeddable":true,"href":"https:\/\/analyse.optim.biz\/index.php?rest_route=%2Fwp%2Fv2%2Fcomments&post=192905"}],"version-history":[{"count":0,"href":"https:\/\/analyse.optim.biz\/index.php?rest_route=\/wp\/v2\/posts\/192905\/revisions"}],"wp:featuredmedia":[{"embeddable":true,"href":"https:\/\/analyse.optim.biz\/index.php?rest_route=\/wp\/v2\/media\/192906"}],"wp:attachment":[{"href":"https:\/\/analyse.optim.biz\/index.php?rest_route=%2Fwp%2Fv2%2Fmedia&parent=192905"}],"wp:term":[{"taxonomy":"category","embeddable":true,"href":"https:\/\/analyse.optim.biz\/index.php?rest_route=%2Fwp%2Fv2%2Fcategories&post=192905"},{"taxonomy":"post_tag","embeddable":true,"href":"https:\/\/analyse.optim.biz\/index.php?rest_route=%2Fwp%2Fv2%2Ftags&post=192905"}],"curies":[{"name":"wp","href":"https:\/\/api.w.org\/{rel}","templated":true}]}}