{"id":192894,"date":"2014-11-19T11:02:47","date_gmt":"2014-11-19T08:02:47","guid":{"rendered":"https:\/\/analyse.optim.biz\/?p=192894"},"modified":"2014-11-19T11:02:47","modified_gmt":"2014-11-19T08:02:47","slug":"gabriel-oprea-victor-ponta-e-un-om-care-a-muncit-un-tanar-care-a-facut-si-face-pentru-romania","status":"publish","type":"post","link":"https:\/\/analyse.optim.biz\/?p=192894","title":{"rendered":"Gabriel Oprea: Victor Ponta e un om care a muncit, un t\u00e2n\u0103r care a f\u0103cut \u015fi face pentru Rom\u00e2nia"},"content":{"rendered":"<div class=\"entry data-app-meta data-app-meta-article\" data-embed-base-url-canonical=\"https:\/\/www.digi24.ro\/embed\/stiri\/actualitate\/politica\/gabriel-oprea-victor-ponta-e-un-om-care-a-muncit-un-tanar-care-a-facut-si-face-pentru-romania-323654\">\n<p data-index=\"1\">\u201eEste un om care a muncit, un t\u00e2n\u0103r care a f\u0103cut \u015fi face pentru Rom\u00e2nia, care merit\u0103 tot respectul.<\/p>\n<p data-index=\"2\">Ca \u00eentr-o democra\u0163ie, la 10 \u015fi jum\u0103tate s-a dus \u00een fa\u0163a na\u0163iunii \u015fi l-a felicitat pe domnul pre\u015fedinte Iohannis. A\u015fa se face \u00eentr-o democra\u0163ie \u015fi Rom\u00e2nia e o \u0163ar\u0103 membr\u0103 NATO \u015fi UE. Rom\u00e2nia genereaz\u0103 stabilite \u015fi securitate, e un lucru extraordinar\u201d, a declarat<strong> Gabriel Oprea<\/strong>.<\/p>\n<p data-index=\"3\"><a href=\"https:\/\/www.digi24.ro\/Stiri\/Digi24\/Actualitate\/Politica\/Premierul+Victor+Ponta+isi+ia+concediu+pana+marti\" target=\"_blank\" data-skip-linkfix=\"1\" rel=\"noopener\"><span><strong>Premierul Victor Ponta \u00ee\u0219i ia concediu p\u00e2n\u0103 mar\u021bi<\/strong><\/span><\/a><\/p>\n<p data-index=\"4\">Premierul Victor Ponta l-a delegat pe vicepremierul Gabriel Oprea s\u0103 preia atribu\u021biile de conducere a Guvernului \u00een perioada 19-24 noiembrie. Decizia a fost publicat\u0103 mar\u021bi \u00een Monitorul Oficial nr. 0841.<\/p>\n<p data-index=\"5\">\u201eGre\u0219e\u0219te f\u0103c\u00e2nd asta, pentru c\u0103 este un semnal al retragerii\u201d, a comentat jurnalistul <a href=\"https:\/\/www.digi24.ro\/Stiri\/Digi24\/Actualitate\/Politica\/Emil+Hurezeanu+Dle+Ponta+stai+la+locul+dumitale\" target=\"_blank\" data-skip-linkfix=\"1\" rel=\"noopener\"><strong>Emil Hurezeanu<\/strong><\/a> \u00een emisiunea \u201eJurnalul de Sear\u0103\u201d de la Digi24. \u201eVictor Ponta nu are motive s\u0103 bat\u0103 \u00een defensiv\u0103, s\u0103 par\u0103 sup\u0103rat pe sat\u201d, a ad\u0103ugat Emil Hurezeanu.<\/p>\n<p data-index=\"6\">Victor Ponta a fost \u00eenvins \u00een alegerile preziden\u021biale din 16 noiembrie. \u201eSunt trist!\u201d, a comentat el a doua zi dup\u0103 alegeri, \u00eentr-o conferin\u021b\u0103 de pres\u0103 \u00een care a cerut ca Parlamentul s\u0103 rezolve respingerea legii amnistiei \u0219i s\u0103 dea curs solicit\u0103rilor DNA \u00een privin\u021ba unor ale\u0219i, ceea ce ieri s-a \u0219i \u00eent\u00e2mplat.<\/p>\n<\/div>\n<p> Source URL: https:\/\/www.digi24.ro\/stiri\/actualitate\/politica\/gabriel-oprea-victor-ponta-e-un-om-care-a-muncit-un-tanar-care-a-facut-si-face-pentru-romania-323654<\/p>\n","protected":false},"excerpt":{"rendered":"<p>\u201eEste un om care a muncit, un t\u00e2n\u0103r care a f\u0103cut \u015fi face pentru Rom\u00e2nia, care merit\u0103 tot respectul. Ca \u00eentr-o democra\u0163ie, la 10 \u015fi jum\u0103tate s-a dus \u00een fa\u0163a na\u0163iunii \u015fi l-a felicitat pe domnul pre\u015fedinte Iohannis. A\u015fa se face \u00eentr-o democra\u0163ie \u015fi Rom\u00e2nia e o \u0163ar\u0103 membr\u0103 NATO \u015fi UE. Rom\u00e2nia genereaz\u0103 stabilite [&hellip;]<\/p>\n","protected":false},"author":1,"featured_media":192895,"comment_status":"open","ping_status":"","sticky":false,"template":"","format":"standard","meta":{"footnotes":""},"categories":[2],"tags":[11],"class_list":["post-192894","post","type-post","status-publish","format-standard","has-post-thumbnail","hentry","category-politics","tag-digi24"],"_links":{"self":[{"href":"https:\/\/analyse.optim.biz\/index.php?rest_route=\/wp\/v2\/posts\/192894","targetHints":{"allow":["GET"]}}],"collection":[{"href":"https:\/\/analyse.optim.biz\/index.php?rest_route=\/wp\/v2\/posts"}],"about":[{"href":"https:\/\/analyse.optim.biz\/index.php?rest_route=\/wp\/v2\/types\/post"}],"author":[{"embeddable":true,"href":"https:\/\/analyse.optim.biz\/index.php?rest_route=\/wp\/v2\/users\/1"}],"replies":[{"embeddable":true,"href":"https:\/\/analyse.optim.biz\/index.php?rest_route=%2Fwp%2Fv2%2Fcomments&post=192894"}],"version-history":[{"count":0,"href":"https:\/\/analyse.optim.biz\/index.php?rest_route=\/wp\/v2\/posts\/192894\/revisions"}],"wp:featuredmedia":[{"embeddable":true,"href":"https:\/\/analyse.optim.biz\/index.php?rest_route=\/wp\/v2\/media\/192895"}],"wp:attachment":[{"href":"https:\/\/analyse.optim.biz\/index.php?rest_route=%2Fwp%2Fv2%2Fmedia&parent=192894"}],"wp:term":[{"taxonomy":"category","embeddable":true,"href":"https:\/\/analyse.optim.biz\/index.php?rest_route=%2Fwp%2Fv2%2Fcategories&post=192894"},{"taxonomy":"post_tag","embeddable":true,"href":"https:\/\/analyse.optim.biz\/index.php?rest_route=%2Fwp%2Fv2%2Ftags&post=192894"}],"curies":[{"name":"wp","href":"https:\/\/api.w.org\/{rel}","templated":true}]}}