{"id":1928441,"date":"2026-05-10T17:21:51","date_gmt":"2026-05-10T14:21:51","guid":{"rendered":"https:\/\/analyse.optim.biz\/?p=1928441"},"modified":"2026-05-10T17:21:51","modified_gmt":"2026-05-10T14:21:51","slug":"se-apropie-oprirea-furnizarii-apei-din-barajul-ciresu-pentru-modernizare-istorica","status":"publish","type":"post","link":"https:\/\/analyse.optim.biz\/?p=1928441","title":{"rendered":"Se apropie oprirea furniz\u0103rii apei din Barajul Cire\u0219u pentru modernizare istoric\u0103"},"content":{"rendered":"<p>[analyse_image type=&#8221;featured&#8221; src=&#8221;https:\/\/buzaulinreportaje.ro\/wp-content\/uploads\/2026\/05\/Ciresu-1.jpghttps:\/\/buzaulinreportaje.ro\/wp-content\/uploads\/2026\/05\/Ciresu-1.jpg&#8221;]<\/p>\n<div class=\"entry-content herald-entry-content\">\n<p class=\"has-large-font-size\">Informa\u021bia s\u0103pt\u0103m\u00e2nii \u00een jude\u021bul Buz\u0103u arat\u0103 c\u0103, pe Valea Sl\u0103nicului are loc \u00een cel mai scurt timp posibil, \u00een func\u021bie de vreme, cea mai important\u0103 lucrare, astfel \u00eenc\u00e2t securizarea principalei \u0219i singurei surse de ap\u0103 potabil\u0103 s\u0103 aib\u0103 loc \u00eenainte de lunile secetoase ale verii.<\/p>\n<figure class=\"wp-block-gallery has-nested-images columns-default is-cropped wp-block-gallery-1 is-layout-flex wp-block-gallery-is-layout-flex\">\n<figure class=\"wp-block-image size-large\"><img loading=\"lazy\" decoding=\"async\" width=\"1024\" height=\"1024\" src=\"https:\/\/buzaulinreportaje.ro\/wp-content\/uploads\/2026\/05\/Ciresu-2.jpeg\" alt class=\"wp-image-28164\"><\/figure>\n<\/figure>\n<p class=\"has-large-font-size\">A\u0219adar, acumularea construit\u0103 pentru un volum maxim de 30.000 de metri cubi de ap\u0103 brut\u0103, \u00een Mun\u021bii Buz\u0103ului, la Cire\u0219u, sat din componen\u021ba comunei M\u00e2nz\u0103le\u0219ti intr\u0103 \u00een modernizare!<\/p>\n<p class=\"has-large-font-size\">Subiectul este discutat \u00eenc\u0103 din 2025, <strong><a href=\"https:\/\/buzaulinreportaje.ro\/rezervor-nou-si-stavilar-la-barajul-ciresu-din-judetul-buzau\/\">AICI <\/a><\/strong>ave\u021bi informa\u021biile preg\u0103titoare opera\u021biunii necesare din prezent, <strong><a href=\"https:\/\/buzaulinreportaje.ro\/valea-slanicului-risca-sa-ramana-fara-apa-tinta-investitii-de-anvergura-2\/\">AICI<\/a><\/strong>una dintre solu\u021biile aprig disputate de opinia public\u0103 \u0219tiutoare, dezinteresat\u0103 sau ne\u0219tiutoare, iar<a href=\"https:\/\/buzaulinreportaje.ro\/valea-slanicului-risca-sa-ramana-fara-apa-potabila-1\/\"><strong>AICI <\/strong><\/a>ave\u021bi opinia unuia dintre pu\u021binii ingineri, chiar profesor uiversitar Nicolae M\u0103r\u0103cine care a spus tran\u0219ant \u2013 <strong><em><a href=\"https:\/\/buzaulinreportaje.ro\/valea-slanicului-risca-sa-ramana-fara-apa-potabila-1\/\">VALEA SL\u0102NICULUI RISC\u0102 S\u0102 R\u0102M\u00c2N\u0102 F\u0102R\u0102 AP\u0102!<\/a><\/em><\/strong> (24 octombrie 2025, <a href=\"https:\/\/buzaulinreportaje.ro\/valea-slanicului-risca-sa-ramana-fara-apa-potabila-1\/\">https:\/\/buzaulinreportaje.ro\/valea-slanicului-risca-sa-ramana-fara-apa-potabila-1\/<\/a> ).<\/p>\n<figure class=\"wp-block-image size-large\"><img decoding=\"async\" loading=\"lazy\" width=\"1024\" height=\"683\" src=\"https:\/\/buzaulinreportaje.ro\/wp-content\/uploads\/2026\/05\/Ciresu-4-1024x683.jpg\" alt class=\"wp-image-28165\"><\/figure>\n<p class=\"has-large-font-size\"><strong>S\u0102PT\u0102M\u00c2NA MODERRNIZ\u0102RII, DAC\u0102 VREMEA PERMITE STARTUL LUCR\u0102RILOR.<\/strong> Din 11 mai \u0219i p\u00e2n\u0103 pe 24 mai 2026 sunt programate a avea loc lucr\u0103rile de \u0219antier la barajul Cire\u0219u, incluz\u00e2nd deopotriv\u0103 opinia profesional\u0103 a constructorului, dar \u0219i aspecte ce ar putea s\u0103 \u021bin\u0103 de condi\u021biile meteorologice.<\/p>\n<div class=\"wp-block-image\">\n<figure class=\"aligncenter size-large\"><img decoding=\"async\" loading=\"lazy\" width=\"899\" height=\"1024\" src=\"https:\/\/buzaulinreportaje.ro\/wp-content\/uploads\/2026\/04\/Cosmin-Raican-899x1024.jpg\" alt class=\"wp-image-28059\"><\/figure>\n<\/div>\n<p class=\"has-large-font-size\">Tocmai de aceea, oficialii CAB ne-au informat \u00een cursul zilei de 10 mai 2026 <strong>c\u0103 nu 11 mai<\/strong> este ziua de start a lucr\u0103rilor. Ploaia am\u00e2n\u0103 cu o zi cea mai important\u0103 activitate din zona\u0103, din ultimii ani.<\/p>\n<p class=\"has-large-font-size\">Totu\u0219i, lucr\u0103rile vor avea loc c\u00e2nd vremea se \u00eendreapt\u0103.<\/p>\n<p class=\"has-large-font-size\">Concret, aici vor avea loc lucr\u0103ri de mentenan\u021b\u0103 \u0219i de modernizare absolut necesare, scriu speciali\u0219tii din comunicare ai operatorului regional, Compania de Ap\u0103 Buz\u0103u, \u00eentr-un comunicat de pres\u0103. La Cire\u0219u se face golirea controlat\u0103 a lacului de acumulare din care se livreaz\u0103 ap\u0103 potabil\u0103 c\u0103tre comunele M\u00e2nz\u0103le\u0219ti, Vintil\u0103 Vod\u0103, Beceni, S\u0103rule\u0219ti \u0219i spre satul Fulga, din comuna Cern\u0103te\u0219ti.<\/p>\n<p class=\"has-large-font-size\">Interlocutor ne este economistul Cosmin R\u0103ican, manager al Diviziei Guvernan\u021b\u0103 Corporativ\u0103 din cadrul CAB. Din start dezvolt\u0103 ac\u021biunile care au sunt o parte component\u0103 a Contractului de Lucr\u0103ri 6 din megafinan\u021barea prin POIM \u2013PDD, acest contract av\u00e2nd alocate aproape 102 de milioane de lei, constructorii find Asocierea Coral SRL \u2013 Pet Communications SRL \u2013 Protehnic Instal Hvac SRL.<\/p>\n<p class=\"has-large-font-size\">Primim detaliile anun\u021bate de la ec. Cosmin R\u0103ican.<\/p>\n<p class=\"has-large-font-size\">Oficialul CAB anun\u021b\u0103 c\u0103 are loc \u00eenlocuirea vanei de golire de fund la Barajul Cire\u0219u cu o stavil\u0103 electric\u0103 modern\u0103. Aceast\u0103 component\u0103 este critic\u0103 pentru siguran\u021ba \u00een exploatare a barajului de pe p\u00e2r\u00e2ul Jgheab, sursa principal\u0103 de ap\u0103 brut\u0103 pentru sta\u021bia de tratare din aval.<\/p>\n<p class=\"has-large-font-size\">Conform angajamentului constructorului, \u00eentre 48 \u0219i 72 de ore ar fi necesare pentru lucrare, apoi se va trece la reumplerea bazinului. Intervalul de dou\u0103 s\u0103pt\u0103m\u00e2ni a fost rezervat \u00een eventualitatea condi\u021biilor meteo nefavorabile care pot ap\u0103rea \u00een anumite zile, ceea ce se \u0219i \u00eent\u00e2mpl\u0103 \u00een prezent.<\/p>\n<p class=\"has-large-font-size\">Av\u00e2nd \u00een vedere decizia de a nu folosi drept surs\u0103 alternativ\u0103 Lacul Meledic, deci nu va fi captat\u0103 ap\u0103 din acest lac, speciali\u0219tii Companiei de Ap\u0103 Buz\u0103u, operator regional \u00een zon\u0103, va fi \u00eentocmit un program de furnizare.<\/p>\n<figure class=\"wp-block-gallery has-nested-images columns-default is-cropped wp-block-gallery-2 is-layout-flex wp-block-gallery-is-layout-flex\">\n<div class=\"wp-block-image\">\n<figure class=\"aligncenter size-large\"><img decoding=\"async\" loading=\"lazy\" width=\"1024\" height=\"1024\" src=\"https:\/\/buzaulinreportaje.ro\/wp-content\/uploads\/2026\/05\/Ciresu-3.jpeg\" alt class=\"wp-image-28168\"><\/figure>\n<\/div>\n<\/figure>\n<p class=\"has-large-font-size\"><strong>AP\u0102 POTABIL\u0102, \u00ceN REZERVOARE AMPLASATE \u00ceN SPA\u021aII PUBLICE \u0218I MONITORIZATE. <\/strong>De asemenea, Compania de Ap\u0103 Buz\u0103u va asigura prin intermediul autorit\u0103\u021bilor locale amplasarea unor rezervoare cu ap\u0103 potabil\u0103 \u00een apropierea Prim\u0103riilor din zonele afectate, \u00een arii cu supraveghere video. Red\u0103m \u00eentocmai comunicarea f\u0103cut\u0103 de c\u0103tre serviciul de specialitate al CAB.<\/p>\n<div class=\"wp-block-image\">\n<figure class=\"aligncenter size-large\"><img decoding=\"async\" loading=\"lazy\" width=\"1024\" height=\"1024\" src=\"https:\/\/buzaulinreportaje.ro\/wp-content\/uploads\/2026\/05\/cab-22-1024x1024.jpg\" alt class=\"wp-image-28170\"><\/figure>\n<\/div>\n<p>\ud835\udc14\ud835\udc00\ud835\udc13 \ud835\udc0c\ud835\udc1a\u0302\ud835\udc27\ud835\udc33\ud835\udc1a\u0306\ud835\udc25\ud835\udc1e\ud835\udc2c\u0326\ud835\udc2d\ud835\udc22:<\/p>\n<p>Rezervoare fixe asigurate de Compania de Ap\u0103 Buz\u0103u:<\/p>\n<p>\u2013 Un rezervor \u00een parcarea supermarket-ului din M\u00e2nz\u0103le\u0219ti<\/p>\n<p>\u2013 Un rezervor \u00een parcarea Prim\u0103riei<\/p>\n<p>Cisterna Companiei de Ap\u0103 Buz\u0103u, \u00een intervalul orar 09.00-11.00, se va afla \u00een parcarea Prim\u0103riei.<\/p>\n<p>Prim\u0103ria M\u00e2nz\u0103le\u0219ti va asigura distribu\u021bia de ap\u0103 cu mijloc auto propriu \u0219i cistern\u0103 de ap\u0103 cu capaciatatea de 8 metri cubi.<\/p>\n<p>De asemenea, la cerere, va furniza ap\u0103 menajer\u0103 cu autospeciala de pompieri a Prim\u0103riei.<\/p>\n<p>\u2022 \ud835\udc14\ud835\udc00\ud835\udc13 \ud835\udc15\ud835\udc22\ud835\udc27\ud835\udc2d\ud835\udc22\ud835\udc25\ud835\udc1a\u0306 \ud835\udc15\ud835\udc28\ud835\udc1d\ud835\udc1a\u0306<\/p>\n<p>Rezervoare fixe asigurate de Compania de Ap\u0103 Buz\u0103u:<\/p>\n<p>\u2013 Un rezervor la \u0218coala din Podu Muncii<\/p>\n<p>\u2013 Un rezervor la C\u0103minul Cultural din Nicule\u0219ti<\/p>\n<p>\u2013 Un rezervor la Prim\u0103ria din Vintil\u0103 Vod\u0103<\/p>\n<p>\u2013 Un rezervor la \u0218coala din S\u00e2rbe\u0219ti<\/p>\n<p>Suplimentar fa\u021b\u0103 de rezervoarele furnizate de Compania de Ap\u0103 Buz\u0103u, Prim\u0103ria din localitate va instala trei rezervoare la \u0218coala din Vintil\u0103 Vod\u0103.<\/p>\n<p>Cisterna Companiei de Ap\u0103 Buz\u0103u, \u00een intervalul orar 12.00-14.00, se va afla \u00een parcarea Prim\u0103riei, pentru utilizatorii din zona de blocuri.<\/p>\n<p>Prim\u0103ria va asigura, la cerere, distribu\u021bia apei \u00een interiorul localit\u0103\u021bilor, utiliz\u00e2nd mijloc auto propriu \u0219i dou\u0103 rezervoare de 1 metru cub.<\/p>\n<p>\u2022 \ud835\udc14\ud835\udc00\ud835\udc13 \ud835\udc01\ud835\udc1e\ud835\udc1c\ud835\udc1e\ud835\udc27\ud835\udc22<\/p>\n<p>Rezervoare fixe asigurate de Compania de Ap\u0103 Buz\u0103u:<\/p>\n<p>\u2013 Un rezervor la \u0218coala din Izvoru Dulce<\/p>\n<p>\u2013 Un rezervor la \u0218coala din Valea P\u0103rului<\/p>\n<p>\u2013 Un rezervor la \u0218coala din Beceni<\/p>\n<p>\u2013 Dou\u0103 rezervoare la Liceul Beceni<\/p>\n<p>\u2013 Dou\u0103 rezervoare la \u0218coala din Dimiana.<\/p>\n<p>Cisterna Companiei de Ap\u0103 Buz\u0103u, \u00een intervalul orar 16.00-18.00 se va afla \u00een spatele blocurilor din Beceni, pentru utilizatorii din zona de blocuri.<\/p>\n<p>Suplimentar fa\u021b\u0103 de rezervoarele fixe asigurate de Compania de Ap\u0103 Buz\u0103u, Prim\u0103ria Beceni va amplasa \u00eenc\u0103 alte 6 (\u0219ase) rezervoare la \u0219coli, gr\u0103dini\u021be, dispensar \u0219i Prim\u0103rie.<\/p>\n<p>Prim\u0103ria va asigura, la cerere, distribu\u021bia apei \u00een interiorul localit\u0103\u021bilor, utiliz\u00e2nd mijloc auto propriu.<\/p>\n<p>\ud835\udc14\ud835\udc00\ud835\udc13 \ud835\udc02\ud835\udc1e\ud835\udc2b\ud835\udc27\ud835\udc1a\u0306\ud835\udc2d\ud835\udc1e\ud835\udc2c\u0326\ud835\udc2d\ud835\udc22 \u2013 \ud835\udc12\ud835\udc1a\ud835\udc2d \ud835\udc05\ud835\udc2e\ud835\udc25\ud835\udc20\ud835\udc1a<\/p>\n<p>Rezervoare fixe asigurate de Compania de Ap\u0103 Buz\u0103u:<\/p>\n<p>\u2013 Un rezervor \u00een sta\u021bia cap\u0103t de linie autobuz 22<\/p>\n<p>\u2013 Un rezervor \u00een parcarea Bisericii din Fulga.<\/p>\n<p>Prim\u0103ria va asigura, la cerere, distribu\u021bia apei \u00een interiorul localit\u0103\u021bii Fulga, utiliz\u00e2nd mijloc auto propriu.<\/p>\n<div class=\"herald-share-content\">\n<div class=\"meks_ess layout-5-1 transparent no-labels solid\"><a href=\"https:\/\/buzaulinreportaje.ro\/se-apropie-oprirea-furnizarii-apei-din-barajul-ciresu-pentru-modernizare-istorica\/\" class=\"meks_ess-item socicon-facebook\" data-url=\"http:\/\/www.facebook.com\/sharer\/sharer.php?u=https%3A%2F%2Fbuzaulinreportaje.ro%2Fse-apropie-oprirea-furnizarii-apei-din-barajul-ciresu-pentru-modernizare-istorica%2F&amp;t=Se%20apropie%20oprirea%20furniz%C4%83rii%20apei%20din%20Barajul%20Cire%C8%99u%20pentru%20modernizare%20istoric%C4%83\"><span>Facebook<\/span><\/a><a href=\"https:\/\/api.whatsapp.com\/send?text=Se%20apropie%20oprirea%20furniz%C4%83rii%20apei%20din%20Barajul%20Cire%C8%99u%20pentru%20modernizare%20istoric%C4%83%20https%3A%2F%2Fbuzaulinreportaje.ro%2Fse-apropie-oprirea-furnizarii-apei-din-barajul-ciresu-pentru-modernizare-istorica%2F\" class=\"meks_ess-item socicon-whatsapp prevent-share-popup\"><span>WhatsApp<\/span><\/a><a href=\"https:\/\/buzaulinreportaje.ro\/se-apropie-oprirea-furnizarii-apei-din-barajul-ciresu-pentru-modernizare-istorica\/\" class=\"meks_ess-item socicon-twitter\" data-url=\"http:\/\/twitter.com\/intent\/tweet?url=https%3A%2F%2Fbuzaulinreportaje.ro%2Fse-apropie-oprirea-furnizarii-apei-din-barajul-ciresu-pentru-modernizare-istorica%2F&amp;text=Se%20apropie%20oprirea%20furniz%C4%83rii%20apei%20din%20Barajul%20Cire%C8%99u%20pentru%20modernizare%20istoric%C4%83\"><span>X<\/span><\/a><\/div>\n<\/div>\n<\/div>\n<p>[analyse_source url=&#8221;https:\/\/buzaulinreportaje.ro\/se-apropie-oprirea-furnizarii-apei-din-barajul-ciresu-pentru-modernizare-istorica\/&#8221;]<\/p>\n","protected":false},"excerpt":{"rendered":"<p>[analyse_image type=&#8221;featured&#8221; src=&#8221;https:\/\/buzaulinreportaje.ro\/wp-content\/uploads\/2026\/05\/Ciresu-1.jpghttps:\/\/buzaulinreportaje.ro\/wp-content\/uploads\/2026\/05\/Ciresu-1.jpg&#8221;] Informa\u021bia s\u0103pt\u0103m\u00e2nii \u00een jude\u021bul Buz\u0103u arat\u0103 c\u0103, pe Valea Sl\u0103nicului are loc \u00een cel mai scurt timp posibil, \u00een func\u021bie de vreme, cea mai important\u0103 lucrare, astfel \u00eenc\u00e2t securizarea principalei \u0219i singurei surse de ap\u0103 potabil\u0103 s\u0103 aib\u0103 loc \u00eenainte de lunile secetoase ale verii. A\u0219adar, acumularea construit\u0103 pentru un volum maxim [&hellip;]<\/p>\n","protected":false},"author":1,"featured_media":0,"comment_status":"open","ping_status":"","sticky":false,"template":"","format":"standard","meta":{"footnotes":""},"categories":[2],"tags":[59,226],"class_list":["post-1928441","post","type-post","status-publish","format-standard","hentry","category-politics","tag-buzaulinreportaje-ro","tag-crawlmanager"],"_links":{"self":[{"href":"https:\/\/analyse.optim.biz\/index.php?rest_route=\/wp\/v2\/posts\/1928441","targetHints":{"allow":["GET"]}}],"collection":[{"href":"https:\/\/analyse.optim.biz\/index.php?rest_route=\/wp\/v2\/posts"}],"about":[{"href":"https:\/\/analyse.optim.biz\/index.php?rest_route=\/wp\/v2\/types\/post"}],"author":[{"embeddable":true,"href":"https:\/\/analyse.optim.biz\/index.php?rest_route=\/wp\/v2\/users\/1"}],"replies":[{"embeddable":true,"href":"https:\/\/analyse.optim.biz\/index.php?rest_route=%2Fwp%2Fv2%2Fcomments&post=1928441"}],"version-history":[{"count":0,"href":"https:\/\/analyse.optim.biz\/index.php?rest_route=\/wp\/v2\/posts\/1928441\/revisions"}],"wp:attachment":[{"href":"https:\/\/analyse.optim.biz\/index.php?rest_route=%2Fwp%2Fv2%2Fmedia&parent=1928441"}],"wp:term":[{"taxonomy":"category","embeddable":true,"href":"https:\/\/analyse.optim.biz\/index.php?rest_route=%2Fwp%2Fv2%2Fcategories&post=1928441"},{"taxonomy":"post_tag","embeddable":true,"href":"https:\/\/analyse.optim.biz\/index.php?rest_route=%2Fwp%2Fv2%2Ftags&post=1928441"}],"curies":[{"name":"wp","href":"https:\/\/api.w.org\/{rel}","templated":true}]}}