{"id":192746,"date":"2014-11-20T14:27:44","date_gmt":"2014-11-20T11:27:44","guid":{"rendered":"https:\/\/analyse.optim.biz\/?p=192746"},"modified":"2014-11-20T14:27:44","modified_gmt":"2014-11-20T11:27:44","slug":"fostul-presedinte-al-poloniei-despre-prabusirea-comunismului-cand-am-incercat-sa-ne-opunem-regimului-eram-intrebati-cui-va-opuneti","status":"publish","type":"post","link":"https:\/\/analyse.optim.biz\/?p=192746","title":{"rendered":"Fostul pre\u0219edinte al Poloniei, despre pr\u0103bu\u0219irea comunismului: \u201eC\u00e2nd am \u00eencercat s\u0103 ne opunem regimului eram \u00eentreba\u0163i: cui v\u0103 opune\u0163i?\u201d"},"content":{"rendered":"<div class=\"entry data-app-meta data-app-meta-article\" data-embed-base-url-canonical=\"https:\/\/www.digi24.ro\/embed\/stiri\/actualitate\/politica\/fostul-presedinte-al-poloniei-despre-prabusirea-comunismului-cand-am-incercat-sa-ne-opunem-regimului-eram-intrebati-cui-va-opuneti-324298\">\n<p data-index=\"1\">Lech Walesa a spus c\u0103, acum 25 de ani, viziunea lumii era controlat\u0103 de 250.000 de solda\u0163i din fosta URSS, iar comunismul era monitorizat prin alt milion de trupe sovietice \u00een apropierea Poloniei.<\/p>\n<p data-index=\"2\">\u201e\u00cen plus existau acele arme nucleare din diferite \u0163\u0103ri. <strong>C\u00e2nd am \u00eencercat s\u0103 ne opunem regimului eram \u00eentreba\u0163i: cui v\u0103 opune\u0163i. Nu ave\u0163i nicio \u015fans\u0103 s\u0103 \u00eenl\u0103tura\u0163i comunismul. Am dorit s\u0103 evit\u0103m orice explozii, ne-am consultat cu liderii lumii. Am \u00eentrebat dac\u0103 exist\u0103 vreo \u015fans\u0103 s\u0103 sc\u0103p\u0103m de comunism. Nici unul nu a afirmat c\u0103 ar exita o \u015fans\u0103.<\/strong> Foarte mul\u0163i sus\u0163in \u00een prezent c\u0103 nu avem posibibilitatea s\u0103 integr\u0103m Europa \u015fi s\u0103 cl\u0103dim o lume globalizat\u0103. Cu siguran\u0163\u0103 vom e\u015fua dac\u0103 vom continua s\u0103 g\u00e2ndim \u00een stilul vechi. Am devenit vr\u0103ji\u0163i de trupe, tancuri, solda\u0163i. \u00a0Dac\u0103 am fi calculat num\u0103rul de solda\u0163i \u015fi de tancuri nu am fi avut nicio \u015fans\u0103\u201d, a declarat Lech Walesa \u00een cadrul conferin\u021bei.\u00a0<\/p>\n<p data-index=\"3\"><strong>Fostul pre\u0219edinte al Poloniei a mai spus c\u0103 dac\u0103 dorim s\u0103 construim o Europ\u0103 frumoas\u0103 ar trebui s\u0103 revenim la valori.<\/strong>\u00a0\u201eS\u0103 combin\u0103m valorile \u015fi dimensiunea material\u0103. C\u00e2nd vorbim de valori, acestea trebuie s\u0103 fie convenite \u015fi acceptate de c\u0103tre toate religiile \u015fi persoanele nereligioase.\u00a0Avem nevoie de dezbateri, avem nevoie de emo\u0163ii c\u0103 cea pe care le-a\u0163i ar\u0103tat \u015fi dumneavoastr\u0103. Avem nevoie de greve, de proteste pentru ca noi s\u0103 g\u0103sim solu\u0163iile bune \u015fi pentru a alege oamenii responsabili \u015fi potrivi\u0163i \u015fi atunci vor spune despre genera\u0163ia noastr\u0103 c\u0103 nu doar a fost bun\u0103 \u00een a distruge fosta ordine global\u0103 ci a construit o lume mai bun\u0103\u201d, a spus fostul pre\u0219edinte al Poloniei.\u00a0<\/p>\n<\/div>\n<p> Source URL: https:\/\/www.digi24.ro\/stiri\/actualitate\/politica\/fostul-presedinte-al-poloniei-despre-prabusirea-comunismului-cand-am-incercat-sa-ne-opunem-regimului-eram-intrebati-cui-va-opuneti-324298<\/p>\n","protected":false},"excerpt":{"rendered":"<p>Lech Walesa a spus c\u0103, acum 25 de ani, viziunea lumii era controlat\u0103 de 250.000 de solda\u0163i din fosta URSS, iar comunismul era monitorizat prin alt milion de trupe sovietice \u00een apropierea Poloniei. \u201e\u00cen plus existau acele arme nucleare din diferite \u0163\u0103ri. C\u00e2nd am \u00eencercat s\u0103 ne opunem regimului eram \u00eentreba\u0163i: cui v\u0103 opune\u0163i. Nu [&hellip;]<\/p>\n","protected":false},"author":1,"featured_media":192747,"comment_status":"open","ping_status":"","sticky":false,"template":"","format":"standard","meta":{"footnotes":""},"categories":[2],"tags":[11],"class_list":["post-192746","post","type-post","status-publish","format-standard","has-post-thumbnail","hentry","category-politics","tag-digi24"],"_links":{"self":[{"href":"https:\/\/analyse.optim.biz\/index.php?rest_route=\/wp\/v2\/posts\/192746","targetHints":{"allow":["GET"]}}],"collection":[{"href":"https:\/\/analyse.optim.biz\/index.php?rest_route=\/wp\/v2\/posts"}],"about":[{"href":"https:\/\/analyse.optim.biz\/index.php?rest_route=\/wp\/v2\/types\/post"}],"author":[{"embeddable":true,"href":"https:\/\/analyse.optim.biz\/index.php?rest_route=\/wp\/v2\/users\/1"}],"replies":[{"embeddable":true,"href":"https:\/\/analyse.optim.biz\/index.php?rest_route=%2Fwp%2Fv2%2Fcomments&post=192746"}],"version-history":[{"count":0,"href":"https:\/\/analyse.optim.biz\/index.php?rest_route=\/wp\/v2\/posts\/192746\/revisions"}],"wp:featuredmedia":[{"embeddable":true,"href":"https:\/\/analyse.optim.biz\/index.php?rest_route=\/wp\/v2\/media\/192747"}],"wp:attachment":[{"href":"https:\/\/analyse.optim.biz\/index.php?rest_route=%2Fwp%2Fv2%2Fmedia&parent=192746"}],"wp:term":[{"taxonomy":"category","embeddable":true,"href":"https:\/\/analyse.optim.biz\/index.php?rest_route=%2Fwp%2Fv2%2Fcategories&post=192746"},{"taxonomy":"post_tag","embeddable":true,"href":"https:\/\/analyse.optim.biz\/index.php?rest_route=%2Fwp%2Fv2%2Ftags&post=192746"}],"curies":[{"name":"wp","href":"https:\/\/api.w.org\/{rel}","templated":true}]}}