{"id":192717,"date":"2014-11-21T12:05:06","date_gmt":"2014-11-21T09:05:06","guid":{"rendered":"https:\/\/analyse.optim.biz\/?p=192717"},"modified":"2014-11-21T12:05:06","modified_gmt":"2014-11-21T09:05:06","slug":"e-boc-despre-gafele-facute-de-v-ponta-daca-ai-10-procente-diferenta-intre-primul-tur-si-al-doilea-numai-un-tsunami-te-poate-omori","status":"publish","type":"post","link":"https:\/\/analyse.optim.biz\/?p=192717","title":{"rendered":"E. Boc, despre gafele f\u0103cute de V. Ponta: \u201eDac\u0103 ai 10 procente diferen\u021b\u0103 \u00eentre primul tur \u0219i al doilea, numai un tsunami te poate omor\u00ee!\u201d"},"content":{"rendered":"<div class=\"entry data-app-meta data-app-meta-article\" data-embed-base-url-canonical=\"https:\/\/www.digi24.ro\/embed\/stiri\/actualitate\/politica\/e-boc-despre-gafele-facute-de-v-ponta-daca-ai-10-procente-diferenta-intre-primul-tur-si-al-doilea-numai-un-tsunami-te-poate-omori-324611\">\n<p data-index=\"1\"><img decoding=\"async\" src=\"https:\/\/analyse.optim.biz\/wp-content\/uploads\/2024\/09\/odawjmhhc2g9mjm4ytuxmzjlmgqymgi0m2yzodhlndmzzdawnwjlntc-thumb_.jpg\" data-skip-htmlfix=\"1\" title=\"odawjmhhc2g9mjm4ytuxmzjlmgqymgi0m2yzodhlndmzzdawnwjlntc-thumb_\"><\/p>\n<p data-index=\"2\">Fostul premier Emil Boc\u00a0a spus c\u0103 se a\u0219tepta ca\u00a0Klaus Iohannis\u00a0s\u0103 c\u00e2\u0219tige alegerile, pe fondul gafelor comise de\u00a0Victor Ponta. \u201eE o surpriz\u0103 procentul cu care a c\u00e2\u0219tigat. Nu credeam \u00een diferen\u021ba asta de 10 procente.<\/p>\n<p data-index=\"3\"><strong>Dup\u0103 modul cum au evoluat lucrurile am avut sentimentul c\u0103 va c\u00e2\u0219tiga domnul Iohannis la o diferen\u021b\u0103 minim\u0103 \u0219i m\u0103 tot miram de faptul c\u0103\u00a0premierul\u00a0Ponta las\u0103 s\u0103 curg\u0103 fiecare zi \u00eempotriva lui \u0219i nimeni nu l-a sf\u0103tuit ce s\u0103 fac\u0103.<\/strong> Dac\u0103 lua un\u00a0student\u00a0de la \u0218tiin\u021be Politice de la\u00a0Cluj\u00a0i-ar fi spus c\u0103 dac\u0103 ai 10 procente diferen\u021b\u0103 \u00eentre primul tur \u0219i al doilea, numai un tsunami te poate omor\u00ee, adic\u0103 un val care s\u0103 se creeze. Tu trebuie s\u0103 vezi ce poate alimenta valul acesta \u0219i acolo trebuie s\u0103 intervii. \u00cen loc s\u0103 opreasc\u0103 valul, a pornit o furtun\u0103 s\u0103 fac\u0103 valul \u0219i\u00a0mai\u00a0mare. La el erau p\u00e2rghiile ca valul s\u0103 nu fie creat\u201d, a declarat\u00a0Emil Boc pentru\u00a0<a href=\"http:\/\/www.stiridecluj.ro\/politic\/emil-boc-este-uluit-de-gafele-lui-ponta-din-campanie-ma-asteptam-sa-invinga-iohannis-ponta-a-fost-prost-sfatuit\" data-skip-linkfix=\"1\">stiridecluj.r<\/a>o.<\/p>\n<p data-index=\"4\"><strong>Fostul\u00a0premier\u00a0s-a pus \u00een locul lui\u00a0Victor Ponta\u00a0\u0219i a explicat ce ar fi f\u0103cut s\u0103 evite dezastrul. \u201e<\/strong>Dac\u0103 eram \u00een locul lui\u00a0Victor Ponta\u00a0a\u0219 fi folosit urm\u0103torul argument: Domnul\u00a0Ponta\u00a0declara c\u0103 \u00een 1990 l-a votat pe domnul Ra\u021biu. A\u0219 fi venit \u00een fa\u021ba opiniei publice \u0219i a\u0219 fi spus: \u201eEu, care l-am votat pe domnul Ra\u021biu \u00een 1990, \u00eemi amintesc c\u0103 a spus fraza celebr\u0103 \u201dEu m\u0103 voi lupta p\u00e2n\u0103 la ultima pic\u0103tur\u0103 pentru ca tu s\u0103 ai dreptul s\u0103 nu fii de\u00a0acord\u00a0cu mine\u201d.\u00a0Ponta\u00a0ar fi trebuit s\u0103 spun\u0103 c\u0103 \u201dEu vreau s\u0103 fiu un pre\u0219edinte legitim \u0219imai\u00a0bine s\u0103 pierd alegerile dec\u00e2t un rom\u00e2n s\u0103 nu aib\u0103 dreptul s\u0103 voteze \u00een str\u0103in\u0103tate, pentru c\u0103 eu vreau s\u0103 fiu pre\u0219edintele care une\u0219te\u201d.\u00a0<\/p>\n<p data-index=\"5\">T<\/p>\n<\/div>\n<p> Source URL: https:\/\/www.digi24.ro\/stiri\/actualitate\/politica\/e-boc-despre-gafele-facute-de-v-ponta-daca-ai-10-procente-diferenta-intre-primul-tur-si-al-doilea-numai-un-tsunami-te-poate-omori-324611<\/p>\n","protected":false},"excerpt":{"rendered":"<p>Fostul premier Emil Boc\u00a0a spus c\u0103 se a\u0219tepta ca\u00a0Klaus Iohannis\u00a0s\u0103 c\u00e2\u0219tige alegerile, pe fondul gafelor comise de\u00a0Victor Ponta. \u201eE o surpriz\u0103 procentul cu care a c\u00e2\u0219tigat. Nu credeam \u00een diferen\u021ba asta de 10 procente. Dup\u0103 modul cum au evoluat lucrurile am avut sentimentul c\u0103 va c\u00e2\u0219tiga domnul Iohannis la o diferen\u021b\u0103 minim\u0103 \u0219i m\u0103 tot [&hellip;]<\/p>\n","protected":false},"author":1,"featured_media":192718,"comment_status":"open","ping_status":"","sticky":false,"template":"","format":"standard","meta":{"footnotes":""},"categories":[2],"tags":[11],"class_list":["post-192717","post","type-post","status-publish","format-standard","has-post-thumbnail","hentry","category-politics","tag-digi24"],"_links":{"self":[{"href":"https:\/\/analyse.optim.biz\/index.php?rest_route=\/wp\/v2\/posts\/192717","targetHints":{"allow":["GET"]}}],"collection":[{"href":"https:\/\/analyse.optim.biz\/index.php?rest_route=\/wp\/v2\/posts"}],"about":[{"href":"https:\/\/analyse.optim.biz\/index.php?rest_route=\/wp\/v2\/types\/post"}],"author":[{"embeddable":true,"href":"https:\/\/analyse.optim.biz\/index.php?rest_route=\/wp\/v2\/users\/1"}],"replies":[{"embeddable":true,"href":"https:\/\/analyse.optim.biz\/index.php?rest_route=%2Fwp%2Fv2%2Fcomments&post=192717"}],"version-history":[{"count":0,"href":"https:\/\/analyse.optim.biz\/index.php?rest_route=\/wp\/v2\/posts\/192717\/revisions"}],"wp:featuredmedia":[{"embeddable":true,"href":"https:\/\/analyse.optim.biz\/index.php?rest_route=\/wp\/v2\/media\/192718"}],"wp:attachment":[{"href":"https:\/\/analyse.optim.biz\/index.php?rest_route=%2Fwp%2Fv2%2Fmedia&parent=192717"}],"wp:term":[{"taxonomy":"category","embeddable":true,"href":"https:\/\/analyse.optim.biz\/index.php?rest_route=%2Fwp%2Fv2%2Fcategories&post=192717"},{"taxonomy":"post_tag","embeddable":true,"href":"https:\/\/analyse.optim.biz\/index.php?rest_route=%2Fwp%2Fv2%2Ftags&post=192717"}],"curies":[{"name":"wp","href":"https:\/\/api.w.org\/{rel}","templated":true}]}}