{"id":192703,"date":"2014-11-21T12:17:30","date_gmt":"2014-11-21T09:17:30","guid":{"rendered":"https:\/\/analyse.optim.biz\/?p=192703"},"modified":"2014-11-21T12:17:30","modified_gmt":"2014-11-21T09:17:30","slug":"discursul-presedintelui-ales-klaus-iohannis-romanii-prin-votul-lor-au-spus-foarte-clar-stop-si-de-la-capat","status":"publish","type":"post","link":"https:\/\/analyse.optim.biz\/?p=192703","title":{"rendered":"Discursul pre\u0219edintelui ales Klaus Iohannis: \u201eRom\u00e2nii, prin votul lor, au spus foarte clar stop \u0219i de la cap\u0103t\u201d"},"content":{"rendered":"<div class=\"entry data-app-meta data-app-meta-article\" data-embed-base-url-canonical=\"https:\/\/www.digi24.ro\/embed\/stiri\/actualitate\/politica\/discursul-presedintelui-ales-klaus-iohannis-romanii-prin-votul-lor-au-spus-foarte-clar-stop-si-de-la-capat-324625\">\n<p data-index=\"1\">\u201eRemarc c\u0103 acum dup\u0103 25 ani de la Revolu\u021bia Rom\u00e2n\u0103 se \u00eencheie o etap\u0103. Rom\u00e2nii, prin votul lor, au spus foarte clar stop \u0219i de la cap\u0103t. Privesc cu toat\u0103 r\u0103spunderea drumul greu care ne a\u0219teapt\u0103 la cap\u0103tul c\u0103ruia se afl\u0103 Rom\u00e2nia puternic\u0103. Le spun rom\u00e2nilor c\u0103 se poate, se poate construi o Rom\u00e2nie puternic\u0103 \u0219i prosper\u0103. Nu se poate de azi pe m\u00e2ine. Le vom construi \u00een timp \u0219i pas cu pas\u201d, a spus Klaus Iohannis.<\/p>\n<p data-index=\"2\"><strong>\u201eConstitu\u021bia Rom\u00e2niei e bun\u0103. Este sigur nevoie de o revizuire din diferite motive. V\u0103 spun cu toat\u0103 fermitatea c\u0103 voi fi<\/strong> pre\u0219edintele care respect\u0103 Constitu\u021bia \u00een litera \u0219i spiritul ei. Vreau s\u0103 reconectez pre\u0219edintele Rom\u00e2niei cu Constitu\u021bia\u201d, a mai spus pre\u0219edintele ales. \u00a0<\/p>\n<h2 id=\"highlight-324625-1\"><a href=\"https:\/\/www.digi24.ro\/Stiri\/Digi24\/Actualitate\/Politica\/KLAUS+IOHANNIS+PRESEDINTE\" target=\"_blank\" data-skip-linkfix=\"1\" rel=\"noopener\">Curtea Constitu\u021bional\u0103 a validat mandatul de pre\u0219edinte al lui Klaus Iohannis. Traian B\u0103sescu particip\u0103 la ceremonia festiv\u0103<\/a><\/h2>\n<p data-index=\"3\">Curtea Constitu\u0163ional\u0103 a Rom\u00e2niei a validat mandatul de pre\u015fedinte ob\u0163inut de Klaus Iohannis pe 16 noiembrie. Ceremonia a avut loc \u00eencep\u00e2nd cu ora 12:00 \u015fi la ea a fost invitat \u015fi actualul \u015fef al statului, Traian B\u0103sescu. <strong>\u00cens\u0103 abia dup\u0103 21 decembrie Klaus Iohannis se va instala \u00een func\u0163ie, la Palatul Cotroceni.<\/strong><\/p>\n<\/div>\n<p> Source URL: https:\/\/www.digi24.ro\/stiri\/actualitate\/politica\/discursul-presedintelui-ales-klaus-iohannis-romanii-prin-votul-lor-au-spus-foarte-clar-stop-si-de-la-capat-324625<\/p>\n","protected":false},"excerpt":{"rendered":"<p>\u201eRemarc c\u0103 acum dup\u0103 25 ani de la Revolu\u021bia Rom\u00e2n\u0103 se \u00eencheie o etap\u0103. Rom\u00e2nii, prin votul lor, au spus foarte clar stop \u0219i de la cap\u0103t. Privesc cu toat\u0103 r\u0103spunderea drumul greu care ne a\u0219teapt\u0103 la cap\u0103tul c\u0103ruia se afl\u0103 Rom\u00e2nia puternic\u0103. Le spun rom\u00e2nilor c\u0103 se poate, se poate construi o Rom\u00e2nie puternic\u0103 [&hellip;]<\/p>\n","protected":false},"author":1,"featured_media":192704,"comment_status":"open","ping_status":"","sticky":false,"template":"","format":"standard","meta":{"footnotes":""},"categories":[2],"tags":[11],"class_list":["post-192703","post","type-post","status-publish","format-standard","has-post-thumbnail","hentry","category-politics","tag-digi24"],"_links":{"self":[{"href":"https:\/\/analyse.optim.biz\/index.php?rest_route=\/wp\/v2\/posts\/192703","targetHints":{"allow":["GET"]}}],"collection":[{"href":"https:\/\/analyse.optim.biz\/index.php?rest_route=\/wp\/v2\/posts"}],"about":[{"href":"https:\/\/analyse.optim.biz\/index.php?rest_route=\/wp\/v2\/types\/post"}],"author":[{"embeddable":true,"href":"https:\/\/analyse.optim.biz\/index.php?rest_route=\/wp\/v2\/users\/1"}],"replies":[{"embeddable":true,"href":"https:\/\/analyse.optim.biz\/index.php?rest_route=%2Fwp%2Fv2%2Fcomments&post=192703"}],"version-history":[{"count":0,"href":"https:\/\/analyse.optim.biz\/index.php?rest_route=\/wp\/v2\/posts\/192703\/revisions"}],"wp:featuredmedia":[{"embeddable":true,"href":"https:\/\/analyse.optim.biz\/index.php?rest_route=\/wp\/v2\/media\/192704"}],"wp:attachment":[{"href":"https:\/\/analyse.optim.biz\/index.php?rest_route=%2Fwp%2Fv2%2Fmedia&parent=192703"}],"wp:term":[{"taxonomy":"category","embeddable":true,"href":"https:\/\/analyse.optim.biz\/index.php?rest_route=%2Fwp%2Fv2%2Fcategories&post=192703"},{"taxonomy":"post_tag","embeddable":true,"href":"https:\/\/analyse.optim.biz\/index.php?rest_route=%2Fwp%2Fv2%2Ftags&post=192703"}],"curies":[{"name":"wp","href":"https:\/\/api.w.org\/{rel}","templated":true}]}}