{"id":192658,"date":"2014-11-22T07:52:51","date_gmt":"2014-11-22T04:52:51","guid":{"rendered":"https:\/\/analyse.optim.biz\/?p=192658"},"modified":"2014-11-22T07:52:51","modified_gmt":"2014-11-22T04:52:51","slug":"legile-pe-care-le-ar-propune-tinerii-impozit-pentru-biserici-sau-vot-obligatoriu","status":"publish","type":"post","link":"https:\/\/analyse.optim.biz\/?p=192658","title":{"rendered":"Legile pe care le-ar propune tinerii: impozit pentru biserici sau vot obligatoriu"},"content":{"rendered":"<div class=\"entry data-app-meta data-app-meta-article\" data-embed-base-url-canonical=\"https:\/\/www.digi24.ro\/embed\/stiri\/actualitate\/politica\/legile-pe-care-le-ar-propune-tinerii-impozit-pentru-biserici-sau-vot-obligatoriu-324987\">\n<p data-index=\"1\">Din Cluj, Sibiu, Ia\u015fi sau Bucure\u015fti, 120 de elevi \u015fi studen\u0163i au dat pentru c\u00e2teva zile b\u0103ncile \u015fcolii pe cele ale parlamentului. Au luat \u00een dezbatere peste 20 de proiecte de lege. M\u0103d\u0103lina are 22 de ani \u015fi este absolvent\u0103 de Drept. \u00cen Parlamentul Tinerilor, este membr\u0103 a Partidului Democrat -Liberal.<\/p>\n<p data-index=\"2\">\u201e<span>Proiectul meu face referire la impozitarea bisericilor \u015fi mi se pare absolut fundamental pentru c\u0103 Biserica \u00eencepe s\u0103 devin\u0103 din ce \u00een ce mai tare o societate comercial\u0103, care are rulaje foarte mari \u015fi scoate profituri foarte mari, ceea ce contravine statutului de organiza\u0163ie cu scop non-lucrativ\u201d, sus\u0163ine ea.<\/span><\/p>\n<p data-index=\"3\">Un alt t\u00e2n\u0103r \u201edeputat\u201d, membru al comisiei pentru drepturile omului, vrea s\u0103 \u00eei lase f\u0103r\u0103 func\u0163ii pe parlamentarii care fac declara\u0163ii discriminatorii. Al\u0163ii cer nici mai mult, nici mai pu\u0163in, dec\u00e2t vot obligatoriu.<\/p>\n<p data-index=\"4\">\u201e\u00cen urma a trei tentative de discriminare, dau exemplul acum Gabriela Vr\u00e2nceanu Firea \u00eempotriva lui Iohannis, s\u0103 fie demis din acea func\u0163ie\u201d<\/p>\n<p data-index=\"5\">Ilinca crede c\u0103 a g\u0103sit solu\u0163ia pentru a convinge c\u00e2t mai mul\u0163i cet\u0103\u0163eni s\u0103 participe la via\u0163a politic\u0103.<\/p>\n<p data-index=\"6\">\u201eVotul universal obligatoriu<span> &#8230; odat\u0103 ce \u00ee\u0163i expui punctul de vedere, mult mai u\u015for po\u0163i s\u0103 faci critici la adresa mediului politic\u201d, spunea t\u00e2n\u0103ra.<\/span><\/p>\n<p data-index=\"7\">Printre tinerii care vor s\u0103 devin\u0103 politicieni sunt \u015fi unii care au votat pentru prima oar\u0103 pe 16 noiembrie.<\/p>\n<p data-index=\"8\">\u201eKlaus Iohannis. \u00cemi place modul s\u0103u de g\u00e2ndire, modul s\u0103u de a face politic\u0103 \u015fi chiar l-am votat\u201d, spune un b\u0103iat.<\/p>\n<p data-index=\"9\">\u201e<span>Pe Ponta. <\/span>Pentru c\u0103 este un politician t\u00e2n\u0103r care \u015ftie s\u0103 dea argumente\u201d, afirm\u0103 o fat\u0103.<\/p>\n<p data-index=\"10\">Parlamentul Tinerilor este la a \u015fasea edi\u0163ie. Odat\u0103 pe an, elevii \u015fi studen\u0163ii se reunesc la Palatul Parlamentului, pentru dezbateri \u00een comisii de specialitate, pentru \u015fedin\u0163e \u00een plen \u015fi vot.<\/p>\n<\/div>\n<p> Source URL: https:\/\/www.digi24.ro\/stiri\/actualitate\/politica\/legile-pe-care-le-ar-propune-tinerii-impozit-pentru-biserici-sau-vot-obligatoriu-324987<\/p>\n","protected":false},"excerpt":{"rendered":"<p>Din Cluj, Sibiu, Ia\u015fi sau Bucure\u015fti, 120 de elevi \u015fi studen\u0163i au dat pentru c\u00e2teva zile b\u0103ncile \u015fcolii pe cele ale parlamentului. Au luat \u00een dezbatere peste 20 de proiecte de lege. M\u0103d\u0103lina are 22 de ani \u015fi este absolvent\u0103 de Drept. \u00cen Parlamentul Tinerilor, este membr\u0103 a Partidului Democrat -Liberal. \u201eProiectul meu face referire [&hellip;]<\/p>\n","protected":false},"author":1,"featured_media":192659,"comment_status":"open","ping_status":"","sticky":false,"template":"","format":"standard","meta":{"footnotes":""},"categories":[2],"tags":[11],"class_list":["post-192658","post","type-post","status-publish","format-standard","has-post-thumbnail","hentry","category-politics","tag-digi24"],"_links":{"self":[{"href":"https:\/\/analyse.optim.biz\/index.php?rest_route=\/wp\/v2\/posts\/192658","targetHints":{"allow":["GET"]}}],"collection":[{"href":"https:\/\/analyse.optim.biz\/index.php?rest_route=\/wp\/v2\/posts"}],"about":[{"href":"https:\/\/analyse.optim.biz\/index.php?rest_route=\/wp\/v2\/types\/post"}],"author":[{"embeddable":true,"href":"https:\/\/analyse.optim.biz\/index.php?rest_route=\/wp\/v2\/users\/1"}],"replies":[{"embeddable":true,"href":"https:\/\/analyse.optim.biz\/index.php?rest_route=%2Fwp%2Fv2%2Fcomments&post=192658"}],"version-history":[{"count":0,"href":"https:\/\/analyse.optim.biz\/index.php?rest_route=\/wp\/v2\/posts\/192658\/revisions"}],"wp:featuredmedia":[{"embeddable":true,"href":"https:\/\/analyse.optim.biz\/index.php?rest_route=\/wp\/v2\/media\/192659"}],"wp:attachment":[{"href":"https:\/\/analyse.optim.biz\/index.php?rest_route=%2Fwp%2Fv2%2Fmedia&parent=192658"}],"wp:term":[{"taxonomy":"category","embeddable":true,"href":"https:\/\/analyse.optim.biz\/index.php?rest_route=%2Fwp%2Fv2%2Fcategories&post=192658"},{"taxonomy":"post_tag","embeddable":true,"href":"https:\/\/analyse.optim.biz\/index.php?rest_route=%2Fwp%2Fv2%2Ftags&post=192658"}],"curies":[{"name":"wp","href":"https:\/\/api.w.org\/{rel}","templated":true}]}}