{"id":192642,"date":"2014-11-22T12:30:53","date_gmt":"2014-11-22T09:30:53","guid":{"rendered":"https:\/\/analyse.optim.biz\/?p=192642"},"modified":"2014-11-22T12:30:53","modified_gmt":"2014-11-22T09:30:53","slug":"klaus-iohannis-mi-am-asumat-ca-angajament-un-parlament-mai-mic-si-mai-eficient-sustin-in-continuare-acest-lucru","status":"publish","type":"post","link":"https:\/\/analyse.optim.biz\/?p=192642","title":{"rendered":"Klaus Iohannis: Mi-am asumat ca angajament un Parlament mai mic \u015fi mai eficient. Sus\u0163in \u00een continuare acest lucru"},"content":{"rendered":"<div class=\"entry data-app-meta data-app-meta-article\" data-embed-base-url-canonical=\"https:\/\/www.digi24.ro\/embed\/stiri\/actualitate\/politica\/klaus-iohannis-mi-am-asumat-ca-angajament-un-parlament-mai-mic-si-mai-eficient-sustin-in-continuare-acest-lucru-325018\">\n<p data-index=\"1\">\u00a0<img decoding=\"async\" src=\"https:\/\/analyse.optim.biz\/wp-content\/uploads\/2024\/09\/cgcmdz04mdamagfzad0xythlmtewn2e5zdqxywmyytq5y2fiymrlmdy1mdjimg-thumb_.jpg\" data-skip-htmlfix=\"1\" title=\"cgcmdz04mdamagfzad0xythlmtewn2e5zdqxywmyytq5y2fiymrlmdy1mdjimg-thumb_\"><\/p>\n<p data-index=\"2\">\u201e\u00cen campanie, mi-am asumat ca angajament un Parlament mai mic \u0219i mai eficient \u0219i c\u0103, \u00een calitate de pre\u0219edinte, voi cere partidelor politice s\u0103 elaboreze o nou\u0103 legisla\u0163ie de alegere a Camerei Deputa\u0163ilor \u015fi Senatului, care s\u0103 elimine abera\u0163iile. Ast\u0103zi, reiterez acest angajament \u0219i sus\u021bin \u00een continuare c\u0103 trebuie s\u0103 avem un Parlament mai mic, mai reprezentativ \u015fi mai eficient \u00een serviciul public\u201d, a scris Klaus Iohannis pe <strong><a href=\"https:\/\/www.facebook.com\/klausiohannis?fref=ts\" target=\"_blank\" data-skip-linkfix=\"1\" rel=\"noopener\">pagina sa de Facebook. \u00a0<\/a><\/strong><\/p>\n<p data-index=\"3\">Reducerea num\u0103rului de parlamentari a fost una dintre temele de campanie a lui Klaus Iohannis. El a promis c\u0103, dac\u0103 va ajunge pre\u015fedinte, va ini\u0163ia consult\u0103ri pentru schimbarea legii electorale.<\/p>\n<p class=\"mceAutoSelect\" data-index=\"4\"><a href=\"https:\/\/www.digi24.ro\/Stiri\/Digi24\/Special\/COTROCENI+2014\/ALEGERI+PREZIDENTIALE+2014+IOHANNIS+PARLAMENT\" target=\"_blank\" data-skip-linkfix=\"1\" rel=\"noopener\"><span><strong>ALEGERI PREZIDEN\u0162IALE 2014. Klaus Iohannis: Avem un Parlament prea mare \u015fi prea ineficient<\/strong><\/span><\/a><\/p>\n<p data-index=\"5\">\u201eAvem un Parlament prea mare, avem un Parlament prea ineficient, un Parlament care nu mai are credibilitate. Avem nevoie de un Parlament bicameral, de un Parlament mai mic care lucreaz\u0103 pentru cet\u0103\u0163eni\u201d, spunea Klaus Iohannis. \u00a0<\/p>\n<\/div>\n<p> Source URL: https:\/\/www.digi24.ro\/stiri\/actualitate\/politica\/klaus-iohannis-mi-am-asumat-ca-angajament-un-parlament-mai-mic-si-mai-eficient-sustin-in-continuare-acest-lucru-325018<\/p>\n","protected":false},"excerpt":{"rendered":"<p>\u00a0 \u201e\u00cen campanie, mi-am asumat ca angajament un Parlament mai mic \u0219i mai eficient \u0219i c\u0103, \u00een calitate de pre\u0219edinte, voi cere partidelor politice s\u0103 elaboreze o nou\u0103 legisla\u0163ie de alegere a Camerei Deputa\u0163ilor \u015fi Senatului, care s\u0103 elimine abera\u0163iile. Ast\u0103zi, reiterez acest angajament \u0219i sus\u021bin \u00een continuare c\u0103 trebuie s\u0103 avem un Parlament mai [&hellip;]<\/p>\n","protected":false},"author":1,"featured_media":192643,"comment_status":"open","ping_status":"","sticky":false,"template":"","format":"standard","meta":{"footnotes":""},"categories":[2],"tags":[11],"class_list":["post-192642","post","type-post","status-publish","format-standard","has-post-thumbnail","hentry","category-politics","tag-digi24"],"_links":{"self":[{"href":"https:\/\/analyse.optim.biz\/index.php?rest_route=\/wp\/v2\/posts\/192642","targetHints":{"allow":["GET"]}}],"collection":[{"href":"https:\/\/analyse.optim.biz\/index.php?rest_route=\/wp\/v2\/posts"}],"about":[{"href":"https:\/\/analyse.optim.biz\/index.php?rest_route=\/wp\/v2\/types\/post"}],"author":[{"embeddable":true,"href":"https:\/\/analyse.optim.biz\/index.php?rest_route=\/wp\/v2\/users\/1"}],"replies":[{"embeddable":true,"href":"https:\/\/analyse.optim.biz\/index.php?rest_route=%2Fwp%2Fv2%2Fcomments&post=192642"}],"version-history":[{"count":0,"href":"https:\/\/analyse.optim.biz\/index.php?rest_route=\/wp\/v2\/posts\/192642\/revisions"}],"wp:featuredmedia":[{"embeddable":true,"href":"https:\/\/analyse.optim.biz\/index.php?rest_route=\/wp\/v2\/media\/192643"}],"wp:attachment":[{"href":"https:\/\/analyse.optim.biz\/index.php?rest_route=%2Fwp%2Fv2%2Fmedia&parent=192642"}],"wp:term":[{"taxonomy":"category","embeddable":true,"href":"https:\/\/analyse.optim.biz\/index.php?rest_route=%2Fwp%2Fv2%2Fcategories&post=192642"},{"taxonomy":"post_tag","embeddable":true,"href":"https:\/\/analyse.optim.biz\/index.php?rest_route=%2Fwp%2Fv2%2Ftags&post=192642"}],"curies":[{"name":"wp","href":"https:\/\/api.w.org\/{rel}","templated":true}]}}