{"id":192629,"date":"2014-11-23T10:10:55","date_gmt":"2014-11-23T07:10:55","guid":{"rendered":"https:\/\/analyse.optim.biz\/?p=192629"},"modified":"2014-11-23T10:10:55","modified_gmt":"2014-11-23T07:10:55","slug":"vicepresedinte-pnl-mesaj-catre-colegii-de-partid-sa-ramanem-cu-picioarele-pe-pamant-sa-nu-incepem-lupte-intestine","status":"publish","type":"post","link":"https:\/\/analyse.optim.biz\/?p=192629","title":{"rendered":"Vicepre\u015fedinte PNL, mesaj c\u0103tre colegii de partid: S\u0103 r\u0103m\u00e2nem cu picioarele pe p\u0103m\u00e2nt, s\u0103 nu \u00eencepem lupte intestine!"},"content":{"rendered":"<div class=\"entry data-app-meta data-app-meta-article\" data-embed-base-url-canonical=\"https:\/\/www.digi24.ro\/embed\/stiri\/actualitate\/politica\/vicepresedinte-pnl-mesaj-catre-colegii-de-partid-sa-ramanem-cu-picioarele-pe-pamant-sa-nu-incepem-lupte-intestine-325149\">\n<div class=\"fb-post\">\n<div class=\"fb-xfbml-parse-ignore\"><a href=\"https:\/\/www.facebook.com\/permalink.php?story_fbid=845153428862526&amp;id=172674319443777\" data-skip-linkfix=\"1\">Postare<\/a> de <a href=\"https:\/\/www.facebook.com\/pages\/Nicolae-Robu\/172674319443777\" data-skip-linkfix=\"1\">Nicolae Robu<\/a>.<\/div>\n<\/div>\n<p data-index=\"2\">\u201e<span>Dragi colegi de Partid Na\u0163ional Liberal, deopotriv\u0103 cei proveni\u0163i din PNL-ul istoric \u015fi cei proveni\u0163i din PDL<\/span><\/p>\n<p data-index=\"3\">Am ob\u0163inut, duminic\u0103, 16.11.2014, \u00ceMPREUN\u0102, o mare victorie: am reu\u015fit s\u0103 d\u0103m Rom\u00e2niei primul Pre\u015fedinte liberal, \u00een persoana d-lui Klaus Iohannis.<\/p>\n<p data-index=\"4\">Ne-am bucurat \u015fi ne bucur\u0103m \u00een continuare \u015fi merit\u0103m asta, din plin!<\/p>\n<p data-index=\"5\">Trebuie, \u00eens\u0103, <strong>s\u0103 r\u0103m\u00e2nem cu picioarele pe p\u0103m\u00e2nt<\/strong> \u015fi s\u0103 \u00een\u0163elegem c\u0103, pt. ca victoria s\u0103 nu r\u0103m\u00e2n\u0103 doar una simbolic\u0103, ci s\u0103 aduc\u0103 acel maibine a\u015fteptat de milioanele de cet\u0103\u0163eni care \u015fi-au pus speran\u0163ele \u00een noi, <strong>avem extrem de multe lucruri de f\u0103cut.<\/strong><\/p>\n<p data-index=\"6\">Trebuie, \u00een primul r\u00e2nd, ca fiecare dintre noi, la locul nostru de munc\u0103, \u00een mod egal \u00een sectorul public sau \u00een cel privat, <strong>s\u0103 d\u0103m satisfac\u0163ie celor ce au a\u015ftept\u0103ri de la noi, produc\u00e2nd rezultate \u015fi nu vorbe, fiind cinsti\u0163i, corec\u0163i, harnici, competen\u0163i \u015fi eficien\u0163i.<\/strong><\/p>\n<p data-index=\"7\">Trebuie, apoi, s\u0103 avem \u00een\u0163elepciunea s\u0103 nu \u00eencepem lupte intestine, pt. adjudecarea de pozi\u0163ii \u00een partidul rezultat \u00een urma fuziunii, ci s\u0103 trecem la etapa de omogenizare \u015fi consolidare a acestuia, la func\u0163ionalizarea sa ca un tot unitar.<\/p>\n<p data-index=\"8\">Pe de alt\u0103 parte, ca partid majoritar \u00een op\u0163iunile electoratului, noi, Partidul National Liberal, trebuie s\u0103 ac\u0163ion\u0103m pt. ca \u00eentr-un anumit orizont de timp -\u00een opinia mea: cel devreme \u00een februarie 2015 \u015fi cel t\u00e2rziu dup\u0103 alegerile parlamentare din 2016-, s\u0103 prelu\u0103m guvernarea Rom\u00e2niei, pt. a ne pune \u00een practic\u0103 programele, d\u00e2nd, astfel, satisfac\u0163ie deplin\u0103 celor ce ne-au votat. Pt. c\u0103 ei n-au votat numai pt. un altfel de Pre\u015fedinte al Rom\u00e2niei dec\u00e2t cel propus de PSD, ci, tacit, \u015fi pt. o altfel de guvernare dec\u00e2t cea oferit\u0103 de PSD.<\/p>\n<p data-index=\"9\">Evident, \u00een tot acest r\u0103stimp, trebuie s\u0103 prelu\u0103m at\u00e2ta putere c\u00e2t\u0103 putem prelua dar \u00een acela\u015fi timp \u015fi exercita ONORABIL, cu rezultate, \u00een administra\u0163ia public\u0103 local\u0103.\u201d, a scris pe Facebook Nicolae Robu, vciepre\u015fedinte PNL \u015fi primar al Timi\u015foarei.<\/p>\n<\/div>\n<p> Source URL: https:\/\/www.digi24.ro\/stiri\/actualitate\/politica\/vicepresedinte-pnl-mesaj-catre-colegii-de-partid-sa-ramanem-cu-picioarele-pe-pamant-sa-nu-incepem-lupte-intestine-325149<\/p>\n","protected":false},"excerpt":{"rendered":"<p>Postare de Nicolae Robu. \u201eDragi colegi de Partid Na\u0163ional Liberal, deopotriv\u0103 cei proveni\u0163i din PNL-ul istoric \u015fi cei proveni\u0163i din PDL Am ob\u0163inut, duminic\u0103, 16.11.2014, \u00ceMPREUN\u0102, o mare victorie: am reu\u015fit s\u0103 d\u0103m Rom\u00e2niei primul Pre\u015fedinte liberal, \u00een persoana d-lui Klaus Iohannis. Ne-am bucurat \u015fi ne bucur\u0103m \u00een continuare \u015fi merit\u0103m asta, din plin! Trebuie, [&hellip;]<\/p>\n","protected":false},"author":1,"featured_media":192630,"comment_status":"open","ping_status":"","sticky":false,"template":"","format":"standard","meta":{"footnotes":""},"categories":[2],"tags":[11],"class_list":["post-192629","post","type-post","status-publish","format-standard","has-post-thumbnail","hentry","category-politics","tag-digi24"],"_links":{"self":[{"href":"https:\/\/analyse.optim.biz\/index.php?rest_route=\/wp\/v2\/posts\/192629","targetHints":{"allow":["GET"]}}],"collection":[{"href":"https:\/\/analyse.optim.biz\/index.php?rest_route=\/wp\/v2\/posts"}],"about":[{"href":"https:\/\/analyse.optim.biz\/index.php?rest_route=\/wp\/v2\/types\/post"}],"author":[{"embeddable":true,"href":"https:\/\/analyse.optim.biz\/index.php?rest_route=\/wp\/v2\/users\/1"}],"replies":[{"embeddable":true,"href":"https:\/\/analyse.optim.biz\/index.php?rest_route=%2Fwp%2Fv2%2Fcomments&post=192629"}],"version-history":[{"count":0,"href":"https:\/\/analyse.optim.biz\/index.php?rest_route=\/wp\/v2\/posts\/192629\/revisions"}],"wp:featuredmedia":[{"embeddable":true,"href":"https:\/\/analyse.optim.biz\/index.php?rest_route=\/wp\/v2\/media\/192630"}],"wp:attachment":[{"href":"https:\/\/analyse.optim.biz\/index.php?rest_route=%2Fwp%2Fv2%2Fmedia&parent=192629"}],"wp:term":[{"taxonomy":"category","embeddable":true,"href":"https:\/\/analyse.optim.biz\/index.php?rest_route=%2Fwp%2Fv2%2Fcategories&post=192629"},{"taxonomy":"post_tag","embeddable":true,"href":"https:\/\/analyse.optim.biz\/index.php?rest_route=%2Fwp%2Fv2%2Ftags&post=192629"}],"curies":[{"name":"wp","href":"https:\/\/api.w.org\/{rel}","templated":true}]}}