{"id":192626,"date":"2014-11-23T11:02:39","date_gmt":"2014-11-23T08:02:39","guid":{"rendered":"https:\/\/analyse.optim.biz\/?p=192626"},"modified":"2014-11-23T11:02:39","modified_gmt":"2014-11-23T08:02:39","slug":"klaus-iohannis-nu-voi-accepta-proiecte-de-exploatare-a-resurselor-naturale-fara-dezbatere","status":"publish","type":"post","link":"https:\/\/analyse.optim.biz\/?p=192626","title":{"rendered":"Klaus Iohannis: Nu voi accepta proiecte de exploatare a resurselor naturale f\u0103r\u0103 dezbatere"},"content":{"rendered":"<div class=\"entry data-app-meta data-app-meta-article\" data-embed-base-url-canonical=\"https:\/\/www.digi24.ro\/embed\/stiri\/actualitate\/politica\/klaus-iohannis-nu-voi-accepta-proiecte-de-exploatare-a-resurselor-naturale-fara-dezbatere-325156\">\n<p data-index=\"1\">\u00a0<img decoding=\"async\" src=\"https:\/\/analyse.optim.biz\/wp-content\/uploads\/2024\/09\/anbnjnc9odawjmhhc2g9yjk4zdg0zge3owy1y2myndflmzrhzwrinzrioti1mtm-thumb_.jpg\" data-skip-htmlfix=\"1\" title=\"anbnjnc9odawjmhhc2g9yjk4zdg0zge3owy1y2myndflmzrhzwrinzrioti1mtm-thumb_\"><\/p>\n<p data-index=\"2\">\u201e<span>\u00cen campanie, mi-am asumat respingerea unor proiecte de exploatare care pun \u00een pericol oamenii \u015fi mediul. Ast\u0103zi, reiterez ideea \u0219i v\u0103 spun c\u0103 nu voi accepta proiecte de exploatare a resurselor naturale ale Rom\u00e2niei f\u0103r\u0103 dezbatere, f\u0103r\u0103 garantarea siguran\u0163ei totale pentru s\u0103n\u0103tatea oamenilor \u015fi f\u0103r\u0103 protejarea mediului \u00eenconjur\u0103tor \u015fi intereselor comunit\u0103\u0163ilor locale\u201d, potrivit un mesaj postat pe<strong><a href=\"https:\/\/www.facebook.com\/klausiohannis?fref=ts\" target=\"_blank\" data-skip-linkfix=\"1\" rel=\"noopener\"> Facebook<\/a>. <\/strong><\/span><\/p>\n<p data-index=\"3\">Acest aspect este unul dintre punctele incluse \u00een scrisoarea pe care Monica Macovei i-a adresat-o \u00een campania electoral\u0103, drept condi\u0163ie pentru sprijinul politic.<\/p>\n<h1 class=\"mceAutoSelect\" id=\"highlight-325156-1\"><span><strong><a href=\"https:\/\/www.digi24.ro\/Stiri\/Digi24\/Special\/COTROCENI+2014\/MACOVEI+IOHANNIS\" target=\"_blank\" data-skip-linkfix=\"1\" rel=\"noopener\">Monica Macovei: \u00cel voi vota pe Klaus Iohannis<\/a><\/strong><\/span><\/h1>\n<p data-index=\"4\">\u201e<span>S\u0103 garanta\u021bi \u00eempreun\u0103 cu partidele care v\u0103 sus\u021bin c\u0103 exploatarea cu cianuri de la Ro\u0219ia Montan\u0103 nu va deveni realitate \u0219i va r\u0103m\u00e2ne doar un episod ru\u0219inos\u201d, i-a scris atunci Monica Macovei lui Klaus Iohannis.<\/span><\/p>\n<p data-index=\"5\">\u00cen ultimul an au avut loc numeroase proteste legate de exploatarea resurselor naturale \u00een dou\u0103 cazuri: gazele de \u015fist \u015fi Ro\u015fia Montan\u0103.<\/p>\n<h1 class=\"mceAutoSelect\" id=\"highlight-325156-2\"><a href=\"https:\/\/www.digi24.ro\/Stiri\/Digi24\/Actualitate\/Social\/GAZE+DE+SIST+ROSIA+MONTANA+EXPLOATARE\" target=\"_blank\" data-skip-linkfix=\"1\" rel=\"noopener\"><span><strong><span>\u201eRom\u00e2nii nu vor cianur\u0103 \u0219i gaze de \u0219ist<\/span><span lang=\"\">\u201d. Rom\u00e2nul care a ales s\u0103 fac\u0103 ceva pentru a transmite Europei acest mesaj<\/span><\/strong><\/span><\/a><\/h1>\n<p data-index=\"6\"><a href=\"https:\/\/www.digi24.ro\/Stiri\/Digi24\/Actualitate\/Social\/Deputatii+au+respins+proiectul+privind+exploatarea+minereurilor+\" target=\"_blank\" data-skip-linkfix=\"1\" rel=\"noopener\"><strong>Camera Deputa\u0163ilor<\/strong><\/a>a respins, cu 301 voturi \u201epentru\u201d, 11 \u201e\u00eempotriv\u0103\u201d \u015fi 3 ab\u0163ineri, proiectul de lege privind exploatarea minereurilor auro-argentifere din Ro\u015fia Montan\u0103, mai mul\u0163i deputa\u0163i ar\u0103t\u00e2nd c\u0103 acest lucru este \u015fi o consecin\u0163\u0103 a eforturilor f\u0103cute de societatea civil\u0103 \u00een strad\u0103.<\/p>\n<p data-index=\"7\">Acest proiect elaborat de Guvern a suscitat \u00een sesiunea trecut\u0103 dezbateri aprinse \u015fi a generat proteste de strad\u0103. Comisia special\u0103, condus\u0103 de senatorul PSD Marius V\u00e2lcov, i-a audiat pe to\u0163i cei implica\u0163i, inclusiv pe reprezentan\u0163ii societ\u0103\u0163ii civile, iar, \u00een final, a dat un raport de respingere, dup\u0103 ce PNL a anun\u0163at c\u0103 nu-l sus\u0163ine.\u00a0<\/p>\n<p data-index=\"8\">\u00cen septembrie 2013, \u015fi premierul\u00a0Victor Ponta, \u015fi ministrul\u00a0Dan \u015eova, atunci titular al portofoliului Marilor Proiecte, insistau pe aceea\u015fi idee cu declara\u0163ii la fel de publice.<\/p>\n<p data-index=\"9\">\u201e\u00cen\u015ftiin\u0163\u0103rile oficiale privind investi\u0163iile concrete f\u0103cute &#8211; investi\u0163iile de infrastructur\u0103, de ecologizare \u015fi de reorganizare a exploat\u0103rii, f\u0103cute de c\u0103tre companie &#8211; sunt estimate la aproximativ\u00a0550 de milioane de euro. (&#8230;) \u00cen baza business-planului, \u00eencas\u0103rile care ar fi fost previzionate pentru statul rom\u00e2n, de 3,6 miliarde de euro, nu le po\u0163i trece la pierderi c\u0103 nu le avem, dar\u00a0compania ar fi avut \u00eencas\u0103ri de 2,7 miliarde de dolari.\u00a0\u00cen m\u0103sura \u00een care ar exista un litigiu contra statului rom\u00e2n, evident c\u0103 ne vom ap\u0103ra \u00een fa\u0163a instan\u0163elor interna\u0163ionale pentru a nu pl\u0103ti aceste desp\u0103gubiri, dar exist\u0103 un poten\u0163ial pericol\u201d,\u00a0<strong><a href=\"https:\/\/www.digi24.ro\/Stiri\/Digi24\/Actualitate\/Stiri\/Victor+Ponta+despre+contractul+Rosia+Montana+Licenta+de+exploata\" data-skip-linkfix=\"1\">spunea Victor Ponta pe 12 septembrie 2013<\/a>.<\/strong><\/p>\n<p data-index=\"10\">\u201eAvem o licen\u0163\u0103\u00a0(de exploatare a resurselor \u2013 n.red.)\u00a0valabil\u0103 p\u00e2n\u0103 \u00een 2019.\u00a0Dac\u0103 legea nu trece\u00a0(de Parlament \u2013 n.red.),\u00a0nu \u00eenseamn\u0103 c\u0103 Gabriel Resources vor abandona. Conform licen\u0163ei, v\u0103 informez c\u0103 se prelunge\u015fte cu c\u00e2te cinci ani, la simpla cerere a Ro\u015fia Montan\u0103 Gold Corporation formulat\u0103 cu 60 de zile \u00eeninte s\u0103 expire termenul.\u00a0Pot s\u0103 stea acolo p\u00e2n\u0103 \u00een 2119 \u015fi nu \u00eei poate da nimeni afar\u0103\u201d, completa ministrul Dan \u015eova cu aceea\u015fi ocazie.<\/p>\n<p data-index=\"11\">\u00cen aceea\u015fi perioad\u0103, presa canadian\u0103 sugera c\u0103\u00a0Gabriel Resources\u00a0<strong><a href=\"https:\/\/www.digi24.ro\/Stiri\/Digi24\/Actualitate\/Stiri\/Gabriel+Resources+cere+patru+miliarde+de+dolari\" data-skip-linkfix=\"1\">ar putea cere statului rom\u00e2n desp\u0103gubiri de p\u00e2n\u0103 la 4 miliarde de euro<\/a>.<\/strong><\/p>\n<p data-index=\"12\">Compania canadian\u0103 este interesat\u0103 de 15 ani de\u00a0resursele de aur \u015fi argint de la Ro\u015fia Montan\u0103, iar de \u015fase ani \u00eencearc\u0103 s\u0103 ob\u021bin\u0103 contractul de exploatare prin diferite c\u0103i. Au fost \u00eens\u0103 numeroase probleme privind protec\u0163ia mediului puse de guverne consecutive din Rom\u00e2nia.<\/p>\n<p class=\"mceAutoSelect\" data-index=\"13\"><strong><span><a href=\"https:\/\/www.digi24.ro\/Stiri\/Digi24\/Economie\/Stiri\/Victor+Ponta+Se+pare+ca+nu+avem+gaze+de+sist+Ne-am+batut+foarte+\" target=\"_blank\" data-skip-linkfix=\"1\" rel=\"noopener\">Victor Ponta: Se pare c\u0103 nu avem gaze de \u015fist. Ne-am b\u0103tut foarte tare pe ceva ce nu avem<\/a><\/span><\/strong><\/p>\n<p class=\"mceAutoSelect\" data-index=\"14\"><strong><span><a href=\"https:\/\/www.digi24.ro\/Stiri\/Digi24\/Actualitate\/Stiri\/Reactia+Chevron+Victor+Ponta+gaze+de+sist+Romania\" target=\"_blank\" data-skip-linkfix=\"1\" rel=\"noopener\">Reac\u021bia Chevron la afirma\u021biile premierului Victor Ponta privind existen\u021ba gazelor de \u0219ist \u00een Rom\u00e2nia<\/a><\/span><\/strong><\/p>\n<p data-index=\"15\"><strong>\u00cen privin\u0163a gazelor de \u015fist<\/strong>, Victor Ponta declara \u00een 11 noiembrie c\u0103 se pare c\u0103 Rom\u00e2nia nu dispune de gaze de \u015fist \u015fi s-a b\u0103tut, astfel, pe ceva ce nu are.<\/p>\n<\/div>\n<p> Source URL: https:\/\/www.digi24.ro\/stiri\/actualitate\/politica\/klaus-iohannis-nu-voi-accepta-proiecte-de-exploatare-a-resurselor-naturale-fara-dezbatere-325156<\/p>\n","protected":false},"excerpt":{"rendered":"<p>\u00a0 \u201e\u00cen campanie, mi-am asumat respingerea unor proiecte de exploatare care pun \u00een pericol oamenii \u015fi mediul. Ast\u0103zi, reiterez ideea \u0219i v\u0103 spun c\u0103 nu voi accepta proiecte de exploatare a resurselor naturale ale Rom\u00e2niei f\u0103r\u0103 dezbatere, f\u0103r\u0103 garantarea siguran\u0163ei totale pentru s\u0103n\u0103tatea oamenilor \u015fi f\u0103r\u0103 protejarea mediului \u00eenconjur\u0103tor \u015fi intereselor comunit\u0103\u0163ilor locale\u201d, potrivit un [&hellip;]<\/p>\n","protected":false},"author":1,"featured_media":192627,"comment_status":"open","ping_status":"","sticky":false,"template":"","format":"standard","meta":{"footnotes":""},"categories":[2],"tags":[11],"class_list":["post-192626","post","type-post","status-publish","format-standard","has-post-thumbnail","hentry","category-politics","tag-digi24"],"_links":{"self":[{"href":"https:\/\/analyse.optim.biz\/index.php?rest_route=\/wp\/v2\/posts\/192626","targetHints":{"allow":["GET"]}}],"collection":[{"href":"https:\/\/analyse.optim.biz\/index.php?rest_route=\/wp\/v2\/posts"}],"about":[{"href":"https:\/\/analyse.optim.biz\/index.php?rest_route=\/wp\/v2\/types\/post"}],"author":[{"embeddable":true,"href":"https:\/\/analyse.optim.biz\/index.php?rest_route=\/wp\/v2\/users\/1"}],"replies":[{"embeddable":true,"href":"https:\/\/analyse.optim.biz\/index.php?rest_route=%2Fwp%2Fv2%2Fcomments&post=192626"}],"version-history":[{"count":0,"href":"https:\/\/analyse.optim.biz\/index.php?rest_route=\/wp\/v2\/posts\/192626\/revisions"}],"wp:featuredmedia":[{"embeddable":true,"href":"https:\/\/analyse.optim.biz\/index.php?rest_route=\/wp\/v2\/media\/192627"}],"wp:attachment":[{"href":"https:\/\/analyse.optim.biz\/index.php?rest_route=%2Fwp%2Fv2%2Fmedia&parent=192626"}],"wp:term":[{"taxonomy":"category","embeddable":true,"href":"https:\/\/analyse.optim.biz\/index.php?rest_route=%2Fwp%2Fv2%2Fcategories&post=192626"},{"taxonomy":"post_tag","embeddable":true,"href":"https:\/\/analyse.optim.biz\/index.php?rest_route=%2Fwp%2Fv2%2Ftags&post=192626"}],"curies":[{"name":"wp","href":"https:\/\/api.w.org\/{rel}","templated":true}]}}