{"id":1926156,"date":"2026-05-08T18:33:07","date_gmt":"2026-05-08T15:33:07","guid":{"rendered":"https:\/\/analyse.optim.biz\/?p=1926156"},"modified":"2026-05-08T18:33:07","modified_gmt":"2026-05-08T15:33:07","slug":"p-13-rezervoare-cu-apa-potabila-vor-fi-amplasate-pe-valea-slanicului-pe-durata-lucrarilor-la-barajul-ciresu","status":"publish","type":"post","link":"https:\/\/analyse.optim.biz\/?p=1926156","title":{"rendered":"(P) 13 rezervoare cu ap\u0103 potabil\u0103 vor fi amplasate pe Valea Sl\u0103nicului, pe durata lucr\u0103rilor la barajul Cire\u0219u"},"content":{"rendered":"<p>[analyse_image type=&#8221;featured&#8221; src=&#8221;https:\/\/buzaulinreportaje.ro\/wp-content\/uploads\/2026\/05\/Baraj-Ciresu-3.jpghttps:\/\/buzaulinreportaje.ro\/wp-content\/uploads\/2026\/05\/Baraj-Ciresu-3.jpg&#8221;]<\/p>\n<div class=\"entry-content herald-entry-content\">\n<p><strong>COMUNICAT DE PRES\u0102<\/strong><\/p>\n<p><strong>Revenim cu informa\u021bii suplimentare referitoare la perioada de sistare a furniz\u0103rii apei c\u0103tre utilizatorii de pe Valea Sl\u0103nicului, conecta\u021bi la Sursa Baraj Cire\u0219u-Sta\u021bia Jghiab, astfel:<\/strong><\/p>\n<ul class=\"wp-block-list\">\n<li>Au fost identificate \u0219i evaluate riscurile care pot ap\u0103rea \u00een perioada efectu\u0103rii lucr\u0103rilor la barajul Cire\u0219u \u0219i au fost stabilite \u0219i implementate m\u0103suri pentru solu\u021bionare.<\/li>\n<li>Au fost igienizate cisternele \u0219i rezervoarele cu care va fi asigurat\u0103 disponibilitatea apei \u00een perioada sist\u0103rii. Lucr\u0103rile de igienizare au fost efectuate cu o firm\u0103 specializat\u0103 \u00een astfel de interven\u021bii.<\/li>\n<li>Au fost stabilite procedurile de lucru pentru fiecare echip\u0103 a Companiei de Ap\u0103 Buz\u0103u cu responsabilit\u0103\u021bi specifice \u00een aceast\u0103 perioad\u0103, astfel:<\/li>\n<li>Procedura de preluare a apei potabile \u00een cisterne, transportul acesteia, punctele de desc\u0103rcare, responsabilit\u0103\u021bi pentru asigurarea men\u021binerii calit\u0103\u021bii apei p\u00e2n\u0103 la desc\u0103rcare, documentele de calitate care vor fi men\u021binute at\u00e2t la personalul deservent al cisternelor c\u00e2t \u0219i la fiecare punct de desc\u0103rcare.<\/li>\n<li>Procedura de comunicare \u0219i responsabilit\u0103\u021bile, astfel \u00eenc\u00e2t toate rezervoarele s\u0103 aib\u0103 permanent ap\u0103 disponibil\u0103. Orice sesizare din partea utilizatorilor va fi transmis\u0103 c\u0103tre Responsabilul sectorului Valea Sl\u0103nicului, George Van, Telefon:0755059599, care este persoana de contact \u00een perioada sist\u0103rii apei.<\/li>\n<li>Procedura \u0219i responsabilit\u0103\u021bile pentru monitorizarea periodic\u0103 a nivelului de clorinare a apei \u00een fiecare rezervor \u0219i m\u0103surile de corec\u021bie, dac\u0103 va fi cazul.<\/li>\n<\/ul>\n<p>\u00cempreun\u0103 cu domnii primari din localit\u0103\u021bile afectate au fost stabilite punctele fixe \u00een care se vor afla rezervoarele cu ap\u0103, astfel:<\/p>\n<figure class=\"wp-block-image size-full\"><img loading=\"lazy\" decoding=\"async\" width=\"1024\" height=\"769\" src=\"https:\/\/buzaulinreportaje.ro\/wp-content\/uploads\/2026\/05\/Baraj-Ciresu-2-.jpg\" alt class=\"wp-image-28134\"><\/figure>\n<ul class=\"wp-block-list\">\n<li><strong>UAT M\u00e2nz\u0103le\u0219ti:<\/strong><\/li>\n<\/ul>\n<p>Rezervoare fixe asigurate de Compania de Ap\u0103 Buz\u0103u:<\/p>\n<p>\u00a0\u2013 Un rezervor \u00een parcarea supermarket-ului din M\u00e2nz\u0103le\u0219ti<\/p>\n<p>\u00a0\u2013\u00a0\u00a0 Un rezervor \u00een parcarea Prim\u0103riei<\/p>\n<p>Cisterna Companiei de Ap\u0103 Buz\u0103u, \u00een intervalul orar 09.00-11.00, se va afla \u00een parcarea Prim\u0103riei \u2013 pentru utilizatorii din zona de blocuri.<\/p>\n<p>Prim\u0103ria M\u00e2nz\u0103le\u0219ti va asigura distribu\u021bia de ap\u0103 cu mijloc auto propriu \u0219i cistern\u0103 de ap\u0103 cu capaciatatea de 8 metri cubi.<\/p>\n<p>De asemenea, la cerere, va furniza ap\u0103 menajer\u0103 cu autospeciala de pompieri a Prim\u0103riei.<\/p>\n<ul class=\"wp-block-list\">\n<li><strong>UAT Vintil\u0103 Vod\u0103<\/strong><\/li>\n<\/ul>\n<p>Rezervoare fixe asigurate de Compania de Ap\u0103 Buz\u0103u:<\/p>\n<p>\u00a0 \u2013 Un rezervor la \u0218coala din Podu Muncii<\/p>\n<p>\u00a0 \u2013 Un rezervor la C\u0103minul Cultural din Nicule\u0219ti<\/p>\n<p>\u00a0 \u2013 Un rezervor la Prim\u0103ria din Vintil\u0103 Vod\u0103<\/p>\n<p>\u00a0\u00a0 \u2013 Un rezervor la \u0218coala din S\u00e2rbe\u0219ti<\/p>\n<p>Suplimentar fa\u021b\u0103 de rezervoarele furnizate de Compania de Ap\u0103 Buz\u0103u, Prim\u0103ria din localitate va instala trei rezervoare la \u0218coala din Vintil\u0103 Vod\u0103.<\/p>\n<p>Cisterna Companiei de Ap\u0103 Buz\u0103u, \u00een intervalul orar 12.00-14.00, se va afla \u00een parcarea Prim\u0103riei, pentru utilizatorii din zona de blocuri.<\/p>\n<p>Prim\u0103ria va asigura, la cerere, distribu\u021bia apei \u00een interiorul localit\u0103\u021bilor, utiliz\u00e2nd mijloc auto propriu \u0219i dou\u0103 rezervoare de 1 metru cub.<\/p>\n<ul class=\"wp-block-list\">\n<li><strong>UAT Beceni<\/strong><\/li>\n<\/ul>\n<p>Rezervoare fixe asigurate de Compania de Ap\u0103 Buz\u0103u:<\/p>\n<ul class=\"wp-block-list\">\n<li>Un rezervor la \u0218coala din Izvoru Dulce<\/li>\n<li>Un rezervor la \u0218coala din Valea P\u0103rului<\/li>\n<li>Un rezervor la \u0218coala din Beceni<\/li>\n<li>Dou\u0103 rezervoare la Liceul Beceni<\/li>\n<li>Dou\u0103 rezervoare la \u0218coala din Dimiana.<\/li>\n<\/ul>\n<p>Cisterna Companiei de Ap\u0103 Buz\u0103u, \u00een intervalul orar 16.00-18.00 se va afla \u00een spatele blocurilor din Beceni, pentru utilizatorii din zona de blocuri.<\/p>\n<p>Suplimentar fa\u021b\u0103 de rezervoarele fixe asigurate de Compania de Ap\u0103 Buz\u0103u, Prim\u0103ria Beceni va amplasa \u00eenc\u0103 alte 6 (\u0219ase) rezervoare la \u0219coli, gr\u0103dini\u021be, dispensar \u0219i Prim\u0103rie.<\/p>\n<p>Prim\u0103ria va asigura, la cerere, distribu\u021bia apei \u00een interiorul localit\u0103\u021bilor, utiliz\u00e2nd mijloc auto propriu.<\/p>\n<p><strong>UAT Cern\u0103te\u0219ti \u2013 Sat Fulga<\/strong><\/p>\n<p>Rezervoare fixe asigurate de Compania de Ap\u0103 Buz\u0103u:<\/p>\n<p>\u2013 Un rezervor \u00een sta\u021bia cap\u0103t de linie autobuz 22<\/p>\n<p>\u2013 Un rezervor \u00een parcarea Bisericii din Fulga.<\/p>\n<p>Prim\u0103ria va asigura, la cerere, distribu\u021bia apei \u00een interiorul localit\u0103\u021bii Fulga, utiliz\u00e2nd mijloc auto propriu.<\/p>\n<p><strong>\u00cen cursul zilei de s\u00e2mb\u0103t\u0103, 09.05.2026, vor fi transmise prin aplica\u021bia Companiei de Ap\u0103 Buz\u0103u, SMS Sender, mesaje personalizate c\u0103tre fiecare utilizator afectat, \u00een care vom preciza intervalul de sistare a apei.<\/strong><\/p>\n<p><strong>Compania de Ap\u0103 S.A. Buz\u0103u<\/strong><\/p>\n<div class=\"herald-share-content\">\n<div class=\"meks_ess layout-5-1 transparent no-labels solid\"><a href=\"https:\/\/buzaulinreportaje.ro\/p-13-rezervoare-cu-apa-potabila-vor-fi-amplasate-pe-valea-slanicului-pe-durata-lucrarilor-la-barajul-ciresu\/\" class=\"meks_ess-item socicon-facebook\" data-url=\"http:\/\/www.facebook.com\/sharer\/sharer.php?u=https%3A%2F%2Fbuzaulinreportaje.ro%2Fp-13-rezervoare-cu-apa-potabila-vor-fi-amplasate-pe-valea-slanicului-pe-durata-lucrarilor-la-barajul-ciresu%2F&amp;t=%28P%29%2013%20rezervoare%20cu%20ap%C4%83%20potabil%C4%83%20vor%20fi%20amplasate%20pe%20Valea%20Sl%C4%83nicului%2C%20pe%20durata%20lucr%C4%83rilor%20la%20barajul%20Cire%C8%99u\"><span>Facebook<\/span><\/a><a href=\"https:\/\/api.whatsapp.com\/send?text=%28P%29%2013%20rezervoare%20cu%20ap%C4%83%20potabil%C4%83%20vor%20fi%20amplasate%20pe%20Valea%20Sl%C4%83nicului%2C%20pe%20durata%20lucr%C4%83rilor%20la%20barajul%20Cire%C8%99u%20https%3A%2F%2Fbuzaulinreportaje.ro%2Fp-13-rezervoare-cu-apa-potabila-vor-fi-amplasate-pe-valea-slanicului-pe-durata-lucrarilor-la-barajul-ciresu%2F\" class=\"meks_ess-item socicon-whatsapp prevent-share-popup\"><span>WhatsApp<\/span><\/a><a href=\"https:\/\/buzaulinreportaje.ro\/p-13-rezervoare-cu-apa-potabila-vor-fi-amplasate-pe-valea-slanicului-pe-durata-lucrarilor-la-barajul-ciresu\/\" class=\"meks_ess-item socicon-twitter\" data-url=\"http:\/\/twitter.com\/intent\/tweet?url=https%3A%2F%2Fbuzaulinreportaje.ro%2Fp-13-rezervoare-cu-apa-potabila-vor-fi-amplasate-pe-valea-slanicului-pe-durata-lucrarilor-la-barajul-ciresu%2F&amp;text=%28P%29%2013%20rezervoare%20cu%20ap%C4%83%20potabil%C4%83%20vor%20fi%20amplasate%20pe%20Valea%20Sl%C4%83nicului%2C%20pe%20durata%20lucr%C4%83rilor%20la%20barajul%20Cire%C8%99u\"><span>X<\/span><\/a><\/div>\n<\/div>\n<\/div>\n<p>[analyse_source url=&#8221;https:\/\/buzaulinreportaje.ro\/p-13-rezervoare-cu-apa-potabila-vor-fi-amplasate-pe-valea-slanicului-pe-durata-lucrarilor-la-barajul-ciresu\/&#8221;]<\/p>\n","protected":false},"excerpt":{"rendered":"<p>[analyse_image type=&#8221;featured&#8221; src=&#8221;https:\/\/buzaulinreportaje.ro\/wp-content\/uploads\/2026\/05\/Baraj-Ciresu-3.jpghttps:\/\/buzaulinreportaje.ro\/wp-content\/uploads\/2026\/05\/Baraj-Ciresu-3.jpg&#8221;] COMUNICAT DE PRES\u0102 Revenim cu informa\u021bii suplimentare referitoare la perioada de sistare a furniz\u0103rii apei c\u0103tre utilizatorii de pe Valea Sl\u0103nicului, conecta\u021bi la Sursa Baraj Cire\u0219u-Sta\u021bia Jghiab, astfel: Au fost identificate \u0219i evaluate riscurile care pot ap\u0103rea \u00een perioada efectu\u0103rii lucr\u0103rilor la barajul Cire\u0219u \u0219i au fost stabilite \u0219i implementate m\u0103suri pentru [&hellip;]<\/p>\n","protected":false},"author":1,"featured_media":0,"comment_status":"open","ping_status":"","sticky":false,"template":"","format":"standard","meta":{"footnotes":""},"categories":[2],"tags":[59,226],"class_list":["post-1926156","post","type-post","status-publish","format-standard","hentry","category-politics","tag-buzaulinreportaje-ro","tag-crawlmanager"],"_links":{"self":[{"href":"https:\/\/analyse.optim.biz\/index.php?rest_route=\/wp\/v2\/posts\/1926156","targetHints":{"allow":["GET"]}}],"collection":[{"href":"https:\/\/analyse.optim.biz\/index.php?rest_route=\/wp\/v2\/posts"}],"about":[{"href":"https:\/\/analyse.optim.biz\/index.php?rest_route=\/wp\/v2\/types\/post"}],"author":[{"embeddable":true,"href":"https:\/\/analyse.optim.biz\/index.php?rest_route=\/wp\/v2\/users\/1"}],"replies":[{"embeddable":true,"href":"https:\/\/analyse.optim.biz\/index.php?rest_route=%2Fwp%2Fv2%2Fcomments&post=1926156"}],"version-history":[{"count":0,"href":"https:\/\/analyse.optim.biz\/index.php?rest_route=\/wp\/v2\/posts\/1926156\/revisions"}],"wp:attachment":[{"href":"https:\/\/analyse.optim.biz\/index.php?rest_route=%2Fwp%2Fv2%2Fmedia&parent=1926156"}],"wp:term":[{"taxonomy":"category","embeddable":true,"href":"https:\/\/analyse.optim.biz\/index.php?rest_route=%2Fwp%2Fv2%2Fcategories&post=1926156"},{"taxonomy":"post_tag","embeddable":true,"href":"https:\/\/analyse.optim.biz\/index.php?rest_route=%2Fwp%2Fv2%2Ftags&post=1926156"}],"curies":[{"name":"wp","href":"https:\/\/api.w.org\/{rel}","templated":true}]}}