{"id":192428,"date":"2014-11-25T10:55:32","date_gmt":"2014-11-25T07:55:32","guid":{"rendered":"https:\/\/analyse.optim.biz\/?p=192428"},"modified":"2014-11-25T10:55:32","modified_gmt":"2014-11-25T07:55:32","slug":"psd-va-decide-daca-ramane-la-guvernare-v-ponta-trebuie-schimbate-radical-o-multime-de-lucruri-trebuie-sa-venim-cu-un-nou-proiect","status":"publish","type":"post","link":"https:\/\/analyse.optim.biz\/?p=192428","title":{"rendered":"PSD va decide dac\u0103 r\u0103m\u00e2ne la guvernare. V. Ponta: Trebuie schimbate radical o mul\u0163ime de lucruri, trebuie s\u0103 venim cu un nou proiect"},"content":{"rendered":"<div class=\"entry data-app-meta data-app-meta-article\" data-embed-base-url-canonical=\"https:\/\/www.digi24.ro\/embed\/stiri\/actualitate\/politica\/psd-va-decide-daca-ramane-la-guvernare-v-ponta-trebuie-schimbate-radical-o-multime-de-lucruri-trebuie-sa-venim-cu-un-nou-proiect-326021\">\n<p data-index=\"1\"><img decoding=\"async\" src=\"https:\/\/analyse.optim.biz\/wp-content\/uploads\/2024\/09\/yzrkzjdmowi1otu4ywe1odizntmwnjq0yzhiyzni-thumb_.jpg\" data-skip-htmlfix=\"1\" title=\"yzrkzjdmowi1otu4ywe1odizntmwnjq0yzhiyzni-thumb_\"><\/p>\n<p data-index=\"2\"><strong>ACTUALIZARE 12.05.<\/strong> \u201eVom avea din nou \u00een PSD \u015fi \u00een coali\u0163ia de guvernare decizii de adoptat, astfel \u00eenc\u00e2t s\u0103pt\u0103m\u00e2na viitoare s\u0103 \u015ftim dac\u0103 r\u0103m\u00e2nem la guvernare, dac\u0103 p\u0103str\u0103m \u015fi mergem mai departe cu guvernarea.<\/p>\n<p data-index=\"3\">Am avut discu\u0163ii \u00een coali\u0163ia de guvernare \u015fi decizia unanim\u0103 este de a continua, dar trebuie s\u0103 existe \u015fi un sprijin foarte clar din partea grupurilor noastre parlamentare. Decizia majoritar\u0103 este s\u0103 ne ducem mandatul la bun sf\u00e2r\u015fit.<\/p>\n<p data-index=\"4\">PSD anul viitor, \u00een prim\u0103var\u0103, \u00ee\u015fi face analiz\u0103 cu totul, s\u0103 vedem. Trebuie schimbate radical o mul\u0163ime de lucruri \u00een PSD.<\/p>\n<p data-index=\"5\">Relu\u0103m discu\u0163ia \u015fi ca PLR s\u0103 fie reprezentat la nivel de mini\u015ftri. Obligatoriu, prin prevederile constitu\u0163ionale atunci c\u00e2nd o alt\u0103 forma\u0163iune politic\u0103 intr\u0103 \u00een componen\u0163a guvernului, trebuie un vot \u00een Parlament. Pentru ca PLR s\u0103 intre la guvernare trebuie vot \u00een Parlament\u201d, a declarat Victor Ponta.<\/p>\n<hr>\n<p data-index=\"6\">Sursele citate de Mediafax au ar\u0103tat c\u0103 Ponta a fost \u00een asentimentul tuturor atunci c\u00e2nd a vorbit despre restructurarea Guvernului, fapt care ar echivala cu venirea noului Cabinet \u00een Parlament, pentru a ob\u0163ine votul parlamentarilor.<\/p>\n<p data-index=\"7\">Acelea\u015fi surse au ar\u0103tat c\u0103 restructurarea Cabinetului echivaleaz\u0103 cu o comasare a unor ministere.<\/p>\n<p data-index=\"8\">Pe de alt\u0103 parte, Ponta le-a spus deputa\u0163ilor, legat de Congresul PSD, c\u0103 vrea ca acesta s\u0103 fie convocat la \u00eenceputul anului 2015.<\/p>\n<\/div>\n<p> Source URL: https:\/\/www.digi24.ro\/stiri\/actualitate\/politica\/psd-va-decide-daca-ramane-la-guvernare-v-ponta-trebuie-schimbate-radical-o-multime-de-lucruri-trebuie-sa-venim-cu-un-nou-proiect-326021<\/p>\n","protected":false},"excerpt":{"rendered":"<p>ACTUALIZARE 12.05. \u201eVom avea din nou \u00een PSD \u015fi \u00een coali\u0163ia de guvernare decizii de adoptat, astfel \u00eenc\u00e2t s\u0103pt\u0103m\u00e2na viitoare s\u0103 \u015ftim dac\u0103 r\u0103m\u00e2nem la guvernare, dac\u0103 p\u0103str\u0103m \u015fi mergem mai departe cu guvernarea. Am avut discu\u0163ii \u00een coali\u0163ia de guvernare \u015fi decizia unanim\u0103 este de a continua, dar trebuie s\u0103 existe \u015fi un sprijin [&hellip;]<\/p>\n","protected":false},"author":1,"featured_media":192429,"comment_status":"open","ping_status":"","sticky":false,"template":"","format":"standard","meta":{"footnotes":""},"categories":[2],"tags":[11],"class_list":["post-192428","post","type-post","status-publish","format-standard","has-post-thumbnail","hentry","category-politics","tag-digi24"],"_links":{"self":[{"href":"https:\/\/analyse.optim.biz\/index.php?rest_route=\/wp\/v2\/posts\/192428","targetHints":{"allow":["GET"]}}],"collection":[{"href":"https:\/\/analyse.optim.biz\/index.php?rest_route=\/wp\/v2\/posts"}],"about":[{"href":"https:\/\/analyse.optim.biz\/index.php?rest_route=\/wp\/v2\/types\/post"}],"author":[{"embeddable":true,"href":"https:\/\/analyse.optim.biz\/index.php?rest_route=\/wp\/v2\/users\/1"}],"replies":[{"embeddable":true,"href":"https:\/\/analyse.optim.biz\/index.php?rest_route=%2Fwp%2Fv2%2Fcomments&post=192428"}],"version-history":[{"count":0,"href":"https:\/\/analyse.optim.biz\/index.php?rest_route=\/wp\/v2\/posts\/192428\/revisions"}],"wp:featuredmedia":[{"embeddable":true,"href":"https:\/\/analyse.optim.biz\/index.php?rest_route=\/wp\/v2\/media\/192429"}],"wp:attachment":[{"href":"https:\/\/analyse.optim.biz\/index.php?rest_route=%2Fwp%2Fv2%2Fmedia&parent=192428"}],"wp:term":[{"taxonomy":"category","embeddable":true,"href":"https:\/\/analyse.optim.biz\/index.php?rest_route=%2Fwp%2Fv2%2Fcategories&post=192428"},{"taxonomy":"post_tag","embeddable":true,"href":"https:\/\/analyse.optim.biz\/index.php?rest_route=%2Fwp%2Fv2%2Ftags&post=192428"}],"curies":[{"name":"wp","href":"https:\/\/api.w.org\/{rel}","templated":true}]}}