{"id":192244,"date":"2014-11-26T14:31:23","date_gmt":"2014-11-26T11:31:23","guid":{"rendered":"https:\/\/analyse.optim.biz\/?p=192244"},"modified":"2014-11-26T14:31:23","modified_gmt":"2014-11-26T11:31:23","slug":"senatoarea-cristiana-anghel-explica-declaratia-controversata-privind-cresterea-bugetului-dna","status":"publish","type":"post","link":"https:\/\/analyse.optim.biz\/?p=192244","title":{"rendered":"Senatoarea Cristiana Anghel explic\u0103 declara\u021bia controversat\u0103 privind cre\u0219terea bugetului DNA"},"content":{"rendered":"<div class=\"entry data-app-meta data-app-meta-article\" data-embed-base-url-canonical=\"https:\/\/www.digi24.ro\/embed\/stiri\/actualitate\/politica\/senatoarea-cristiana-anghel-explica-declaratia-controversata-privind-cresterea-bugetului-dna-326746\">\n<p data-index=\"1\">\u00a0<img decoding=\"async\" src=\"https:\/\/analyse.optim.biz\/wp-content\/uploads\/2024\/09\/mtcznjlhzmqxm2uzyze2ody5ngm2mdljymy3-thumb_.jpg\" data-skip-htmlfix=\"1\" title=\"mtcznjlhzmqxm2uzyze2ody5ngm2mdljymy3-thumb_\"><\/p>\n<p data-index=\"2\">Jurnali\u0219tii g\u00e2ndul.info au \u00eentrebat-o pe senatoarea PC Cristiana Anghel ce a vrut s\u0103 spun\u0103 prin<a href=\"https:\/\/www.digi24.ro\/Stiri\/Digi24\/Actualitate\/Politica\/Senatorii+si-au+majorat+bugetul+pentru+anul+viitor+Pe+ce+vor+fi+\" data-skip-linkfix=\"1\"> declara\u021bia f\u0103cut\u0103 mar\u021bi \u00een Parlament<\/a> \u0219i anume<em><strong> \u201eM\u0103rim bugetul DNA, \u00eel dubl\u0103m, \u00eel tripl\u0103m \u015fi ne mir\u0103m dup\u0103 aceea de ce se \u00eent\u00e2mpl\u0103 ce se \u00eent\u00e2mpl\u0103\u201d<\/strong><\/em>. <\/p>\n<p data-index=\"3\">\u00cen context, senatorul conservator a detaliat c\u0103 problema nu a fost pus\u0103 la modul \u00een care s-a \u00een\u0163eles ini\u0163ial, \u015fi c\u0103, de fapt, a \u00eencercat s\u0103 atrag\u0103 aten\u0163ia asupra unor situa\u0163ii nefire\u015fti de care se love\u015fte \u00een activitatea zilnic\u0103: \u015foferi ai Senatului cu salarii mici, lipsa acut\u0103 a consumabilelor, precum \u015fi a obiectelor de igien\u0103 elemntar\u0103 &#8211; s\u0103pun \u015fi h\u00e2rtie igienic\u0103.<\/p>\n<p data-index=\"4\">\u201eS-a ajuns \u00eentr-un stadiu&#8230; Totu\u015fi, \u00een Senatul acela lucreaz\u0103 ni\u015fte demnitari. A\u0163i mers la WC-urile de sus, ca s\u0103 vede\u0163i c\u0103 nu exist\u0103 s\u0103pun \u015fi h\u00e2rtie igienic\u0103? V-a\u0163i uitat la ma\u015finile cu care mergem noi de obicei? \u015ei, sta\u0163i pu\u0163in, nu avem to\u0163i senatorii c\u00e2te o ma\u015fin\u0103. Este o ma\u015fin\u0103 de la dispecerat cu care suntem du\u015fi, \u015fi pe care o a\u015ftept\u0103m \u00een barul Senatului, c\u00e2te o jum\u0103tate de or\u0103, c\u00e2te o or\u0103, ca s\u0103 ne putem duce acas\u0103. \u015ei dac\u0103 nu avem ma\u015fin\u0103, mergem cu taxiul. Dumneavoastr\u0103 vi se pare normal s\u0103 mergem cu taxiul? \u015ei nu vorbesc c\u0103 pl\u0103tesc, dar vorbesc despre siguran\u0163a demnitarului\u201d, a spus Cristiana Anghel, potrivit <a href=\"http:\/\/www.gandul.info\/politica\/senatorul-pc-cristiana-anghel-ganditi-s-ar-intampla-absurd-cei-dna-ar-innebuni-ar-hotari-intr-saptamana-aresteze-200-parlamentari-aiba-nevoie-avizul-nostru-13642950\" target=\"_blank\" data-skip-linkfix=\"1\" rel=\"noopener\">sursei citate<\/a>.<\/p>\n<p data-index=\"5\">Senatorul PC este, \u00een aceea\u015fi m\u0103sur\u0103, foarte sup\u0103rat pentru c\u0103 s-a stricat imaginea demnitarului.<\/p>\n<p data-index=\"6\">\u201eS-a ajuns la o faz\u0103 \u00een care, pentu c\u00e2\u0163iva in\u015fi care au f\u0103cut prostii \u2013 prostii, pu\u0163in spus -, care au furat, care&#8230; suntem, cu \u00a0to\u0163ii, discredita\u0163i\u201d, mai spune Cristiana Anghel.<\/p>\n<p data-index=\"7\">\u00cen privin\u0163a Justi\u0163iei, a DNA mai ales, senatoarea Cristiana Anghel \u015fi-a exprimat o \u00eengrijorare major\u0103.<\/p>\n<p data-index=\"8\">\u201eCinstit v\u0103 spun, exact ca \u015fi la noi, nu po\u0163i s\u0103 spui c\u0103 to\u0163i judec\u0103torii \u015fi to\u0163i procurorii sunt ni\u015fte nemernici \u015fi ni\u015fte nenoroci\u0163i. Dar printre ei exist\u0103 \u015fi oameni de acest fel \u2013 dovad\u0103, faptul c\u0103 o parte dintre ei sunt condamna\u0163i \u015fi sunt \u00een \u00eenchisoare. \u015ei atunci, nu-i ridic\u0103m pe unii \u00een sl\u0103vi \u015fi pe al\u0163ii \u00eei l\u0103s\u0103m a\u015fa! G\u00e2ndi\u0163i-v\u0103, v\u0103 rog frumos, totu\u015fi &#8211; c\u0103 asta m\u0103 deranjeaz\u0103 pe mine grozav &#8211; cum s-a f\u0103cut marele tam-tam pe imunitatea noastr\u0103, a parlamentarilor. \u015ei, \u00een primul r\u00e2nd, c\u0103 nu este imunitate, ci inviolabilitate. G\u00e2ndi\u0163i-v\u0103 c\u0103 senatorii nu ar avea acest statut \u015fi, prin absurd, cei din DNA ar \u00eennebuni \u015fi ar hot\u0103r\u00ee ca \u00eentr-o s\u0103pt\u0103m\u00e2n\u0103 s\u0103 aresteze 200 de parlamentari f\u0103r\u0103 s\u0103 mai aib\u0103 nevoie de avizul nostru. S-ar schimba, pur \u015fi simplu, echilibrul politic doar pentru c\u0103 ni\u015fte oameni vor s\u0103 fac\u0103 lucrul acesta?\u201d s-a \u00eentrebat retoric Cristiana Anghel.\u00a0<\/p>\n<p data-index=\"9\">Cristiana Anghel a fost aleas\u0103, \u00een 2012, senator \u00een circumscrip\u0163ia electoral\u0103 nr.17\u00a0DOLJ, colegiul uninominal nr.1, din partea Partidului Conservator.\u00a0<\/p>\n<\/div>\n<p> Source URL: https:\/\/www.digi24.ro\/stiri\/actualitate\/politica\/senatoarea-cristiana-anghel-explica-declaratia-controversata-privind-cresterea-bugetului-dna-326746<\/p>\n","protected":false},"excerpt":{"rendered":"<p>\u00a0 Jurnali\u0219tii g\u00e2ndul.info au \u00eentrebat-o pe senatoarea PC Cristiana Anghel ce a vrut s\u0103 spun\u0103 prin declara\u021bia f\u0103cut\u0103 mar\u021bi \u00een Parlament \u0219i anume \u201eM\u0103rim bugetul DNA, \u00eel dubl\u0103m, \u00eel tripl\u0103m \u015fi ne mir\u0103m dup\u0103 aceea de ce se \u00eent\u00e2mpl\u0103 ce se \u00eent\u00e2mpl\u0103\u201d. \u00cen context, senatorul conservator a detaliat c\u0103 problema nu a fost pus\u0103 la [&hellip;]<\/p>\n","protected":false},"author":1,"featured_media":192245,"comment_status":"open","ping_status":"","sticky":false,"template":"","format":"standard","meta":{"footnotes":""},"categories":[2],"tags":[11],"class_list":["post-192244","post","type-post","status-publish","format-standard","has-post-thumbnail","hentry","category-politics","tag-digi24"],"_links":{"self":[{"href":"https:\/\/analyse.optim.biz\/index.php?rest_route=\/wp\/v2\/posts\/192244","targetHints":{"allow":["GET"]}}],"collection":[{"href":"https:\/\/analyse.optim.biz\/index.php?rest_route=\/wp\/v2\/posts"}],"about":[{"href":"https:\/\/analyse.optim.biz\/index.php?rest_route=\/wp\/v2\/types\/post"}],"author":[{"embeddable":true,"href":"https:\/\/analyse.optim.biz\/index.php?rest_route=\/wp\/v2\/users\/1"}],"replies":[{"embeddable":true,"href":"https:\/\/analyse.optim.biz\/index.php?rest_route=%2Fwp%2Fv2%2Fcomments&post=192244"}],"version-history":[{"count":0,"href":"https:\/\/analyse.optim.biz\/index.php?rest_route=\/wp\/v2\/posts\/192244\/revisions"}],"wp:featuredmedia":[{"embeddable":true,"href":"https:\/\/analyse.optim.biz\/index.php?rest_route=\/wp\/v2\/media\/192245"}],"wp:attachment":[{"href":"https:\/\/analyse.optim.biz\/index.php?rest_route=%2Fwp%2Fv2%2Fmedia&parent=192244"}],"wp:term":[{"taxonomy":"category","embeddable":true,"href":"https:\/\/analyse.optim.biz\/index.php?rest_route=%2Fwp%2Fv2%2Fcategories&post=192244"},{"taxonomy":"post_tag","embeddable":true,"href":"https:\/\/analyse.optim.biz\/index.php?rest_route=%2Fwp%2Fv2%2Ftags&post=192244"}],"curies":[{"name":"wp","href":"https:\/\/api.w.org\/{rel}","templated":true}]}}