{"id":192233,"date":"2014-11-26T15:28:52","date_gmt":"2014-11-26T12:28:52","guid":{"rendered":"https:\/\/analyse.optim.biz\/?p=192233"},"modified":"2014-11-26T15:28:52","modified_gmt":"2014-11-26T12:28:52","slug":"elena-udrea-imi-asum-prietenia-cu-alina-bica-imi-asum-ca-am-fost-zece-ani-casatorita-cu-dorin-cocos","status":"publish","type":"post","link":"https:\/\/analyse.optim.biz\/?p=192233","title":{"rendered":"Elena Udrea: \u00cemi asum prietenia cu Alina Bica. \u00cemi asum c\u0103 am fost zece ani c\u0103s\u0103torit\u0103 cu Dorin Coco\u0219"},"content":{"rendered":"<div class=\"entry data-app-meta data-app-meta-article\" data-embed-base-url-canonical=\"https:\/\/www.digi24.ro\/embed\/stiri\/actualitate\/politica\/elena-udrea-imi-asum-prietenia-cu-alina-bica-imi-asum-ca-am-fost-zece-ani-casatorita-cu-dorin-cocos-326783\">\n<p data-index=\"1\">Prietenia dintre cele dou\u0103 a ajuns \u00een aten\u0163ia publicului, dup\u0103 ce, \u00een plin\u0103 campanie electoral\u0103, au ap\u0103rut fotografii cu Elena Udrea \u015fi Alina Bica la Paris, f\u0103c\u00e2nd cump\u0103r\u0103turi.<\/p>\n<p data-index=\"2\">&#8220;Eu \u00eemi asum prietenia cu doamna Bica, \u00eemi asum c\u0103 am fost zece ani c\u0103s\u0103torit\u0103 cu Dorin Coco\u015f. \u00cemi pare foarte r\u0103u pentru ce i se \u00eent\u00e2mpl\u0103, dar e foarte simplu. Acolo sunt oameni, care au povestit, au vorbit. Dac\u0103 a\u015f fi fost implicat\u0103 \u00een vreun fel, p\u00e2n\u0103 acum, cu siguran\u0163\u0103 ar fi spus lucrul acesta. Eu sunt dintre cei care au reclamat la nivelul colegilor din partid, dar \u015fi la nivelul institu\u0163iilor, indiciile c\u0103 acolo se \u00eent\u00e2mpl\u0103 fapte de corup\u0163ie.&#8221; a<span>\u00a0declarat Elena Udrea la Adev\u0103rul Live.<\/span><\/p>\n<\/div>\n<p> Source URL: https:\/\/www.digi24.ro\/stiri\/actualitate\/politica\/elena-udrea-imi-asum-prietenia-cu-alina-bica-imi-asum-ca-am-fost-zece-ani-casatorita-cu-dorin-cocos-326783<\/p>\n","protected":false},"excerpt":{"rendered":"<p>Prietenia dintre cele dou\u0103 a ajuns \u00een aten\u0163ia publicului, dup\u0103 ce, \u00een plin\u0103 campanie electoral\u0103, au ap\u0103rut fotografii cu Elena Udrea \u015fi Alina Bica la Paris, f\u0103c\u00e2nd cump\u0103r\u0103turi. &#8220;Eu \u00eemi asum prietenia cu doamna Bica, \u00eemi asum c\u0103 am fost zece ani c\u0103s\u0103torit\u0103 cu Dorin Coco\u015f. \u00cemi pare foarte r\u0103u pentru ce i se \u00eent\u00e2mpl\u0103, [&hellip;]<\/p>\n","protected":false},"author":1,"featured_media":192234,"comment_status":"open","ping_status":"","sticky":false,"template":"","format":"standard","meta":{"footnotes":""},"categories":[2],"tags":[11],"class_list":["post-192233","post","type-post","status-publish","format-standard","has-post-thumbnail","hentry","category-politics","tag-digi24"],"_links":{"self":[{"href":"https:\/\/analyse.optim.biz\/index.php?rest_route=\/wp\/v2\/posts\/192233","targetHints":{"allow":["GET"]}}],"collection":[{"href":"https:\/\/analyse.optim.biz\/index.php?rest_route=\/wp\/v2\/posts"}],"about":[{"href":"https:\/\/analyse.optim.biz\/index.php?rest_route=\/wp\/v2\/types\/post"}],"author":[{"embeddable":true,"href":"https:\/\/analyse.optim.biz\/index.php?rest_route=\/wp\/v2\/users\/1"}],"replies":[{"embeddable":true,"href":"https:\/\/analyse.optim.biz\/index.php?rest_route=%2Fwp%2Fv2%2Fcomments&post=192233"}],"version-history":[{"count":0,"href":"https:\/\/analyse.optim.biz\/index.php?rest_route=\/wp\/v2\/posts\/192233\/revisions"}],"wp:featuredmedia":[{"embeddable":true,"href":"https:\/\/analyse.optim.biz\/index.php?rest_route=\/wp\/v2\/media\/192234"}],"wp:attachment":[{"href":"https:\/\/analyse.optim.biz\/index.php?rest_route=%2Fwp%2Fv2%2Fmedia&parent=192233"}],"wp:term":[{"taxonomy":"category","embeddable":true,"href":"https:\/\/analyse.optim.biz\/index.php?rest_route=%2Fwp%2Fv2%2Fcategories&post=192233"},{"taxonomy":"post_tag","embeddable":true,"href":"https:\/\/analyse.optim.biz\/index.php?rest_route=%2Fwp%2Fv2%2Ftags&post=192233"}],"curies":[{"name":"wp","href":"https:\/\/api.w.org\/{rel}","templated":true}]}}