{"id":192219,"date":"2014-11-26T16:29:12","date_gmt":"2014-11-26T13:29:12","guid":{"rendered":"https:\/\/analyse.optim.biz\/?p=192219"},"modified":"2014-11-26T16:29:12","modified_gmt":"2014-11-26T13:29:12","slug":"echipa-de-consilieri-a-presedintelui-ales-klaus-iohannis","status":"publish","type":"post","link":"https:\/\/analyse.optim.biz\/?p=192219","title":{"rendered":"Echipa de consilieri a pre\u0219edintelui ales Klaus Iohannis\u00a0"},"content":{"rendered":"<div class=\"entry data-app-meta data-app-meta-article\" data-embed-base-url-canonical=\"https:\/\/www.digi24.ro\/embed\/stiri\/actualitate\/politica\/echipa-de-consilieri-a-presedintelui-ales-klaus-iohannis-326845\">\n<p data-index=\"1\">Deja Klaus Iohannis \u015fi-a ales o parte din viitorii colaboratori. Unul dintre ei ar putea fi actualul secretar adjunct al PNL, Dan Mihalache, care ar putea conduce cancelaria preziden\u0163ial\u0103.<\/p>\n<p data-index=\"2\"><strong>Ini\u0163ial, Klaus Iohannis a \u00eencercat s\u0103 aduc\u0103 la Cotroceni o serie de lideri liberali din e\u015falonul doi cu care a lucrat \u00een timpul interimatului \u00een fruntea PNL.<\/strong> R\u00e2nd pe r\u00e2nd, \u00eens\u0103, el a fost refuzat de vicepre\u015fedintele Eduard Hellvig, prim-vicepre\u015fedin\u0163ii Alina Gorghiu \u015fi Dan Motreanu, dar \u015fi de fostul ministru Lucian Isar, sus\u0163in surse din apropierea viitorului pre\u015fedinte.<\/p>\n<p data-index=\"3\"><strong>\u00cen aceste condi\u0163ii, Klaus Iohhanis ar fi optat pentru numirea actualului secretar adjunct al PNL, Dan Mihalache c\u0103 viitor \u015fef al cancelariei preziden\u0163iale.<\/strong> Vorbitor de german\u0103, Mihalache s-a ocupat \u015fi de coordonarea Departamentului de Strategie al PNL. Conform acelora\u015fi surse, Iulia Huiu, actual\u0103 consilier\u0103 a lui Dan Mihalache, va fi numit\u0103 consilier pe zona de analiz\u0103 politic\u0103.<\/p>\n<p data-index=\"4\"><strong>Cea mai important\u0103 achizi\u0163ie pentru Klaus Iohannis este actualul lider al deputa\u0163ilor PNL, George Scutaru, specialist pe probleme de ap\u0103rare \u015fi siguran\u0163\u0103 Na\u0163ional\u0103 ce va ocupa fotoliul de consilier preziden\u0163ial de profil.<\/strong><\/p>\n<p data-index=\"5\">Istoricul Andrei Muraru, fost pre\u015fedinte al Institutului de Investigare a Crimelor Comunismului, \u00eel va \u00eenso\u0163i pe pre\u015fedintele ales la Cotroceni \u00een calitate de consilier preziden\u0163ial pentru rela\u0163ia cu Autorit\u0103\u0163ile publice \u015fi Societatea Civil\u0103.<\/p>\n<p data-index=\"6\"><strong>Pe zona de politici economice \u015fi sociale este preferat sociologul Cosmin Marinescu.<\/strong> Departamentul legislativ ar putea fi condus de Mihaela Ciochin\u0103, actual director al departamentului similar al Senatului. Totodat\u0103, vor fi men\u0163inu\u0163i \u00een func\u0163ii, \u015fefa protocolului, Delia Dinu, dar \u015fi cel care conduce cancelaria Ordinelor, Gheorghe Angelescu.<\/p>\n<p data-index=\"7\">Noutatea va consta \u00een crearea a dou\u0103 noi departamente \u00een cadrul administra\u0163iei preziden\u0163iale, unul pentru rom\u00e2nii din diaspora \u015fi Republica Moldova ce va fi condus de sociologul Dan Dungaciu, un expert pe astfel de probleme, \u015fi al doilea pentru revizuirea Constitu\u0163iei, unde se caut\u0103 un specialist.<\/p>\n<p data-index=\"8\">\u201e<span>Pre\u015fedintele ales va dori, probabil c\u0103 Administra\u0163ia preziden\u0163ial\u0103 s\u0103 aib\u0103 o anumit\u0103 configura\u0163ie, \u00een func\u0163ie \u015fi de priorit\u0103\u0163ile domniei sale. Probabil c\u0103 vor fi anumite inova\u0163ii institu\u0163ionale. Vom avea un departament pentru probleme constitu\u0163ionale separat. \u015ei pentru reforma institu\u0163iilor politice\u201d, a spus Dan Mihalache, secretar adjunct al PNL.\u00a0<\/span><\/p>\n<p data-index=\"9\"><strong>Klaus Iohannnis are \u00eenc\u0103 echipa incomplet\u0103.<\/strong> La Educa\u0163ie este vehiculat numele Simonei Pop, \u015fefa Serviciului Public de Administrare a Unit\u0103\u0163ilor de \u00cenv\u0103\u0163\u0103m\u00e2nt Preuniversitar de Stat din Prim\u0103ria Sibiu. <\/p>\n<p data-index=\"10\">Pentru departamentul de politic\u0103 extern\u0103, el a purtat mai multe discu\u0163ii cu o serie de diploma\u0163i de carier\u0103, la fel \u015fi pentru Afaceri Europene, \u00een timp pentru func\u0163ia de purt\u0103tor de cuv\u00e2nt se caut\u0103 un specialist pe comunicare, nu neap\u0103rat din pres\u0103.<\/p>\n<\/div>\n<p> Source URL: https:\/\/www.digi24.ro\/stiri\/actualitate\/politica\/echipa-de-consilieri-a-presedintelui-ales-klaus-iohannis-326845<\/p>\n","protected":false},"excerpt":{"rendered":"<p>Deja Klaus Iohannis \u015fi-a ales o parte din viitorii colaboratori. Unul dintre ei ar putea fi actualul secretar adjunct al PNL, Dan Mihalache, care ar putea conduce cancelaria preziden\u0163ial\u0103. Ini\u0163ial, Klaus Iohannis a \u00eencercat s\u0103 aduc\u0103 la Cotroceni o serie de lideri liberali din e\u015falonul doi cu care a lucrat \u00een timpul interimatului \u00een fruntea [&hellip;]<\/p>\n","protected":false},"author":1,"featured_media":192220,"comment_status":"open","ping_status":"","sticky":false,"template":"","format":"standard","meta":{"footnotes":""},"categories":[2],"tags":[11],"class_list":["post-192219","post","type-post","status-publish","format-standard","has-post-thumbnail","hentry","category-politics","tag-digi24"],"_links":{"self":[{"href":"https:\/\/analyse.optim.biz\/index.php?rest_route=\/wp\/v2\/posts\/192219","targetHints":{"allow":["GET"]}}],"collection":[{"href":"https:\/\/analyse.optim.biz\/index.php?rest_route=\/wp\/v2\/posts"}],"about":[{"href":"https:\/\/analyse.optim.biz\/index.php?rest_route=\/wp\/v2\/types\/post"}],"author":[{"embeddable":true,"href":"https:\/\/analyse.optim.biz\/index.php?rest_route=\/wp\/v2\/users\/1"}],"replies":[{"embeddable":true,"href":"https:\/\/analyse.optim.biz\/index.php?rest_route=%2Fwp%2Fv2%2Fcomments&post=192219"}],"version-history":[{"count":0,"href":"https:\/\/analyse.optim.biz\/index.php?rest_route=\/wp\/v2\/posts\/192219\/revisions"}],"wp:featuredmedia":[{"embeddable":true,"href":"https:\/\/analyse.optim.biz\/index.php?rest_route=\/wp\/v2\/media\/192220"}],"wp:attachment":[{"href":"https:\/\/analyse.optim.biz\/index.php?rest_route=%2Fwp%2Fv2%2Fmedia&parent=192219"}],"wp:term":[{"taxonomy":"category","embeddable":true,"href":"https:\/\/analyse.optim.biz\/index.php?rest_route=%2Fwp%2Fv2%2Fcategories&post=192219"},{"taxonomy":"post_tag","embeddable":true,"href":"https:\/\/analyse.optim.biz\/index.php?rest_route=%2Fwp%2Fv2%2Ftags&post=192219"}],"curies":[{"name":"wp","href":"https:\/\/api.w.org\/{rel}","templated":true}]}}