{"id":192117,"date":"2014-11-27T16:32:36","date_gmt":"2014-11-27T13:32:36","guid":{"rendered":"https:\/\/analyse.optim.biz\/?p=192117"},"modified":"2014-11-27T16:32:36","modified_gmt":"2014-11-27T13:32:36","slug":"klaus-iohannis-refuzat-de-doi-colegi-liberali","status":"publish","type":"post","link":"https:\/\/analyse.optim.biz\/?p=192117","title":{"rendered":"Klaus Iohannis, refuzat de doi colegi liberali"},"content":{"rendered":"<div class=\"entry data-app-meta data-app-meta-article\" data-embed-base-url-canonical=\"https:\/\/www.digi24.ro\/embed\/stiri\/actualitate\/politica\/klaus-iohannis-refuzat-de-doi-colegi-liberali-327294\">\n<p data-index=\"1\">Liderul interimar ar putea fi desemnat prin vot, \u00een Biroului Politic al partidului. Potrivit unor surse liberale, Klaus Iohannis a sugerat aceast\u0103 variant\u0103 dup\u0103 ce at\u00e2t Crin Antonescu, c\u00e2t \u015fi Dan Motreanu, au refuzat oferta.<\/p>\n<p data-index=\"2\">Trei vicepre\u015fedin\u0163i liberali au deja ambi\u0163ii la \u015fefia acestei forma\u0163iuni politice.\u00a0<\/p>\n<\/div>\n<p> Source URL: https:\/\/www.digi24.ro\/stiri\/actualitate\/politica\/klaus-iohannis-refuzat-de-doi-colegi-liberali-327294<\/p>\n","protected":false},"excerpt":{"rendered":"<p>Liderul interimar ar putea fi desemnat prin vot, \u00een Biroului Politic al partidului. Potrivit unor surse liberale, Klaus Iohannis a sugerat aceast\u0103 variant\u0103 dup\u0103 ce at\u00e2t Crin Antonescu, c\u00e2t \u015fi Dan Motreanu, au refuzat oferta. Trei vicepre\u015fedin\u0163i liberali au deja ambi\u0163ii la \u015fefia acestei forma\u0163iuni politice.\u00a0 Source URL: https:\/\/www.digi24.ro\/stiri\/actualitate\/politica\/klaus-iohannis-refuzat-de-doi-colegi-liberali-327294<\/p>\n","protected":false},"author":1,"featured_media":192118,"comment_status":"open","ping_status":"","sticky":false,"template":"","format":"standard","meta":{"footnotes":""},"categories":[2],"tags":[11],"class_list":["post-192117","post","type-post","status-publish","format-standard","has-post-thumbnail","hentry","category-politics","tag-digi24"],"_links":{"self":[{"href":"https:\/\/analyse.optim.biz\/index.php?rest_route=\/wp\/v2\/posts\/192117","targetHints":{"allow":["GET"]}}],"collection":[{"href":"https:\/\/analyse.optim.biz\/index.php?rest_route=\/wp\/v2\/posts"}],"about":[{"href":"https:\/\/analyse.optim.biz\/index.php?rest_route=\/wp\/v2\/types\/post"}],"author":[{"embeddable":true,"href":"https:\/\/analyse.optim.biz\/index.php?rest_route=\/wp\/v2\/users\/1"}],"replies":[{"embeddable":true,"href":"https:\/\/analyse.optim.biz\/index.php?rest_route=%2Fwp%2Fv2%2Fcomments&post=192117"}],"version-history":[{"count":0,"href":"https:\/\/analyse.optim.biz\/index.php?rest_route=\/wp\/v2\/posts\/192117\/revisions"}],"wp:featuredmedia":[{"embeddable":true,"href":"https:\/\/analyse.optim.biz\/index.php?rest_route=\/wp\/v2\/media\/192118"}],"wp:attachment":[{"href":"https:\/\/analyse.optim.biz\/index.php?rest_route=%2Fwp%2Fv2%2Fmedia&parent=192117"}],"wp:term":[{"taxonomy":"category","embeddable":true,"href":"https:\/\/analyse.optim.biz\/index.php?rest_route=%2Fwp%2Fv2%2Fcategories&post=192117"},{"taxonomy":"post_tag","embeddable":true,"href":"https:\/\/analyse.optim.biz\/index.php?rest_route=%2Fwp%2Fv2%2Ftags&post=192117"}],"curies":[{"name":"wp","href":"https:\/\/api.w.org\/{rel}","templated":true}]}}