{"id":192114,"date":"2014-11-27T17:06:14","date_gmt":"2014-11-27T14:06:14","guid":{"rendered":"https:\/\/analyse.optim.biz\/?p=192114"},"modified":"2014-11-27T17:06:14","modified_gmt":"2014-11-27T14:06:14","slug":"klaus-iohannis-despre-o-vizita-in-germania-cat-de-curand-posibil-la-inceputul-anului-viitor","status":"publish","type":"post","link":"https:\/\/analyse.optim.biz\/?p=192114","title":{"rendered":"Klaus Iohannis, despre o vizit\u0103 \u00een Germania: C\u00e2t de cur\u00e2nd posibil, la \u00eenceputul anului viitor"},"content":{"rendered":"<div class=\"entry data-app-meta data-app-meta-article\" data-embed-base-url-canonical=\"https:\/\/www.digi24.ro\/embed\/stiri\/actualitate\/politica\/klaus-iohannis-despre-o-vizita-in-germania-cat-de-curand-posibil-la-inceputul-anului-viitor-327308\">\n<p data-index=\"1\"><img decoding=\"async\" src=\"https:\/\/analyse.optim.biz\/wp-content\/uploads\/2024\/09\/jnc9odawjmhhc2g9zdixyzbhodg5ngixyji5ndg0njuyowzmytc3zti1yme-thumb_.jpg\" data-skip-htmlfix=\"1\" title=\"jnc9odawjmhhc2g9zdixyzbhodg5ngixyji5ndg0njuyowzmytc3zti1yme-thumb_\"><\/p>\n<p data-index=\"2\">\u00centrebat c\u00e2nd va face prima vizit\u0103 \u00een Germania \u00een calitate de pre\u015fedinte,Klaus Iohannis\u00a0a r\u0103spuns: &#8220;C\u00e2t de cur\u00e2nd posibil: la \u00eenceputul anului viitor&#8221;.<\/p>\n<p data-index=\"3\">\u00cen ceea ce prive\u015fte o re\u00eentoarcere a sa\u015filor transilv\u0103neni \u00een Rom\u00e2nia, pre\u015fedintele ales s-a ar\u0103tat sceptic.<\/p>\n<p data-index=\"4\">&#8220;\u00cen privin\u0163a unei re\u00eentoarceri masive a sa\u015filor transilv\u0103neni, sunt mai degrab\u0103 sceptic. Dar ar fi foarte frumos, dac\u0103 sa\u015fii transilv\u0103neni \u015fi al\u0163i rom\u00e2ni s-ar \u00eentoarce din str\u0103in\u0103tate&#8221;, a declarat Iohannis, \u00eentr-un interviu acordat Berliner Zeitung.<\/p>\n<p data-index=\"5\">Pre\u015fedintele ales, Klaus Iohannis va face, vineri, o vizit\u0103 la Chi\u015fin\u0103u.<\/p>\n<p data-index=\"6\">Surse oficiale au declarat, mar\u0163i, pentru Mediafax, c\u0103 pre\u0219edintele ales urmeaz\u0103 s\u0103 efectueze o vizit\u0103 neoficial\u0103 \u00een Statele Unite ale Americii, \u00eenainte de depunerea jur\u0103m\u00e2ntului \u00een plenul Parlamentului \u015fi exercitarea efectiv\u0103 a mandatului.<\/p>\n<\/div>\n<p> Source URL: https:\/\/www.digi24.ro\/stiri\/actualitate\/politica\/klaus-iohannis-despre-o-vizita-in-germania-cat-de-curand-posibil-la-inceputul-anului-viitor-327308<\/p>\n","protected":false},"excerpt":{"rendered":"<p>\u00centrebat c\u00e2nd va face prima vizit\u0103 \u00een Germania \u00een calitate de pre\u015fedinte,Klaus Iohannis\u00a0a r\u0103spuns: &#8220;C\u00e2t de cur\u00e2nd posibil: la \u00eenceputul anului viitor&#8221;. \u00cen ceea ce prive\u015fte o re\u00eentoarcere a sa\u015filor transilv\u0103neni \u00een Rom\u00e2nia, pre\u015fedintele ales s-a ar\u0103tat sceptic. &#8220;\u00cen privin\u0163a unei re\u00eentoarceri masive a sa\u015filor transilv\u0103neni, sunt mai degrab\u0103 sceptic. Dar ar fi foarte frumos, [&hellip;]<\/p>\n","protected":false},"author":1,"featured_media":192115,"comment_status":"open","ping_status":"","sticky":false,"template":"","format":"standard","meta":{"footnotes":""},"categories":[2],"tags":[11],"class_list":["post-192114","post","type-post","status-publish","format-standard","has-post-thumbnail","hentry","category-politics","tag-digi24"],"_links":{"self":[{"href":"https:\/\/analyse.optim.biz\/index.php?rest_route=\/wp\/v2\/posts\/192114","targetHints":{"allow":["GET"]}}],"collection":[{"href":"https:\/\/analyse.optim.biz\/index.php?rest_route=\/wp\/v2\/posts"}],"about":[{"href":"https:\/\/analyse.optim.biz\/index.php?rest_route=\/wp\/v2\/types\/post"}],"author":[{"embeddable":true,"href":"https:\/\/analyse.optim.biz\/index.php?rest_route=\/wp\/v2\/users\/1"}],"replies":[{"embeddable":true,"href":"https:\/\/analyse.optim.biz\/index.php?rest_route=%2Fwp%2Fv2%2Fcomments&post=192114"}],"version-history":[{"count":0,"href":"https:\/\/analyse.optim.biz\/index.php?rest_route=\/wp\/v2\/posts\/192114\/revisions"}],"wp:featuredmedia":[{"embeddable":true,"href":"https:\/\/analyse.optim.biz\/index.php?rest_route=\/wp\/v2\/media\/192115"}],"wp:attachment":[{"href":"https:\/\/analyse.optim.biz\/index.php?rest_route=%2Fwp%2Fv2%2Fmedia&parent=192114"}],"wp:term":[{"taxonomy":"category","embeddable":true,"href":"https:\/\/analyse.optim.biz\/index.php?rest_route=%2Fwp%2Fv2%2Fcategories&post=192114"},{"taxonomy":"post_tag","embeddable":true,"href":"https:\/\/analyse.optim.biz\/index.php?rest_route=%2Fwp%2Fv2%2Ftags&post=192114"}],"curies":[{"name":"wp","href":"https:\/\/api.w.org\/{rel}","templated":true}]}}