{"id":192015,"date":"2014-11-27T22:31:21","date_gmt":"2014-11-27T19:31:21","guid":{"rendered":"https:\/\/analyse.optim.biz\/?p=192015"},"modified":"2014-11-27T22:31:21","modified_gmt":"2014-11-27T19:31:21","slug":"mircea-geoana-psd-se-agata-de-un-cal-mort","status":"publish","type":"post","link":"https:\/\/analyse.optim.biz\/?p=192015","title":{"rendered":"Mircea Geoan\u0103: PSD se aga\u021b\u0103 de un cal mort"},"content":{"rendered":"<div class=\"entry data-app-meta data-app-meta-article\" data-embed-base-url-canonical=\"https:\/\/www.digi24.ro\/embed\/stiri\/actualitate\/politica\/mircea-geoana-psd-se-agata-de-un-cal-mort-327454\">\n<p data-index=\"1\">\u201eDac\u0103 nu ar fi o situa\u0163ie u\u015for jenant\u0103, a\u015f spune c\u0103 e de un comic absurd. Ne \u00eent\u00e2lnim s\u0103 discut\u0103m de ce a pierdut <strong>Ponta<\/strong> alegerile \u015fi \u00eel d\u0103 pe Geoan\u0103 afar\u0103 din partid.<strong> \u00cen condi\u0163iile \u00een care a v\u0103zut c\u0103, \u00een faza ini\u0163ial\u0103, colegii nu mar\u015fau la propunerea pe care el a f\u0103cut-o, \u015fi-a pus din nou mandatul pe mas\u0103 \u015fi a zis: Dac\u0103 nu \u00eel da\u0163i afar\u0103 pe Geoan\u0103, eu \u00eemi dau demisia din \u015fefia guvernului \u015fi a partidului<\/strong>. A \u015fantajat partidul\u201d, a spus <strong>Mircea Geoan\u0103<\/strong> la Digi24.<\/p>\n<p data-index=\"2\">\u201eE clar c\u0103 se leag\u0103 de conducerea partidului \u015fi de conducerea guvernului, \u00eei este team\u0103 c\u0103 atunci dup\u0103 ce va pierde guvernarea (&#8230;) partidul \u00eei va sc\u0103pa printre degete \u015fi pentru un congres \u015ftie c\u0103 e vulnerabil. Omul \u0103sta se aga\u0163\u0103 de putere cu orice pre\u0163\u201d, a spus fostul pre\u0219edinte al forma\u021biunii.<\/p>\n<p data-index=\"3\">\u201e<span>Sper ca to\u0163i colegii mei din PSD \u015fi votan\u0163ii no\u015ftri s\u0103 \u00ee\u015fi dea seama c\u0103, \u00een clipa de fa\u0163\u0103, se aga\u0163\u0103 de un cal mort\u201d, a ad\u0103ugat el.<\/span><\/p>\n<\/div>\n<p> Source URL: https:\/\/www.digi24.ro\/stiri\/actualitate\/politica\/mircea-geoana-psd-se-agata-de-un-cal-mort-327454<\/p>\n","protected":false},"excerpt":{"rendered":"<p>\u201eDac\u0103 nu ar fi o situa\u0163ie u\u015for jenant\u0103, a\u015f spune c\u0103 e de un comic absurd. Ne \u00eent\u00e2lnim s\u0103 discut\u0103m de ce a pierdut Ponta alegerile \u015fi \u00eel d\u0103 pe Geoan\u0103 afar\u0103 din partid. \u00cen condi\u0163iile \u00een care a v\u0103zut c\u0103, \u00een faza ini\u0163ial\u0103, colegii nu mar\u015fau la propunerea pe care el a f\u0103cut-o, \u015fi-a [&hellip;]<\/p>\n","protected":false},"author":1,"featured_media":192016,"comment_status":"open","ping_status":"","sticky":false,"template":"","format":"standard","meta":{"footnotes":""},"categories":[2],"tags":[11],"class_list":["post-192015","post","type-post","status-publish","format-standard","has-post-thumbnail","hentry","category-politics","tag-digi24"],"_links":{"self":[{"href":"https:\/\/analyse.optim.biz\/index.php?rest_route=\/wp\/v2\/posts\/192015","targetHints":{"allow":["GET"]}}],"collection":[{"href":"https:\/\/analyse.optim.biz\/index.php?rest_route=\/wp\/v2\/posts"}],"about":[{"href":"https:\/\/analyse.optim.biz\/index.php?rest_route=\/wp\/v2\/types\/post"}],"author":[{"embeddable":true,"href":"https:\/\/analyse.optim.biz\/index.php?rest_route=\/wp\/v2\/users\/1"}],"replies":[{"embeddable":true,"href":"https:\/\/analyse.optim.biz\/index.php?rest_route=%2Fwp%2Fv2%2Fcomments&post=192015"}],"version-history":[{"count":0,"href":"https:\/\/analyse.optim.biz\/index.php?rest_route=\/wp\/v2\/posts\/192015\/revisions"}],"wp:featuredmedia":[{"embeddable":true,"href":"https:\/\/analyse.optim.biz\/index.php?rest_route=\/wp\/v2\/media\/192016"}],"wp:attachment":[{"href":"https:\/\/analyse.optim.biz\/index.php?rest_route=%2Fwp%2Fv2%2Fmedia&parent=192015"}],"wp:term":[{"taxonomy":"category","embeddable":true,"href":"https:\/\/analyse.optim.biz\/index.php?rest_route=%2Fwp%2Fv2%2Fcategories&post=192015"},{"taxonomy":"post_tag","embeddable":true,"href":"https:\/\/analyse.optim.biz\/index.php?rest_route=%2Fwp%2Fv2%2Ftags&post=192015"}],"curies":[{"name":"wp","href":"https:\/\/api.w.org\/{rel}","templated":true}]}}