{"id":191965,"date":"2014-11-28T00:18:57","date_gmt":"2014-11-27T21:18:57","guid":{"rendered":"https:\/\/analyse.optim.biz\/?p=191965"},"modified":"2014-11-28T00:18:57","modified_gmt":"2014-11-27T21:18:57","slug":"marian-vanghelie-exclus-din-psd-le-a-fost-teama-nu-vor-sa-aiba-contracandidati","status":"publish","type":"post","link":"https:\/\/analyse.optim.biz\/?p=191965","title":{"rendered":"Marian Vanghelie, exclus din PSD: Le-a fost team\u0103, nu vor s\u0103 aib\u0103 contracandida\u021bi"},"content":{"rendered":"<div class=\"entry data-app-meta data-app-meta-article\" data-embed-base-url-canonical=\"https:\/\/www.digi24.ro\/embed\/stiri\/actualitate\/politica\/marian-vanghelie-exclus-din-psd-le-a-fost-teama-nu-vor-sa-aiba-contracandidati-327482\">\n<p data-index=\"1\">\u201eTotul a fost un circ. De fapt, cred c\u0103 problema era: dac\u0103 ne apropiem de conrgres mai avem contracandida\u021bi? Trebuie s\u0103-i elimin\u0103m. \u0218i cum \u00eei elimin\u0103m? C\u0103ut\u0103m ni\u0219te motive. La un moment dat nu mai eram dat afar\u0103 c\u0103 am dat o declara\u021bie pe sc\u0103ri, eram dat afar\u0103 ca \u0219i cum nu \u0219tiu ce a\u0219 face eu cu dl Geoan\u0103. Nici nu am reu\u0219it \u00een perioada asta s\u0103 m\u0103 v\u0103d cu d\u00e2nsul, am discutat poate la telefon, am discutat cu mul\u021bi lideri din \u021bar\u0103 la telefon, dar nu avea nicio leg\u0103tur\u0103\u201d, a spus Marian Vanghelie la un post de televiziune.<\/p>\n<p data-index=\"2\">\u201e<span>Ei aveau leg\u0103tura cu Mircea Geoan\u0103 ca nu cumva s\u0103 candideze pre\u0219edinte, cu mine ca nu cumva eu s\u0103 candidez pre\u0219edinte executiv \u0219i cred c\u0103 \u0219i cu dl \u0218ova la fel, c\u0103 au sim\u021bit ei din declara\u021bile lui c\u0103 s-ar putea s\u0103 candideze pe undeva. Le-a fost team\u0103 pur \u0219i simplu, nu vor s\u0103 aib\u0103 contracandida\u021bi\u201d, a ad\u0103ugat el.<\/span><\/p>\n<\/div>\n<p> Source URL: https:\/\/www.digi24.ro\/stiri\/actualitate\/politica\/marian-vanghelie-exclus-din-psd-le-a-fost-teama-nu-vor-sa-aiba-contracandidati-327482<\/p>\n","protected":false},"excerpt":{"rendered":"<p>\u201eTotul a fost un circ. De fapt, cred c\u0103 problema era: dac\u0103 ne apropiem de conrgres mai avem contracandida\u021bi? Trebuie s\u0103-i elimin\u0103m. \u0218i cum \u00eei elimin\u0103m? C\u0103ut\u0103m ni\u0219te motive. La un moment dat nu mai eram dat afar\u0103 c\u0103 am dat o declara\u021bie pe sc\u0103ri, eram dat afar\u0103 ca \u0219i cum nu \u0219tiu ce a\u0219 [&hellip;]<\/p>\n","protected":false},"author":1,"featured_media":191966,"comment_status":"open","ping_status":"","sticky":false,"template":"","format":"standard","meta":{"footnotes":""},"categories":[2],"tags":[11],"class_list":["post-191965","post","type-post","status-publish","format-standard","has-post-thumbnail","hentry","category-politics","tag-digi24"],"_links":{"self":[{"href":"https:\/\/analyse.optim.biz\/index.php?rest_route=\/wp\/v2\/posts\/191965","targetHints":{"allow":["GET"]}}],"collection":[{"href":"https:\/\/analyse.optim.biz\/index.php?rest_route=\/wp\/v2\/posts"}],"about":[{"href":"https:\/\/analyse.optim.biz\/index.php?rest_route=\/wp\/v2\/types\/post"}],"author":[{"embeddable":true,"href":"https:\/\/analyse.optim.biz\/index.php?rest_route=\/wp\/v2\/users\/1"}],"replies":[{"embeddable":true,"href":"https:\/\/analyse.optim.biz\/index.php?rest_route=%2Fwp%2Fv2%2Fcomments&post=191965"}],"version-history":[{"count":0,"href":"https:\/\/analyse.optim.biz\/index.php?rest_route=\/wp\/v2\/posts\/191965\/revisions"}],"wp:featuredmedia":[{"embeddable":true,"href":"https:\/\/analyse.optim.biz\/index.php?rest_route=\/wp\/v2\/media\/191966"}],"wp:attachment":[{"href":"https:\/\/analyse.optim.biz\/index.php?rest_route=%2Fwp%2Fv2%2Fmedia&parent=191965"}],"wp:term":[{"taxonomy":"category","embeddable":true,"href":"https:\/\/analyse.optim.biz\/index.php?rest_route=%2Fwp%2Fv2%2Fcategories&post=191965"},{"taxonomy":"post_tag","embeddable":true,"href":"https:\/\/analyse.optim.biz\/index.php?rest_route=%2Fwp%2Fv2%2Ftags&post=191965"}],"curies":[{"name":"wp","href":"https:\/\/api.w.org\/{rel}","templated":true}]}}