{"id":1918782,"date":"2026-03-31T02:26:00","date_gmt":"2026-03-30T23:26:00","guid":{"rendered":"https:\/\/analyse.optim.biz\/?p=1918782"},"modified":"2026-03-31T02:26:00","modified_gmt":"2026-03-30T23:26:00","slug":"lodyssee-de-christopher-nolan-se-devoile-dans-une-bande-annonce-epique","status":"publish","type":"post","link":"https:\/\/analyse.optim.biz\/?p=1918782","title":{"rendered":"L\u2019Odyss\u00e9e de Christopher Nolan se d\u00e9voile dans une bande-annonce \u00e9pique"},"content":{"rendered":"<div class=\"entry-content\">\n<section class=\"single-header padding-top-s\">\n<div class=\"container\">\n<div class=\"row justify-content-between\">\n<div class=\"col-lg-9 col-xl-8\">\n<div class=\"video-container\">\n\t\t\t\t\t\t\t\t\t\t\t\t\t<\/div>\n<div class=\"container-img desktop\">\n\t\t\t\t\t\t\t\t<img decoding=\"async\" width=\"640\" height=\"408\" src=\"https:\/\/numero.com\/wp-content\/uploads\/2025\/03\/the-odyssey-matt-damon-christopher-nolan-1-768x490.jpg\" class=\"img-fluid\" alt=\"The Odyssey, Matt Damon, Christopher Nolan\" loading=\"lazy\">\t\t\t\t\t\t\t\t<\/p>\n<p class=\"number big\">5<\/p>\n<\/p><\/div>\n<div class=\"container-img mobile\">\n\t\t\t\t\t\t\t\t<img decoding=\"async\" width=\"640\" height=\"804\" src=\"https:\/\/numero.com\/wp-content\/uploads\/2025\/02\/matt-damon-768x965.jpg\" class=\"img-fluid\" alt=\"The Odyssey, Matt Damon, Christopher Nolan\" loading=\"lazy\">\t\t\t\t\t\t\t\t<\/p>\n<p class=\"number big\">5<\/p>\n<\/p><\/div>\n<\/p><\/div>\n<div class=\"col col-lg-3 col-xl-4 desktop\">\n<div class=\"ad grand-angle desktop\">\n    <!-- \/21730003857\/numero-ad-unit\/numero-grand-angle --><\/p>\n<div id=\"div-gpt-ad-1773673590069-0\" class=\"px-0\">\n<p>            googletag.cmd.push(function () {<br \/>\n                googletag.display(&#8216;div-gpt-ad-1773673590069-0&#8217;);<br \/>\n            });<\/p><\/div>\n<\/div><\/div>\n<\/p><\/div>\n<\/p><\/div>\n<\/section>\n<section class=\"post-content\">\n<div class=\"container\">\n<div class=\"row g-0 justify-content-between\">\n<div class=\"col-lg-9 col-xl-8 padding-top-s\">\n<p class=\"share-widget\" id=\"share-widget\"><img decoding=\"async\" src=\"https:\/\/numero.com\/wp-content\/themes\/understrap-child-main\/src\/public\/images\/share.svg\" alt=\"share-widget\"><\/p>\n<div class=\"share-icons\" id=\"share-icons\">\n<p class=\"copy-link\"><img decoding=\"async\" src=\"https:\/\/numero.com\/wp-content\/themes\/understrap-child-main\/src\/public\/images\/copy-link.svg\" alt=\"copy-link\"><\/p>\n<p>\t\t\t\t\t\t\t<a href=\"https:\/\/www.facebook.com\/sharer\/sharer.php?u=https:\/\/numero.com\/culture\/cinema\/l-odyssee-christopher-nolan-matt-damon\/\" class=\"facebook\" target=\"_blank\" rel=\"noopener\"><img decoding=\"async\" src=\"https:\/\/numero.com\/wp-content\/themes\/understrap-child-main\/src\/public\/images\/facebook.svg\" alt=\"facebook\"><\/a><br \/>\n\t\t\t\t\t\t\t<a href=\"https:\/\/twitter.com\/share?url=https:\/\/numero.com\/culture\/cinema\/l-odyssee-christopher-nolan-matt-damon\/\" class=\"twitter\" target=\"_blank\" rel=\"noopener\"><img decoding=\"async\" src=\"https:\/\/numero.com\/wp-content\/themes\/understrap-child-main\/src\/public\/images\/twitter.svg\" alt=\"twitter\"><\/a>\n\t\t\t\t\t\t<\/div>\n<p>\t\t\t\t\t\t<span class id=\"custom-tooltip\">Lien copi\u00e9<\/span><\/p>\n<div class=\"col-lg-10\">\n<div class=\"meta d-flex justify-content-between align-items-center\">\n<div class=\"cat\">\n\t\t\t\t\t\t\t\t\t<a class=\"cat-title\" href=\"https:\/\/numero.com\/category\/culture\/cinema\/\">Cin\u00e9ma<\/a>\t\t\t\t\t\t\t\t<\/div>\n<p class=\"date\">\n\t\t\t\t\t\t\t\t\t5 mai 2026\t\t\t\t\t\t\t\t<\/p>\n<\/p><\/div>\n<h1>L\u2019Odyss\u00e9e de Christopher Nolan se d\u00e9voile dans une bande-annonce \u00e9pique<\/h1>\n<div class=\"introduction\">\n<p>Apr\u00e8s le film \u00e0 succ\u00e8s <em>Oppenheimer<\/em>, le r\u00e9alisateur Christopher Nolan sortira en juillet 2026 le film <em>L\u2019Odyss\u00e9e<\/em> (<em>The Odyssey)<\/em> avec Matt Damon, Charlize Theron, Zendaya, Anne Hathaway, Robert Pattinson et Tom Holland. Voici tout ce que l\u2019on sait sur cette adaptation de l\u2019\u00e9pop\u00e9e d\u2019Hom\u00e8re.<\/p>\n<\/div>\n<li class=\"credits d-flex\">\n<p>\n\t\t\t\t\t\t\t\t\t\t\tpar\t\t\t\t\t\t\t\t\t\t\t\t\t\t\t\t\t\t\t\t\t\t\t<a href=\"https:\/\/numero.com\/contributeur\/violaine-schutz\/\">Violaine Sch\u00fctz<\/a>,\u00a0\t\t\t\t\t\t\t\t\t\t\t\t\t\t\t\t\t\t\t\t\t<\/p>\n<p>\n\t\t\t\t\t\t\t\t\t\t\tet\t\t\t\t\t\t\t\t\t\t\t\t\t\t\t\t\t\t\t\t\t\t\t<a href=\"https:\/\/numero.com\/contributeur\/la-redaction\/\">La r\u00e9daction<\/a>.\t\t\t\t\t\t\t\t\t\t\t\t\t\t\t\t\t\t\t\t\t<\/p>\n<\/li>\n<p class=\"edition-date\">Publi\u00e9 le 1 juillet 2025. Modifi\u00e9 le 5 mai 2026.<\/p>\n<div id=\"ads03\" class=\"mobile\">\n<div class=\"ad-wrapper\">\n<div class=\"ad interscroller desktop\">\n<\/div>\n<p><!-- \/21730003857\/numero-ad-unit\/numero-interscroller --><\/p>\n<div id=\"div-gpt-ad-1773673675628-0\" class=\"ads-pub\">\n<p>        googletag.cmd.push(function () {<br \/>\n            googletag.display(&#8216;div-gpt-ad-1773673675628-0&#8217;);<br \/>\n        });<\/p>\n<\/div><\/div>\n<\/p><\/div>\n<p>\t\t\t\t\t\t\t&lt;!&#8211; <\/p>\n<div class=\"padding-bottom-s\">\n\t\t\t\t\t\t\t\t\t\t\t\t\t\t\t<\/div>\n<p> &#8211;&gt;<\/p>\n<figure data-wp-context='{\"imageId\":\"69f9e46f2250d\"}' data-wp-interactive=\"core\/image\" data-wp-key=\"69f9e46f2250d\" class=\"wp-block-image size-full wp-lightbox-container\"><img loading=\"lazy\" decoding=\"async\" width=\"1300\" height=\"1634\" data-wp-class--hide=\"state.isContentHidden\" data-wp-class--show=\"state.isContentVisible\" data-wp-init=\"callbacks.setButtonStyles\" data-wp-on--click=\"actions.showLightbox\" data-wp-on--load=\"callbacks.setButtonStyles\" data-wp-on-window--resize=\"callbacks.setButtonStyles\" src=\"https:\/\/numero.com\/wp-content\/uploads\/2025\/02\/matt-damon.jpg\" alt=\"The Odyssey, Matt Damon, Christopher Nolan\" class=\"wp-image-638491\"><button class=\"lightbox-trigger\" type=\"button\" aria-haspopup=\"dialog\" aria-label=\"Agrandir\" data-wp-init=\"callbacks.initTriggerButton\" data-wp-on--click=\"actions.showLightbox\" data-wp-style--right=\"state.imageButtonRight\" data-wp-style--top=\"state.imageButtonTop\"><\/p>\n<p>\t\t<\/button><figcaption class=\"wp-element-caption\">Matt Damon dans <em>L\u2019Odyss\u00e9e<\/em> (2026) de Christopher Nolan.<\/figcaption><\/figure>\n<h2 class=\"wp-block-heading\"><em>L\u2019Odyss\u00e9e<\/em>, le nouveau film de Christopher Nolan<\/h2>\n<p>Apr\u00e8s le succ\u00e8s tonitruant d\u2019<strong><em>Oppenheimer<\/em><\/strong>, le biopic explosif sur le p\u00e8re de la bombe atomique, le r\u00e9alisateur britannico-am\u00e9ricain\u00a0<a href=\"https:\/\/numero.com\/culture\/christopher-nolan-se-lance-dans-le-film-despionnage-avec-robert-pattinson\/\" target=\"_blank\" rel=\"noreferrer noopener\"><strong>Christopher Nolan<\/strong><\/a>\u00a0s\u2019attaque \u00e0 un projet pharaonique : <em><strong>L\u2019Odyss\u00e9e<\/strong> <\/em>d\u2019Hom\u00e8re. Cette \u00e9pop\u00e9e grecque antique r\u00e9alis\u00e9e vers la fin du VIII<sup>e<\/sup>\u00a0si\u00e8cle\u00a0av. J.-C par Hom\u00e8re raconte le retour d\u2019Ulysse dans son \u00eele d\u2019Ithaque, apr\u00e8s la guerre de Troie. Il lui faudra dix ans pour rejoindre son foyer et retrouver son \u00e9pouse, P\u00e9n\u00e9lope et son fils, T\u00e9l\u00e9maque. Ce monument de la litt\u00e9rature a fait d\u00e9j\u00e0 l\u2019objet de quelques adaptations au cin\u00e9ma. La plus r\u00e9cente, <em>The Return <\/em>avec <strong><a href=\"https:\/\/numero.com\/culture\/cinema\/juliette-binoche-interview-the-new-look\/\" target=\"_blank\" rel=\"noreferrer noopener\">Juliette Binoche<\/a> <\/strong>et Ralph Fiennes, est sortie en 2025.<\/p>\n<p>D\u00e9crit comme un film d\u2019action \u00e9pique et mythique tourn\u00e9 sur toute la plan\u00e8te, <strong><em>L\u2019Odyss\u00e9e<\/em><\/strong> (<strong><em>The Odyssey<\/em><\/strong>) \u00e9tonne. Pendant quelque temps, les rumeurs annon\u00e7aient que le prochain Nolan serait un film de vampires \u2013 de genre historique et horrifique \u2013 se d\u00e9roulant dans les ann\u00e9es 20, selon le m\u00e9dia <em><a href=\"https:\/\/gizmodo.com\/christopher-nolan-new-movie-plot-tom-holland-imax-2000514765\" target=\"_blank\" rel=\"noreferrer noopener\">Gizmodo<\/a><\/em>.<\/p>\n<p>D\u2019autres arguaient qu\u2019il s\u2019agirait d\u2019un long-m\u00e9trage de science-fiction et d\u2019espionnage centr\u00e9 sur un p\u00e8re et un fils. Pr\u00e9vue pour le 15 juillet 2026, l\u2019adaptation d\u2019Hom\u00e8re aura finalement plus \u00e0 voir avec<em>Gladiator II <\/em>qu\u2019avec<em>Nosferatu<\/em>. Le tournage s\u2019est d\u00e9roul\u00e9 en partie sur l\u2019\u00eele de Favignana, en Sicile.<\/p>\n<figure data-wp-context='{\"imageId\":\"69f9e46f22989\"}' data-wp-interactive=\"core\/image\" data-wp-key=\"69f9e46f22989\" class=\"wp-block-image size-large wp-lightbox-container\"><img loading=\"lazy\" decoding=\"async\" width=\"683\" height=\"1024\" data-wp-class--hide=\"state.isContentHidden\" data-wp-class--show=\"state.isContentVisible\" data-wp-init=\"callbacks.setButtonStyles\" data-wp-on--click=\"actions.showLightbox\" data-wp-on--load=\"callbacks.setButtonStyles\" data-wp-on-window--resize=\"callbacks.setButtonStyles\" src=\"https:\/\/numero.com\/wp-content\/uploads\/2025\/03\/the-odyssey-683x1024.jpeg\" alt=\"L'affiche de The Odyssey de Christopher Nolan.\" class=\"wp-image-698090\"><button class=\"lightbox-trigger\" type=\"button\" aria-haspopup=\"dialog\" aria-label=\"Agrandir\" data-wp-init=\"callbacks.initTriggerButton\" data-wp-on--click=\"actions.showLightbox\" data-wp-style--right=\"state.imageButtonRight\" data-wp-style--top=\"state.imageButtonTop\"><\/p>\n<p>\t\t<\/button><figcaption class=\"wp-element-caption\">L\u2019affiche de <em>The Odyssey <\/em>de Christopher Nolan.<\/figcaption><\/figure>\n<h2 class=\"wp-block-heading\">Un casting exceptionnel avec Matt Damon, Zendaya et Anne Hathaway<\/h2>\n<p>Pour adapter ce r\u00e9cit mythologique qui s\u2019appellera <em><strong>The Odyssey<\/strong><\/em> (<strong><em>L\u2019Odyss\u00e9e<\/em><\/strong>), <strong>Christopher Nolan<\/strong> a r\u00e9uni un casting exceptionnel. En effet, c\u2019est \u00e0 <strong><a href=\"https:\/\/numero.com\/culture\/pour-quel-film-camille-cottin-a-t-elle-collabore-avec-matt-damon\/\">Matt Damon<\/a><\/strong> que revient le r\u00f4le principal. Il incarnera le personnage d\u2019Ulysse (<em>Odysseus<\/em>), le roi d\u2019Ithaque. \u00c0 ses c\u00f4t\u00e9s, <strong>Tom Holland <\/strong>(<em>Spider-Man : No Way Home<\/em>) jouera son fils T\u00e9l\u00e9maque et <strong><a href=\"https:\/\/numero.com\/culture\/rencontre-avec-anne-hathaway-et-nicholas-galitzine-heros-irresistibles-du-film-lidee-detre-avec-toi\/\" target=\"_blank\" rel=\"noreferrer noopener\">Anne Hathaway<\/a><\/strong>, son \u00e9pouse P\u00e9n\u00e9lope.<\/p>\n<p>D\u00e9sormais, on sait que la d\u00e9esse Ath\u00e9na sera jou\u00e9e par <strong><a href=\"https:\/\/numero.com\/culture\/rencontre-avec-zendaya-idole-de-la-gen-z-et-heroine-sulfureuse-du-film-challengers\/\" target=\"_blank\" rel=\"noreferrer noopener\">Zendaya<\/a><\/strong> et la magicienne Circ\u00e9 par <strong><a href=\"https:\/\/numero.com\/culture\/charlize-theron-portrait-dune-actrice-devenue-reine-dhollywood\/\" target=\"_blank\" rel=\"noreferrer noopener\">Charlize Theron<\/a><\/strong>. Quant au r\u00e9alisateur <strong>Benny Safdie<\/strong>, il incarnera Agamemnon.<\/p>\n<h2 class=\"wp-block-heading\">Une apparition de Travis Scott<\/h2>\n<p>Plus excitant encore, <a style=\"font-weight: bold\" href=\"https:\/\/numero.com\/culture\/robert-pattinson-avec-twilight-je-nimaginais-rien-cetait-juste-un-casse-croute\/\" target=\"_blank\" rel=\"noreferrer noopener\">Robert Pattinson<\/a><b> <\/b>(dans la peau d\u2019<b>Antinoos<\/b>, fils d\u2019Eupith\u00e8s)<b>, <\/b><a style=\"font-weight: bold\" href=\"https:\/\/numero.com\/culture\/cinema\/who-is-mia-goth-the-enigmatic-new-hollywood-star-in-suspiria\/\">Mia Goth<\/a> (en M\u00e9lantho), <strong>Jon Bernthal<\/strong> (en M\u00e9n\u00e9las), <strong>Lupita Nyong\u2019o<\/strong>, <strong>Elliot Page<\/strong>, <strong>Himesh Patel<\/strong> (en Euryloque), et <strong>John Leguizamo<\/strong> (en Eum\u00e9e) compl\u00e8teront cette belle affiche. Aussi, selon un <em>trailer<\/em> diffus\u00e9 en janvier 2026 \u00e0 la t\u00e9l\u00e9vision am\u00e9ricain, le rappeur <strong>Travis Scott <\/strong>jouera un petit r\u00f4le dans le projet.<\/p>\n<p>Fid\u00e8le \u00e0 ses acteurs, <a href=\"https:\/\/numero.com\/culture\/christopher-nolan-se-lance-dans-le-film-despionnage-avec-robert-pattinson\/\">Christopher Nolan<\/a> collabore souvent avec les m\u00eames stars. Ainsi, il dirigeait <strong>Matt Damon<\/strong> dans <em>Interstellar <\/em>(2014) et <em><a href=\"https:\/\/numero.com\/culture\/oppenheimer-diffuse-sur-canal-est-il-le-film-le-plus-explosif-de-christopher-nolan\/\">Oppenheimer<\/a> <\/em>(2023), <a href=\"https:\/\/numero.com\/mode\/le-diable-shabille-en-prada-comment-anne-hathaway-est-devenue-aussi-mode-que-son-personnage\/\">Anne Hathaway<\/a> dans <em>The Dark Knight Rises <\/em>(2012) et <em>Interstellar<\/em>. Et bien s\u00fbr, <a href=\"https:\/\/numero.com\/culture\/cinema\/the-drama-que-sait-on-du-film-avec-robert-pattinson-et-zendaya\/\">Robert Pattinson<\/a> dans le thriller de science-fiction <em>Tenet<\/em> (2020).<\/p>\n<figure data-wp-context='{\"imageId\":\"69f9e46f22e21\"}' data-wp-interactive=\"core\/image\" data-wp-key=\"69f9e46f22e21\" class=\"wp-block-image size-full wp-lightbox-container\"><img loading=\"lazy\" decoding=\"async\" width=\"919\" height=\"1280\" data-wp-class--hide=\"state.isContentHidden\" data-wp-class--show=\"state.isContentVisible\" data-wp-init=\"callbacks.setButtonStyles\" data-wp-on--click=\"actions.showLightbox\" data-wp-on--load=\"callbacks.setButtonStyles\" data-wp-on-window--resize=\"callbacks.setButtonStyles\" src=\"https:\/\/numero.com\/wp-content\/uploads\/2024\/10\/zendaya-nolan-3.jpg\" alt=\"Zendaya.\" class=\"wp-image-595559\"><button class=\"lightbox-trigger\" type=\"button\" aria-haspopup=\"dialog\" aria-label=\"Agrandir\" data-wp-init=\"callbacks.initTriggerButton\" data-wp-on--click=\"actions.showLightbox\" data-wp-style--right=\"state.imageButtonRight\" data-wp-style--top=\"state.imageButtonTop\"><\/p>\n<p>\t\t<\/button><figcaption class=\"wp-element-caption\">Zendaya \u00e0 la c\u00e9r\u00e9monie Rock &amp; Roll Hall Of Fame, \u00e0 Cleveland (Ohio), le 19 octobre 2024. Photo par Kevin Mazur\/Getty Images pour le The Rock and Roll Hall of Fame.<\/figcaption><\/figure>\n<h2 class=\"wp-block-heading\">60 000 m\u00e8tres de pellicule<\/h2>\n<p><strong><em>The Odyssey<\/em><\/strong>, dont deux <strong>bandes-annonces<\/strong> \u00e9piques ont \u00e9t\u00e9 d\u00e9voil\u00e9es, a \u00e9t\u00e9 le premier film tourn\u00e9 en entier en <strong>IMAX<\/strong>. Et ce avec des cam\u00e9ras 70 mm et dans des conditions r\u00e9elles afin d\u2019\u00e9viter au maximum les effets num\u00e9riques. <a href=\"https:\/\/www.empireonline.com\/movies\/news\/christopher-nolan-the-odyssey-epic-to-end-all-epics-cn-exclusive\/\" target=\"_blank\" rel=\"noreferrer noopener\">Selon le magazine <em>Empire<\/em><\/a>, Christopher Nolan a tourn\u00e9 son film pendant 91 jours, ce qui repr\u00e9sente 60 000 m\u00e8tres de pellicule. Le processus s\u2019est fait de mani\u00e8re presque primitive (selon les termes du r\u00e9alisateur), avec des plans film\u00e9s notamment en pleine mer.<\/p>\n<p>Il explique : <em>\u201cJ\u2019ai \u00e9t\u00e9 sur place durant les quatre derniers mois. Et on a pu faire naviguer le casting qui incarne l\u2019\u00e9quipage d\u2019<\/em><strong>Odyss\u00e9e <\/strong><em>sur de v\u00e9ritables vagues, dans des lieux r\u00e9els. Et oui, c\u2019\u00e9tait immense, terrifiant, exceptionnel et bienveillant, en fonction des conditions climatiques. On voulait vraiment montrer \u00e0 quel point ces voyages \u00e9taient extr\u00eamement difficiles \u00e0 l\u2019\u00e9poque pour les gens. Et \u00e0 quel point c\u2019\u00e9tait un acte de foi de s\u2019aventurer dans ce monde inexplor\u00e9, qui n\u2019avait m\u00eame pas encore \u00e9t\u00e9 cartographi\u00e9.<\/em>\u201d<\/p>\n<figure class=\"wp-block-embed is-type-video is-provider-youtube wp-block-embed-youtube wp-embed-aspect-16-9 wp-has-aspect-ratio\">\n<div class=\"wp-block-embed__wrapper\">\n<div class=\"cookieconsent-optout-statistics cookieconsent-optout-marketing\"><\/div>\n<\/div><figcaption class=\"wp-element-caption\">La bande-annonce du film <em>L\u2019Odyss\u00e9e<\/em> (2026).<\/figcaption><\/figure>\n<h2 class=\"wp-block-heading\">Un nouveau succ\u00e8s plan\u00e9taire pour Universal ?<\/h2>\n<p><em><strong>L\u2019Odyss\u00e9e<\/strong><\/em> sera le nouveau projet (\u00e0 <strong>250 millions de dollars<\/strong>) du r\u00e9alisateur aux c\u00f4t\u00e9s des studios <strong>Universal Pictures<\/strong>. Pour rappel, en 2021, on apprenait qu\u2019apr\u00e8s vingt ans de bons et loyaux services au sein de l\u2019\u00e9curie <strong>Warner Bros<\/strong>, <strong><a href=\"https:\/\/numero.com\/culture\/christopher-nolan-se-lance-dans-le-film-despionnage-avec-robert-pattinson\/\" target=\"_blank\" rel=\"noreferrer noopener\">Christopher Nolan<\/a> <\/strong>quittait Warner Bros. Et ce, pour signer avec Universal, la major concurrente.<\/p>\n<p>Une d\u00e9cision qui fait suite \u00e0 une pol\u00e9mique initi\u00e9e par Warner Bros. en d\u00e9cembre 2020. En effet, l\u2019entreprise am\u00e9ricaine annon\u00e7ait sortir ses prochains longs-m\u00e9trages simultan\u00e9ment en salles et sur la plateforme de streaming HBO Max.<\/p>\n<p>Et cette\u00a0strat\u00e9gie co\u00fbte beaucoup aux studios am\u00e9ricains, notamment \u00e0 Disney, qui a \u00e9t\u00e9 poursuivi en justice par <strong><a href=\"https:\/\/numero.com\/culture\/cinema\/le-jour-ou-scarlett-johansson-a-intente-un-proces-a-disney-pour-black-widow\/\" target=\"_blank\" rel=\"noreferrer noopener\">Scarlett Johansson<\/a><\/strong>. En effet, <em><strong>Black Widow<\/strong> <\/em>\u00e9tait disponible sur Disney+ le m\u00eame jour que sa sortie en salle. Et \u00e0 Disney de ne pas honorer les termes du contrat sign\u00e9 avec\u00a0l\u2019actrice.<\/p>\n<blockquote class=\"instagram-media\" data-instgrm-permalink=\"https:\/\/www.instagram.com\/p\/DRCvHuuDId3\/?utm_source=ig_embed&amp;utm_campaign=loading\" data-instgrm-version=\"14\" style=\"background:#FFF;border:0;border-radius:3px;margin: 1px;max-width:540px;min-width:326px;padding:0;width:99.375%;width:-webkit-calc(100% - 2px);width:calc(100% - 2px)\">\n<div style=\"padding:16px\"> <a href=\"https:\/\/www.instagram.com\/p\/DRCvHuuDId3\/?utm_source=ig_embed&amp;utm_campaign=loading\" style=\"background:#FFFFFF;line-height:0;padding:0 0;text-align:center;text-decoration:none;width:100%\" target=\"_blank\"> <\/p>\n<div style=\"flex-direction: row;align-items: center\">\n<div style=\"background-color: #F4F4F4;border-radius: 50%;flex-grow: 0;height: 40px;margin-right: 14px;width: 40px\"><\/div>\n<div style=\"flex-direction: column;flex-grow: 1;justify-content: center\">\n<div style=\"background-color: #F4F4F4;border-radius: 4px;flex-grow: 0;height: 14px;margin-bottom: 6px;width: 100px\"><\/div>\n<div style=\"background-color: #F4F4F4;border-radius: 4px;flex-grow: 0;height: 14px;width: 60px\"><\/div>\n<\/div>\n<\/div>\n<div style=\"padding: 19% 0\"><\/div>\n<div style=\"height:50px;margin:0 auto 12px;width:50px\"><\/div>\n<div style=\"padding-top: 8px\">\n<div style=\"color:#3897f0;font-family:Arial,sans-serif;font-size:14px;font-style:normal;font-weight:550;line-height:18px\">Voir cette publication sur Instagram<\/div>\n<\/div>\n<div style=\"padding: 12.5% 0\"><\/div>\n<div style=\"flex-direction: row;margin-bottom: 14px;align-items: center\">\n<div>\n<div style=\"background-color: #F4F4F4;border-radius: 50%;height: 12.5px;width: 12.5px\"><\/div>\n<div style=\"background-color: #F4F4F4;height: 12.5px;width: 12.5px;flex-grow: 0;margin-right: 14px;margin-left: 2px\"><\/div>\n<div style=\"background-color: #F4F4F4;border-radius: 50%;height: 12.5px;width: 12.5px\"><\/div>\n<\/div>\n<div style=\"margin-left: 8px\">\n<div style=\"background-color: #F4F4F4;border-radius: 50%;flex-grow: 0;height: 20px;width: 20px\"><\/div>\n<div style=\"width: 0;height: 0;border-top: 2px solid transparent;border-left: 6px solid #f4f4f4;border-bottom: 2px solid transparent\"><\/div>\n<\/div>\n<div style=\"margin-left: auto\">\n<div style=\"width: 0px;border-top: 8px solid #F4F4F4;border-right: 8px solid transparent\"><\/div>\n<div style=\"background-color: #F4F4F4;flex-grow: 0;height: 12px;width: 16px\"><\/div>\n<div style=\"width: 0;height: 0;border-top: 8px solid #F4F4F4;border-left: 8px solid transparent\"><\/div>\n<\/div>\n<\/div>\n<div style=\"flex-direction: column;flex-grow: 1;justify-content: center;margin-bottom: 24px\">\n<div style=\"background-color: #F4F4F4;border-radius: 4px;flex-grow: 0;height: 14px;margin-bottom: 6px;width: 224px\"><\/div>\n<div style=\"background-color: #F4F4F4;border-radius: 4px;flex-grow: 0;height: 14px;width: 144px\"><\/div>\n<\/div>\n<p><\/a><\/p>\n<p style=\"color:#c9c8cd;font-family:Arial,sans-serif;font-size:14px;line-height:17px;margin-bottom:0;margin-top:8px;overflow:hidden;padding:8px 0 7px;text-align:center;white-space:nowrap\"><a href=\"https:\/\/www.instagram.com\/p\/DRCvHuuDId3\/?utm_source=ig_embed&amp;utm_campaign=loading\" style=\"color:#c9c8cd;font-family:Arial,sans-serif;font-size:14px;font-style:normal;font-weight:normal;line-height:17px;text-decoration:none\" target=\"_blank\">Une publication partag\u00e9e par Empire (@empiremagazine)<\/a><\/p>\n<\/div>\n<\/blockquote>\n<div class=\"cookieconsent-optout-statistics cookieconsent-optout-marketing\"><\/div>\n<p>Quant \u00e0 <strong>Christopher Nolan<\/strong>, il refuse que son prochain projet soit vu sur petit \u00e9cran. Selon Universal (via <em>The Hollywood Reporter<\/em>), le r\u00e9alisateur\u00a0est un des rares noms\u00a0<em>\u201cqui peut assurer des superproductions \u00e0 partir d\u2019id\u00e9es originales, sans d\u00e9pendre d\u2019une\u00a0licence\u201d. <\/em>Comme <em><strong>Oppenheimer<\/strong><\/em> avec <strong><a href=\"https:\/\/numero.com\/culture\/cinema\/cillian-murphy-que-sait-on-du-film-peaky-blinders-adapte-de-la-serie\/\" target=\"_blank\" rel=\"noreferrer noopener\">Cillian Murphy<\/a><\/strong>, qui a rapport\u00e9 gros au studio. Le film a engrang\u00e9 950 millions de dollars de recettes en 2023. Puis rafl\u00e9 sept Oscars en 2024, dont meilleur r\u00e9alisateur et meilleur film.<\/p>\n<p>Cette alliance entre le r\u00e9alisateur de <em><strong><a href=\"https:\/\/numero.com\/culture\/cinema\/christopher-nolan-un-thriller-choc-et-une-distorsion-du-temps\/\" target=\"_blank\" rel=\"noreferrer noopener\">Tenet<\/a> <\/strong><\/em>et Universal\u00a0prouve une nouvelle fois \u00e0 quel point les membres puissants de l\u2019industrie hollywoodienne sont attach\u00e9s \u00e0 la sortie des films en salles. Elle survient dans un contexte de recul des studios, qui ont annonc\u00e9 mettre fin \u00e0 ces sorties simultan\u00e9es au cin\u00e9ma et en streaming. Le vieil Hollywood a manifestement remport\u00e9 une bataille, mais va-t-il gagner la guerre ?<\/p>\n<p><em>L\u2019Odyss\u00e9e de Christopher Nolan au cin\u00e9ma le 15 juillet 2026.<\/em><\/p>\n<\/p><\/div>\n<\/p><\/div>\n<div class=\"col-lg-3\">\n<div class=\"suggested-posts padding-top-s\">\n<div class=\"title\">Recommand\u00e9<\/div>\n<div class=\"post-card\">\n\t\t\t\t\t\t\t\t\t\t<a class=\"post-link d-flex\" href=\"https:\/\/numero.com\/culture\/cinema\/anne-hathaway-projets-films\/\"><\/p>\n<div class=\"container-img\">\n\t\t\t\t\t\t\t\t\t\t\t\t<img decoding=\"async\" width=\"640\" height=\"805\" src=\"https:\/\/numero.com\/wp-content\/uploads\/2024\/10\/thumb-anne-hathaway-nouveaux-roles-flowervale-street-mother-mary-yesteryear-768x966.png\" class=\"img-fluid\" alt=\"Anne Hathaway \u00e0 l'affiche des films Mother Mary (2025), Flowervale Street (2025) et Yesteryear (2026) \u00a9 Lucas Possiede\/WWD via Getty Images\" loading=\"lazy\">\t\t\t\t\t\t\t\t\t\t\t\t<\/p>\n<p class=\"number\">30<\/p>\n<\/p><\/div>\n<div class=\"card-info d-flex\">\n<div>\n<p class=\"cat-title\">Cin\u00e9ma<\/p>\n<h3 class=\"post-title\">Influenceuse, pop star\u2026 Les prochains r\u00f4les d\u2019Anne Hathaway<\/h3>\n<\/p><\/div>\n<p class=\"date\">\n\t\t\t\t\t\t\t\t\t\t\t\t\t30 mars 2026\t\t\t\t\t\t\t\t\t\t\t\t<\/p>\n<\/p><\/div>\n<p>\t\t\t\t\t\t\t\t\t\t<\/a>\n\t\t\t\t\t\t\t\t\t<\/div>\n<div class=\"post-card\">\n\t\t\t\t\t\t\t\t\t\t<a class=\"post-link d-flex\" href=\"https:\/\/numero.com\/mode\/les-meilleurs-looks-de-la-serie-euphoria\/\"><\/p>\n<div class=\"container-img\">\n\t\t\t\t\t\t\t\t\t\t\t\t<img decoding=\"async\" width=\"640\" height=\"804\" src=\"https:\/\/numero.com\/wp-content\/uploads\/2026\/04\/Sydney-Sweeney-porte-une-robe-Jackson-Wiederhoeft-dans-la-saison-3-dEuphoria.-%C2%A9-HBO-2-768x965.jpg\" class=\"img-fluid\" alt=\"Sydney Sweeney porte une robe Jackson Wiederhoeft dans la saison 3 d'Euphoria. \u00a9 HBO.\" loading=\"lazy\">\t\t\t\t\t\t\t\t\t\t\t\t<\/p>\n<p class=\"number\">27<\/p>\n<\/p><\/div>\n<div class=\"card-info d-flex\">\n<div>\n<p class=\"cat-title\">Mode<\/p>\n<h3 class=\"post-title\">Les meilleurs looks des h\u00e9ro\u00efnes d\u2019Euphoria<\/h3>\n<\/p><\/div>\n<p class=\"date\">\n\t\t\t\t\t\t\t\t\t\t\t\t\t27 avr 2026\t\t\t\t\t\t\t\t\t\t\t\t<\/p>\n<\/p><\/div>\n<p>\t\t\t\t\t\t\t\t\t\t<\/a>\n\t\t\t\t\t\t\t\t\t<\/div>\n<div class=\"post-card\">\n\t\t\t\t\t\t\t\t\t\t<a class=\"post-link d-flex\" href=\"https:\/\/numero.com\/culture\/musique\/la-playlist-d-avril-2026\/\"><\/p>\n<div class=\"container-img\">\n\t\t\t\t\t\t\t\t\t\t\t\t<img decoding=\"async\" width=\"640\" height=\"804\" src=\"https:\/\/numero.com\/wp-content\/uploads\/2026\/04\/olivia-rodrigo-768x965.jpg\" class=\"img-fluid\" alt=\"La chanteuse Olivia Rodrigo.\" loading=\"lazy\">\t\t\t\t\t\t\t\t\t\t\t\t<\/p>\n<p class=\"number\">24<\/p>\n<\/p><\/div>\n<div class=\"card-info d-flex\">\n<div>\n<p class=\"cat-title\">Musique<\/p>\n<h3 class=\"post-title\">La playlist d\u2019avril 2026 avec Lana Del Rey, Olivia Rodrigo, Rosal\u00eda et Madonna<\/h3>\n<\/p><\/div>\n<p class=\"date\">\n\t\t\t\t\t\t\t\t\t\t\t\t\t24 avr 2026\t\t\t\t\t\t\t\t\t\t\t\t<\/p>\n<\/p><\/div>\n<p>\t\t\t\t\t\t\t\t\t\t<\/a>\n\t\t\t\t\t\t\t\t\t<\/div>\n<div class=\"post-card\">\n\t\t\t\t\t\t\t\t\t\t<a class=\"post-link d-flex\" href=\"https:\/\/numero.com\/culture\/series\/euphoria-saison-3-zendaya\/\"><\/p>\n<div class=\"container-img\">\n\t\t\t\t\t\t\t\t\t\t\t\t<img decoding=\"async\" width=\"640\" height=\"804\" src=\"https:\/\/numero.com\/wp-content\/uploads\/2025\/02\/rosalia-euphoria-768x965.jpg\" class=\"img-fluid\" alt=\"Rosal\u00eda.\" loading=\"lazy\">\t\t\t\t\t\t\t\t\t\t\t\t<\/p>\n<p class=\"number\">13<\/p>\n<\/p><\/div>\n<div class=\"card-info d-flex\">\n<div>\n<p class=\"cat-title\">S\u00e9ries<\/p>\n<h3 class=\"post-title\">Euphoria : 5 choses \u00e0 savoir sur la saison 3<\/h3>\n<\/p><\/div>\n<p class=\"date\">\n\t\t\t\t\t\t\t\t\t\t\t\t\t13 avr 2026\t\t\t\t\t\t\t\t\t\t\t\t<\/p>\n<\/p><\/div>\n<p>\t\t\t\t\t\t\t\t\t\t<\/a>\n\t\t\t\t\t\t\t\t\t<\/div>\n<\/p><\/div>\n<\/p><\/div>\n<\/p><\/div>\n<div class=\"padding-top-s\">\n<div class=\"ad banner desktop\">\n<div class=\"container\">\n<div class=\"row\">\n            <!-- \/21730003857\/numero-ad-unit\/numero-banner-1 --><\/p>\n<div id=\"div-gpt-ad-1773673267712-0\" style=\"min-width: 350px\">\n<p>                    googletag.cmd.push(function () {<br \/>\n                        googletag.display(&#8216;div-gpt-ad-1773673267712-0&#8217;);<br \/>\n                    });<\/p><\/div>\n<\/p><\/div>\n<\/p><\/div>\n<\/div><\/div>\n<\/p><\/div>\n<\/section>\n<p>        <button class=\"btn-newsletter btn-outline-white my-5\" id=\"open-modal-newsletter\">Inscrivez-vous \u00e0 la newsletter<\/button>\t\t<\/p>\n<section class=\"related-posts post-list padding-top-m padding-bottom-s\">\n<div class=\"container\">\n<h2 class=\"title mx-auto\">\u00c0 lire aussi<\/h2>\n<div class=\"row\">\n<div class=\"col-lg-3\">\n<div class=\"post-card desktop\">\n\t\t\t\t\t\t\t\t\t\t<a class=\"post-link\" href=\"https:\/\/numero.com\/culture\/cinema\/pom-klementieff-interview-films\/\"><\/p>\n<div class=\"container-img\">\n\t\t\t\t\t\t\t\t\t\t\t\t<img decoding=\"async\" width=\"640\" height=\"804\" src=\"https:\/\/numero.com\/wp-content\/uploads\/2025\/05\/pom-klementieff-1-768x965.jpg\" class=\"img-fluid\" alt=\"Pom Klementieff by Lorenzo Agius for Paramount Pictures. Stylist: Brett Alan Nelson \/ The Only Agency.\" loading=\"lazy\">\t\t\t\t\t\t\t\t\t\t\t\t<\/p>\n<div class=\"number\">05<\/div>\n<\/p><\/div>\n<div class=\"card-info\">\n<div class=\"meta d-flex justify-content-between\">\n<p class=\"cat-title\">Cin\u00e9ma<\/p>\n<p class=\"date\">\n\t\t\t\t\t\t\t\t\t\t\t\t\t\t5 mai 2026\t\t\t\t\t\t\t\t\t\t\t\t\t<\/p>\n<\/p><\/div>\n<div class=\"post-title\">Les confessions de Pom Klementieff, star de Mission impossible et Mi Amor<\/div>\n<\/p><\/div>\n<p>\t\t\t\t\t\t\t\t\t\t<\/a>\n\t\t\t\t\t\t\t\t\t<\/div>\n<div class=\"post-card mobile\">\n\t\t\t\t\t\t\t\t\t\t<a class=\"post-link d-flex\" href=\"https:\/\/numero.com\/culture\/cinema\/pom-klementieff-interview-films\/\"><\/p>\n<div class=\"container-img\">\n\t\t\t\t\t\t\t\t\t\t\t\t<img decoding=\"async\" width=\"640\" height=\"804\" src=\"https:\/\/numero.com\/wp-content\/uploads\/2025\/05\/pom-klementieff-1-768x965.jpg\" class=\"img-fluid\" alt=\"Pom Klementieff by Lorenzo Agius for Paramount Pictures. Stylist: Brett Alan Nelson \/ The Only Agency.\" loading=\"lazy\">\t\t\t\t\t\t\t\t\t\t\t\t<\/p>\n<div class=\"number\">05<\/div>\n<\/p><\/div>\n<div class=\"card-info d-flex\">\n<div>\n<p class=\"cat-title\">Cin\u00e9ma<\/p>\n<h3 class=\"post-title\">Les confessions de Pom Klementieff, star de Mission impossible et Mi Amor<\/h3>\n<\/p><\/div>\n<p class=\"date\">\n\t\t\t\t\t\t\t\t\t\t\t\t\t5 mai 2026\t\t\t\t\t\t\t\t\t\t\t\t<\/p>\n<\/p><\/div>\n<p>\t\t\t\t\t\t\t\t\t\t<\/a>\n\t\t\t\t\t\t\t\t\t<\/div>\n<\/p><\/div>\n<div class=\"col-lg-3\">\n<div class=\"post-card desktop\">\n\t\t\t\t\t\t\t\t\t\t<a class=\"post-link\" href=\"https:\/\/numero.com\/culture\/cinema\/demi-moore-the-substance-projets\/\"><\/p>\n<div class=\"container-img\">\n\t\t\t\t\t\t\t\t\t\t\t\t<img decoding=\"async\" width=\"640\" height=\"804\" src=\"https:\/\/numero.com\/wp-content\/uploads\/2025\/01\/demi-moore-sag-awards-768x965.jpg\" class=\"img-fluid\" alt=\"Demi Moore aux SAG Awards.\" loading=\"lazy\">\t\t\t\t\t\t\t\t\t\t\t\t<\/p>\n<div class=\"number\">05<\/div>\n<\/p><\/div>\n<div class=\"card-info\">\n<div class=\"meta d-flex justify-content-between\">\n<p class=\"cat-title\">Cin\u00e9ma<\/p>\n<p class=\"date\">\n\t\t\t\t\t\t\t\t\t\t\t\t\t\t5 mai 2026\t\t\t\t\t\t\t\t\t\t\t\t\t<\/p>\n<\/p><\/div>\n<div class=\"post-title\">Cannes 2026 : La revanche inspirante de Demi Moore, nouvelle membre du jury, sur Hollywood<\/div>\n<\/p><\/div>\n<p>\t\t\t\t\t\t\t\t\t\t<\/a>\n\t\t\t\t\t\t\t\t\t<\/div>\n<div class=\"post-card mobile\">\n\t\t\t\t\t\t\t\t\t\t<a class=\"post-link d-flex\" href=\"https:\/\/numero.com\/culture\/cinema\/demi-moore-the-substance-projets\/\"><\/p>\n<div class=\"container-img\">\n\t\t\t\t\t\t\t\t\t\t\t\t<img decoding=\"async\" width=\"640\" height=\"804\" src=\"https:\/\/numero.com\/wp-content\/uploads\/2025\/01\/demi-moore-sag-awards-768x965.jpg\" class=\"img-fluid\" alt=\"Demi Moore aux SAG Awards.\" loading=\"lazy\">\t\t\t\t\t\t\t\t\t\t\t\t<\/p>\n<div class=\"number\">05<\/div>\n<\/p><\/div>\n<div class=\"card-info d-flex\">\n<div>\n<p class=\"cat-title\">Cin\u00e9ma<\/p>\n<h3 class=\"post-title\">Cannes 2026 : La revanche inspirante de Demi Moore, nouvelle membre du jury, sur Hollywood<\/h3>\n<\/p><\/div>\n<p class=\"date\">\n\t\t\t\t\t\t\t\t\t\t\t\t\t5 mai 2026\t\t\t\t\t\t\t\t\t\t\t\t<\/p>\n<\/p><\/div>\n<p>\t\t\t\t\t\t\t\t\t\t<\/a>\n\t\t\t\t\t\t\t\t\t<\/div>\n<\/p><\/div>\n<div class=\"col-lg-3\">\n<div class=\"post-card desktop\">\n\t\t\t\t\t\t\t\t\t\t<a class=\"post-link\" href=\"https:\/\/numero.com\/culture\/cinema\/zoey-deutch-nouvelle-vague-interview\/\"><\/p>\n<div class=\"container-img\">\n\t\t\t\t\t\t\t\t\t\t\t\t<img decoding=\"async\" width=\"640\" height=\"804\" src=\"https:\/\/numero.com\/wp-content\/uploads\/2025\/05\/zoey-deutch-2-768x965.jpg\" class=\"img-fluid\" alt=\"Zoey Deutch en Chanel au Festival de Cannes.\" loading=\"lazy\">\t\t\t\t\t\t\t\t\t\t\t\t<\/p>\n<div class=\"number\">05<\/div>\n<\/p><\/div>\n<div class=\"card-info\">\n<div class=\"meta d-flex justify-content-between\">\n<p class=\"cat-title\">Cin\u00e9ma<\/p>\n<p class=\"date\">\n\t\t\t\t\t\t\t\t\t\t\t\t\t\t5 mai 2026\t\t\t\t\t\t\t\t\t\t\t\t\t<\/p>\n<\/p><\/div>\n<div class=\"post-title\">Les confidences de Zoey Deutch, la magn\u00e9tique h\u00e9ro\u00efne du film Nouvelle Vague<\/div>\n<\/p><\/div>\n<p>\t\t\t\t\t\t\t\t\t\t<\/a>\n\t\t\t\t\t\t\t\t\t<\/div>\n<div class=\"post-card mobile\">\n\t\t\t\t\t\t\t\t\t\t<a class=\"post-link d-flex\" href=\"https:\/\/numero.com\/culture\/cinema\/zoey-deutch-nouvelle-vague-interview\/\"><\/p>\n<div class=\"container-img\">\n\t\t\t\t\t\t\t\t\t\t\t\t<img decoding=\"async\" width=\"640\" height=\"804\" src=\"https:\/\/numero.com\/wp-content\/uploads\/2025\/05\/zoey-deutch-2-768x965.jpg\" class=\"img-fluid\" alt=\"Zoey Deutch en Chanel au Festival de Cannes.\" loading=\"lazy\">\t\t\t\t\t\t\t\t\t\t\t\t<\/p>\n<div class=\"number\">05<\/div>\n<\/p><\/div>\n<div class=\"card-info d-flex\">\n<div>\n<p class=\"cat-title\">Cin\u00e9ma<\/p>\n<h3 class=\"post-title\">Les confidences de Zoey Deutch, la magn\u00e9tique h\u00e9ro\u00efne du film Nouvelle Vague<\/h3>\n<\/p><\/div>\n<p class=\"date\">\n\t\t\t\t\t\t\t\t\t\t\t\t\t5 mai 2026\t\t\t\t\t\t\t\t\t\t\t\t<\/p>\n<\/p><\/div>\n<p>\t\t\t\t\t\t\t\t\t\t<\/a>\n\t\t\t\t\t\t\t\t\t<\/div>\n<\/p><\/div>\n<div class=\"col-lg-3\">\n<div class=\"post-card desktop\">\n\t\t\t\t\t\t\t\t\t\t<a class=\"post-link\" href=\"https:\/\/numero.com\/culture\/cinema\/films-series-programme-streaming-2026\/\"><\/p>\n<div class=\"container-img\">\n\t\t\t\t\t\t\t\t\t\t\t\t<img decoding=\"async\" width=\"640\" height=\"804\" src=\"https:\/\/numero.com\/wp-content\/uploads\/2026\/03\/Berlin-et-La-Dame-a-lhermine-768x965.jpg\" class=\"img-fluid\" alt=\"Inma Cuesta et Pedro Alonso dans la s\u00e9rie Berlin et La Dame \u00e0 l\u2019hermine (2026) \u00a9 Felipe Hern\u00e1ndez\/Netflix.\" loading=\"lazy\">\t\t\t\t\t\t\t\t\t\t\t\t<\/p>\n<div class=\"number\">04<\/div>\n<\/p><\/div>\n<div class=\"card-info\">\n<div class=\"meta d-flex justify-content-between\">\n<p class=\"cat-title\">Cin\u00e9ma<\/p>\n<p class=\"date\">\n\t\t\t\t\t\t\t\t\t\t\t\t\t\t4 mai 2026\t\t\t\t\t\t\t\t\t\t\t\t\t<\/p>\n<\/p><\/div>\n<div class=\"post-title\">Les films et les s\u00e9ries \u00e0 voir en streaming en mai 2026<\/div>\n<\/p><\/div>\n<p>\t\t\t\t\t\t\t\t\t\t<\/a>\n\t\t\t\t\t\t\t\t\t<\/div>\n<div class=\"post-card mobile\">\n\t\t\t\t\t\t\t\t\t\t<a class=\"post-link d-flex\" href=\"https:\/\/numero.com\/culture\/cinema\/films-series-programme-streaming-2026\/\"><\/p>\n<div class=\"container-img\">\n\t\t\t\t\t\t\t\t\t\t\t\t<img decoding=\"async\" width=\"640\" height=\"804\" src=\"https:\/\/numero.com\/wp-content\/uploads\/2026\/03\/Berlin-et-La-Dame-a-lhermine-768x965.jpg\" class=\"img-fluid\" alt=\"Inma Cuesta et Pedro Alonso dans la s\u00e9rie Berlin et La Dame \u00e0 l\u2019hermine (2026) \u00a9 Felipe Hern\u00e1ndez\/Netflix.\" loading=\"lazy\">\t\t\t\t\t\t\t\t\t\t\t\t<\/p>\n<div class=\"number\">04<\/div>\n<\/p><\/div>\n<div class=\"card-info d-flex\">\n<div>\n<p class=\"cat-title\">Cin\u00e9ma<\/p>\n<h3 class=\"post-title\">Les films et les s\u00e9ries \u00e0 voir en streaming en mai 2026<\/h3>\n<\/p><\/div>\n<p class=\"date\">\n\t\t\t\t\t\t\t\t\t\t\t\t\t4 mai 2026\t\t\t\t\t\t\t\t\t\t\t\t<\/p>\n<\/p><\/div>\n<p>\t\t\t\t\t\t\t\t\t\t<\/a>\n\t\t\t\t\t\t\t\t\t<\/div>\n<\/p><\/div>\n<\/p><\/div>\n<\/p><\/div>\n<\/section>\n<div class=\"padding-bottom-s\">\n<div class=\"ad banner desktop\">\n<div class=\"container\">\n<div class=\"row\">\n            <!-- \/21730003857\/numero-ad-unit\/numero-banner-1 --><\/p>\n<div id=\"div-gpt-ad-1773673267712-0\" style=\"min-width: 350px\">\n<p>                    googletag.cmd.push(function () {<br \/>\n                        googletag.display(&#8216;div-gpt-ad-1773673267712-0&#8217;);<br \/>\n                    });<\/p><\/div>\n<\/p><\/div>\n<\/p><\/div>\n<\/div><\/div>\n<\/p><\/div>\n","protected":false},"excerpt":{"rendered":"<p>5 5 googletag.cmd.push(function () { googletag.display(&#8216;div-gpt-ad-1773673590069-0&#8217;); }); Lien copi\u00e9 Cin\u00e9ma 5 mai 2026 L\u2019Odyss\u00e9e de Christopher Nolan se d\u00e9voile dans une bande-annonce \u00e9pique Apr\u00e8s le film \u00e0 succ\u00e8s Oppenheimer, le r\u00e9alisateur Christopher Nolan sortira en juillet 2026 le film L\u2019Odyss\u00e9e (The Odyssey) avec Matt Damon, Charlize Theron, Zendaya, Anne Hathaway, Robert Pattinson et Tom Holland. [&hellip;]<\/p>\n","protected":false},"author":1,"featured_media":0,"comment_status":"open","ping_status":"","sticky":false,"template":"","format":"standard","meta":{"footnotes":""},"categories":[1],"tags":[226,258],"class_list":["post-1918782","post","type-post","status-publish","format-standard","hentry","category-uncategorized","tag-crawlmanager","tag-numero-com"],"_links":{"self":[{"href":"https:\/\/analyse.optim.biz\/index.php?rest_route=\/wp\/v2\/posts\/1918782","targetHints":{"allow":["GET"]}}],"collection":[{"href":"https:\/\/analyse.optim.biz\/index.php?rest_route=\/wp\/v2\/posts"}],"about":[{"href":"https:\/\/analyse.optim.biz\/index.php?rest_route=\/wp\/v2\/types\/post"}],"author":[{"embeddable":true,"href":"https:\/\/analyse.optim.biz\/index.php?rest_route=\/wp\/v2\/users\/1"}],"replies":[{"embeddable":true,"href":"https:\/\/analyse.optim.biz\/index.php?rest_route=%2Fwp%2Fv2%2Fcomments&post=1918782"}],"version-history":[{"count":0,"href":"https:\/\/analyse.optim.biz\/index.php?rest_route=\/wp\/v2\/posts\/1918782\/revisions"}],"wp:attachment":[{"href":"https:\/\/analyse.optim.biz\/index.php?rest_route=%2Fwp%2Fv2%2Fmedia&parent=1918782"}],"wp:term":[{"taxonomy":"category","embeddable":true,"href":"https:\/\/analyse.optim.biz\/index.php?rest_route=%2Fwp%2Fv2%2Fcategories&post=1918782"},{"taxonomy":"post_tag","embeddable":true,"href":"https:\/\/analyse.optim.biz\/index.php?rest_route=%2Fwp%2Fv2%2Ftags&post=1918782"}],"curies":[{"name":"wp","href":"https:\/\/api.w.org\/{rel}","templated":true}]}}