{"id":191803,"date":"2014-11-28T18:18:42","date_gmt":"2014-11-28T15:18:42","guid":{"rendered":"https:\/\/analyse.optim.biz\/?p=191803"},"modified":"2014-11-28T18:18:42","modified_gmt":"2014-11-28T15:18:42","slug":"radu-mazare-sustine-ca-nu-este-interesat-de-tiganeala-de-partid","status":"publish","type":"post","link":"https:\/\/analyse.optim.biz\/?p=191803","title":{"rendered":"Radu Maz\u0103re sus\u0163ine c\u0103 nu este interesat de \u201e\u0163ig\u0103neala de partid\u201d"},"content":{"rendered":"<div class=\"entry data-app-meta data-app-meta-article\" data-embed-base-url-canonical=\"https:\/\/www.digi24.ro\/embed\/stiri\/actualitate\/politica\/radu-mazare-sustine-ca-nu-este-interesat-de-tiganeala-de-partid-327881\">\n<p data-index=\"1\"><img decoding=\"async\" src=\"https:\/\/analyse.optim.biz\/wp-content\/uploads\/2024\/09\/ngrimtcyngu3nzyzztvln2myyzuwmzrim2ewza-thumb_.jpg\" data-skip-htmlfix=\"1\" title=\"ngrimtcyngu3nzyzztvln2myyzuwmzrim2ewza-thumb_\"><\/p>\n<p data-index=\"2\">\u00centrebat de jurnali\u015fti, vineri, ce p\u0103rere are despre scandalul PSD din ultimele zile \u015fi despre unele afirma\u0163ii ale unor social-democra\u0163i care \u00eel vizau \u00een mod direct,\u00a0Radu Maz\u0103re\u00a0a r\u0103spuns: \u201eNu m\u0103 intereseaz\u0103 ce zice \u0103la, nici ce zice cel\u0103lalt, nici \u0163ig\u0103neal\u0103 de partid. Am alt\u0103 treab\u0103 acum. Restul nu comentez\u201d, scrie Mediafax..<\/p>\n<p data-index=\"3\"><strong>Maz\u0103re a recunoscut c\u0103 \u00een prezent pentru el este mai important proiectul legat de pagina de Facebook a Prim\u0103riei Constan\u0163a, de care se ocup\u0103 \u00een mod direct \u015fi pe care dore\u015fte s\u0103 o lanseze s\u0103pt\u0103m\u00e2na viitoare dec\u00e2t ceea ce se \u00eent\u00e2mpl\u0103 \u00een PSD.<\/strong><\/p>\n<p data-index=\"4\">Deputatul PSD\u00a0Sebastian Ghi\u021b\u0103\u00a0afirm\u0103, \u00eentr-o declara\u0163ie dat\u0103 publicit\u0103\u0163ii joi, dup\u0103 \u015fedin\u0163a conducerii PSD, c\u0103 e momentul ca\u00a0Ion Iliescu\u00a0s\u0103 se retrag\u0103 \u015fi c\u0103 ar trebui \u015fi ca to\u0163i cei cu probleme s\u0103 fie suspenda\u0163i din partid, enumer\u00e2ndu-i pe Maz\u0103re, Constantinescu, Duicu, Pendiuc, Mocanu, Hrebenciuc.Mircea Geoan\u0103,\u00a0Marian Vanghelie\u00a0\u015fi Dan \u015eova au fost exclu\u015fi din PSD, \u00een urma \u015fedin\u0163ei de joi a Comitetului Executiv Na\u0163ional al partidului.<\/p>\n<p data-index=\"5\"><a href=\"https:\/\/www.digi24.ro\/Stiri\/Digi24\/Actualitate\/Politica\/Sebastian+Ghita+a+demisionat+din+PSD\" target=\"_blank\" data-skip-linkfix=\"1\" rel=\"noopener\"><span>DEMISIE DIN PSD. Sebastian Ghi\u021b\u0103, la Digi24: \u00centre mine \u0219i Victor Ponta exist\u0103 o diferen\u021b\u0103 de vitez\u0103, nu de con\u021binut \u00eentre ceea ce credem, ce g\u00e2ndim<\/span><\/a><\/p>\n<p data-index=\"6\"><a href=\"https:\/\/www.digi24.ro\/Stiri\/Digi24\/Actualitate\/Politica\/V+Ponta+despre+excluderile+din+PSD\" target=\"_blank\" data-skip-linkfix=\"1\" rel=\"noopener\"><span>Victor Ponta, despre excluderile din PSD: \u201eUneori e nevoie de decizii radicale\u201d<\/span><\/a><\/p>\n<\/div>\n<p> Source URL: https:\/\/www.digi24.ro\/stiri\/actualitate\/politica\/radu-mazare-sustine-ca-nu-este-interesat-de-tiganeala-de-partid-327881<\/p>\n","protected":false},"excerpt":{"rendered":"<p>\u00centrebat de jurnali\u015fti, vineri, ce p\u0103rere are despre scandalul PSD din ultimele zile \u015fi despre unele afirma\u0163ii ale unor social-democra\u0163i care \u00eel vizau \u00een mod direct,\u00a0Radu Maz\u0103re\u00a0a r\u0103spuns: \u201eNu m\u0103 intereseaz\u0103 ce zice \u0103la, nici ce zice cel\u0103lalt, nici \u0163ig\u0103neal\u0103 de partid. Am alt\u0103 treab\u0103 acum. Restul nu comentez\u201d, scrie Mediafax.. Maz\u0103re a recunoscut c\u0103 [&hellip;]<\/p>\n","protected":false},"author":1,"featured_media":191804,"comment_status":"open","ping_status":"","sticky":false,"template":"","format":"standard","meta":{"footnotes":""},"categories":[2],"tags":[11],"class_list":["post-191803","post","type-post","status-publish","format-standard","has-post-thumbnail","hentry","category-politics","tag-digi24"],"_links":{"self":[{"href":"https:\/\/analyse.optim.biz\/index.php?rest_route=\/wp\/v2\/posts\/191803","targetHints":{"allow":["GET"]}}],"collection":[{"href":"https:\/\/analyse.optim.biz\/index.php?rest_route=\/wp\/v2\/posts"}],"about":[{"href":"https:\/\/analyse.optim.biz\/index.php?rest_route=\/wp\/v2\/types\/post"}],"author":[{"embeddable":true,"href":"https:\/\/analyse.optim.biz\/index.php?rest_route=\/wp\/v2\/users\/1"}],"replies":[{"embeddable":true,"href":"https:\/\/analyse.optim.biz\/index.php?rest_route=%2Fwp%2Fv2%2Fcomments&post=191803"}],"version-history":[{"count":0,"href":"https:\/\/analyse.optim.biz\/index.php?rest_route=\/wp\/v2\/posts\/191803\/revisions"}],"wp:featuredmedia":[{"embeddable":true,"href":"https:\/\/analyse.optim.biz\/index.php?rest_route=\/wp\/v2\/media\/191804"}],"wp:attachment":[{"href":"https:\/\/analyse.optim.biz\/index.php?rest_route=%2Fwp%2Fv2%2Fmedia&parent=191803"}],"wp:term":[{"taxonomy":"category","embeddable":true,"href":"https:\/\/analyse.optim.biz\/index.php?rest_route=%2Fwp%2Fv2%2Fcategories&post=191803"},{"taxonomy":"post_tag","embeddable":true,"href":"https:\/\/analyse.optim.biz\/index.php?rest_route=%2Fwp%2Fv2%2Ftags&post=191803"}],"curies":[{"name":"wp","href":"https:\/\/api.w.org\/{rel}","templated":true}]}}