{"id":191781,"date":"2014-11-28T20:24:55","date_gmt":"2014-11-28T17:24:55","guid":{"rendered":"https:\/\/analyse.optim.biz\/?p=191781"},"modified":"2014-11-28T20:24:55","modified_gmt":"2014-11-28T17:24:55","slug":"culisele-sedintei-cu-excluderi-din-psd-lider-local-majoritatea-are-intotdeauna-dreptate-eu-am-votat-pentru","status":"publish","type":"post","link":"https:\/\/analyse.optim.biz\/?p=191781","title":{"rendered":"Culisele \u0219edin\u021bei cu excluderi din PSD. Lider local: \u201eMajoritatea are \u00eentotdeauna dreptate. Eu am votat pentru!\u201d"},"content":{"rendered":"<div class=\"entry data-app-meta data-app-meta-article\" data-embed-base-url-canonical=\"https:\/\/www.digi24.ro\/embed\/stiri\/actualitate\/politica\/culisele-sedintei-cu-excluderi-din-psd-lider-local-majoritatea-are-intotdeauna-dreptate-eu-am-votat-pentru-327951\">\n<p data-index=\"1\">\u201e<span>S\u0103 lu\u0103m m\u0103suri ferme cu cei care de fapt se abat de la disciplina de partid\u201d, spune Gheorghe Nichita, pre\u0219edintele PSD Ia\u0219i.<\/span><\/p>\n<p data-index=\"2\">\u201eNu am v\u0103zut \u00een via\u021ba mea asemenea execu\u021bie nici la Partidul Comunist\u201d, a fost reac\u021bia unuia dintre cei exclu\u0219i, Marian Vanghelie.<\/p>\n<p data-index=\"3\">Dup\u0103 <a href=\"https:\/\/www.digi24.ro\/Stiri\/Digi24\/Actualitate\/Politica\/REUNIUNE+PSD+COMITET+NATIONAL+CONGRES+PONTA+EXCLUDERI\" target=\"_blank\" data-skip-linkfix=\"1\" rel=\"noopener\">elimin\u0103rile de ieri<\/a> au curs \u015fi explica\u0163iile \u015fi acuza\u0163iile. Verdictul a venit dup\u0103 360 de minute de discu\u0163ii tensionate. Doar Ion Iliescu \u015fi un europarlamentar au fost \u00eempotriva exluderilor.<\/p>\n<p data-index=\"4\">\u201eMajoritatea are \u00eentotdeauna dreptate. Eu am votat pentru!\u201d, a spus Radu Stroe, vicepre\u015fedinte pentru Regiunea Nord-Vest.<\/p>\n<p data-index=\"5\">\u201eDup\u0103 alegeri, colegii no\u015ftri au ie\u015fit \u015fi au f\u0103cut declara\u0163ii pe care trebuiau s\u0103 le \u0163in\u0103 pentru ei\u201d, afirm\u0103 \u0219i senatorul Nicolae Moga.<\/p>\n<p data-index=\"6\">\u201eDec\u00e2t cu foarte mult\u0103 m\u00e2hnire am votat-o dar era o solu\u0163ie de a tempera o disput\u0103 intern\u0103\u201d, este opinia Adrian \u0162u\u0163uianu, pre\u015fedintele PSD D\u00e2mbovi\u0163a.<\/p>\n<p data-index=\"7\">Mircea Geoan\u0103, Marian Vanghelie \u015fi Dan \u015eova au fost exclu\u015fi din PSD \u015fi acuza\u0163i c\u0103 ar fi \u00eencercat s\u0103 schimbe conducerea partidului. Disciplina a fost cuv\u00e2ntul cheie al \u015fedin\u0163ei, povestesc participan\u0163ii. \u00cen rest, discu\u0163iile au fost constructive \u015fi a fost evitat cuv\u00e2ntul demisie. O spune \u015feful organiza\u0163iei Cluj, unde e\u015fecul a fost r\u0103sun\u0103tor: Klaus Iohannis a c\u00e2\u015ftigat peste 70% dintre voturi.<\/p>\n<p data-index=\"8\">\u201e<span>Mie nu mi-a repro\u015fat nimeni nimic ieri. Am pierdut alegerile, am tras linie, urmeaz\u0103 alegeri \u00een 2016\u201d, a spus Adrian \u0162u\u0163uianu, pre\u015fedintele PSD D\u00e2mbovi\u0163a.\u00a0<\/span><\/p>\n<\/div>\n<p> Source URL: https:\/\/www.digi24.ro\/stiri\/actualitate\/politica\/culisele-sedintei-cu-excluderi-din-psd-lider-local-majoritatea-are-intotdeauna-dreptate-eu-am-votat-pentru-327951<\/p>\n","protected":false},"excerpt":{"rendered":"<p>\u201eS\u0103 lu\u0103m m\u0103suri ferme cu cei care de fapt se abat de la disciplina de partid\u201d, spune Gheorghe Nichita, pre\u0219edintele PSD Ia\u0219i. \u201eNu am v\u0103zut \u00een via\u021ba mea asemenea execu\u021bie nici la Partidul Comunist\u201d, a fost reac\u021bia unuia dintre cei exclu\u0219i, Marian Vanghelie. Dup\u0103 elimin\u0103rile de ieri au curs \u015fi explica\u0163iile \u015fi acuza\u0163iile. Verdictul a [&hellip;]<\/p>\n","protected":false},"author":1,"featured_media":191782,"comment_status":"open","ping_status":"","sticky":false,"template":"","format":"standard","meta":{"footnotes":""},"categories":[2],"tags":[11],"class_list":["post-191781","post","type-post","status-publish","format-standard","has-post-thumbnail","hentry","category-politics","tag-digi24"],"_links":{"self":[{"href":"https:\/\/analyse.optim.biz\/index.php?rest_route=\/wp\/v2\/posts\/191781","targetHints":{"allow":["GET"]}}],"collection":[{"href":"https:\/\/analyse.optim.biz\/index.php?rest_route=\/wp\/v2\/posts"}],"about":[{"href":"https:\/\/analyse.optim.biz\/index.php?rest_route=\/wp\/v2\/types\/post"}],"author":[{"embeddable":true,"href":"https:\/\/analyse.optim.biz\/index.php?rest_route=\/wp\/v2\/users\/1"}],"replies":[{"embeddable":true,"href":"https:\/\/analyse.optim.biz\/index.php?rest_route=%2Fwp%2Fv2%2Fcomments&post=191781"}],"version-history":[{"count":0,"href":"https:\/\/analyse.optim.biz\/index.php?rest_route=\/wp\/v2\/posts\/191781\/revisions"}],"wp:featuredmedia":[{"embeddable":true,"href":"https:\/\/analyse.optim.biz\/index.php?rest_route=\/wp\/v2\/media\/191782"}],"wp:attachment":[{"href":"https:\/\/analyse.optim.biz\/index.php?rest_route=%2Fwp%2Fv2%2Fmedia&parent=191781"}],"wp:term":[{"taxonomy":"category","embeddable":true,"href":"https:\/\/analyse.optim.biz\/index.php?rest_route=%2Fwp%2Fv2%2Fcategories&post=191781"},{"taxonomy":"post_tag","embeddable":true,"href":"https:\/\/analyse.optim.biz\/index.php?rest_route=%2Fwp%2Fv2%2Ftags&post=191781"}],"curies":[{"name":"wp","href":"https:\/\/api.w.org\/{rel}","templated":true}]}}